{"id":72734,"date":"2020-01-11T12:05:45","date_gmt":"2020-01-11T17:05:45","guid":{"rendered":"https:\/\/linitiative.ca\/International\/yennayer-2970-bouira-celebre-la-fete-dans-la-joie-et-la-convivialite\/"},"modified":"2020-01-11T12:05:45","modified_gmt":"2020-01-11T17:05:45","slug":"yennayer-2970-bouira-celebre-la-fete-dans-la-joie-et-la-convivialite","status":"publish","type":"post","link":"https:\/\/linitiative.ca\/International\/yennayer-2970-bouira-celebre-la-fete-dans-la-joie-et-la-convivialite\/","title":{"rendered":"Yennayer 2970: Bouira c\u00e9l\u00e8bre la f\u00eate dans la joie et la convivialit\u00e9"},"content":{"rendered":"<div readability=\"37\">\n<p><strong>BOUIRA- Le passage au nouvel an amazigh 2970 correspondant \u00e0 l\u2019ann\u00e9e 2020 est c\u00e9l\u00e9br\u00e9 dans un climat de joie et de convivialit\u00e9 \u00e0 Bouira, o\u00f9 une s\u00e9rie d\u2019activit\u00e9s culturelles ressuscitant les valeurs ancestrales de cette f\u00eate est organis\u00e9e \u00e0 travers plusieurs villes de la wilaya, a-t-on constat\u00e9.<\/strong><\/p>\n<\/div>\n<div readability=\"110\">\n<p>Au chef-lieu de la wilaya, la c\u00e9l\u00e9bration de Yennayer 2970 a pris tout son sens. C\u2019est dans une grande joie que les habitants de la ville et des villages p\u00e9riph\u00e9riques ont accueilli le nouvel an amazigh. Dans la matin\u00e9e, un grand nombre de visiteurs a afflu\u00e9 vers le grand boulevard longeant l\u2019Office des \u00e9tablissements de jeunes (ODEJ) et le si\u00e8ge de la wilaya, o\u00f9 une grande exposition d\u00e9di\u00e9e aux produits artisanaux traditionnels (habits, bijoux, plats, tapisseries, vannerie et objets).<\/p>\n<p>\u00ab\u00a0Aujourd\u2019hui c&rsquo;est la f\u00eate. Ici \u00e0 Bouira, nous f\u00eatons Yennayer ensemble dans la joie. Je suis venue avec mes deux filles pour vivre ces moments, c\u2019est magnifique\u00a0\u00bb, a avou\u00e9 Kahina. Certains visiteurs ont saisi cette occasion pour d\u00e9guster quelques plats traditionnels (cr\u00eapes, couscous aux f\u00e8ves, Sfenj, R&rsquo;fissa, figues s\u00e8ches et huile d\u2019olive) pr\u00e9par\u00e9s \u00e0 l\u2019occasion de Yennayer.<\/p>\n<p>D\u2019autres produits \u00e0 l\u2019image notamment de ceux du terroir, \u00e9taient pr\u00e9sents \u00e9galement \u00e0 cette exposition organis\u00e9e par l\u2019ODEJ de Bouira. \u00ab\u00a0Yennayer se veux une journ\u00e9e qui augure, selon la culture ancestrale des Amazighs, le labeur et la prosp\u00e9rit\u00e9. Donc nous avons organis\u00e9 cette exposition pour\u00a0faire valoir et connaitre notre patrimoine identitaire et historique aux nouvelles g\u00e9n\u00e9rations ainsi que pour f\u00eater Yennayer dans la fraternit\u00e9 et la joie\u00a0\u00bb, a confi\u00e9 le directeur de l\u2019ODEJ, K\u2019baili Mohamed.<\/p>\n<p>La maison de la culture Ali Za\u00e2moum de la ville de Bouira est, elle aussi, au rendez-vous, avec un programme riche et vari\u00e9. Une s\u00e9rie d\u2019expositions, d\u00e9di\u00e9e \u00e0 tous les produits artisanaux traditionnels berb\u00e8res, est organis\u00e9e samedi \u00e0 l\u2019entr\u00e9e de l\u2019\u00e9difice. \u00ab\u00a0C\u2019est \u00e0 l\u2019occasion de Yennayer 2970, que nous avions organis\u00e9 ces expositions afin de c\u00e9l\u00e9brer la f\u00eate dans la joie\u00a0\u00bb, a expliqu\u00e9 \u00e0 l\u2019APS, la directrice de la maison, Saliha Chirbi.<\/p>\n<p>Des rencontres po\u00e9tiques sont au menu de ce programme. Des conf\u00e9rences sur la c\u00e9l\u00e9bration du nouvel an amazigh seront \u00e9galement anim\u00e9es par des enseignants et chercheurs en tamazight. Des ateliers de contes pour enfants et un gala artistique sont aussi pr\u00e9vus \u00e0 cette occasion.<\/p>\n<p>Sur l\u2019esplanade jouxtant la maison de la culture, une ambiance de f\u00eate r\u00e9gnait samedi. Plusieurs familles, accompagn\u00e9es de leurs enfants, y sont sorties pour c\u00e9l\u00e9brer dans la joie et la liesse populaire\u00a0\u00bbAmenzu n Yennayer\u00a0\u00bb, consacr\u00e9e en 2018 f\u00eate nationale.<\/p>\n<p>Yennayer est le premier jour de l\u2019an du calendrier agraire utilis\u00e9 depuis l\u2019antiquit\u00e9 par le peuple Amazigh \u00e0 travers l\u2019Afrique du Nord. A Bouira, la f\u00eate est c\u00e9l\u00e9br\u00e9e dans les quatre coins de la wilaya, dont Imensi (d\u00eener) de Yennayer est la tradition commune ressuscit\u00e9e dans les diff\u00e9rentes r\u00e9gions.<\/p>\n<p>\u00ab\u00a0Imensi n Yennayer\u00a0\u00bb est le repas que les familles amazighes pr\u00e9parent chaque ann\u00e9e pour c\u00e9l\u00e9brer le passage \u00e0 un nouvel an. Le d\u00eener est pr\u00e9par\u00e9 avec du poulet, de la viande s\u00e9ch\u00e9e (acedluh) et des sept l\u00e9gumes (Sevaa Issoufar) pour agr\u00e9menter le couscous, qui est l\u2019\u00e9l\u00e9ment fondamental de l\u2019art culinaire amazigh.<\/p>\n<p>\u00ab\u00a0Au cours de ces festivit\u00e9s, nous avons pr\u00e9vu justement un concours du meilleur plat traditionnel (pour Imensi n Yennayer). Nous voulons inculquer aux g\u00e9n\u00e9rations montantes la culture ancestrale repr\u00e9sentant nos origines identitaires\u00a0\u00bb, a soulign\u00e9 Mme Chirbi.<\/p>\n<\/div>\n<p>Auteur:<br \/>\n<a href=\"http:\/\/www.aps.dz\/regions\/100006-yennayer-2970-bouira-celebre-la-fete-dans-la-joie-et-la-convivialite\">Cliquez ici pour lire l&rsquo;article depuis sa source.<\/a><\/p>\n","protected":false},"excerpt":{"rendered":"<p>BOUIRA- Le passage au nouvel an amazigh 2970 correspondant \u00e0 l\u2019ann\u00e9e 2020 est c\u00e9l\u00e9br\u00e9 dans un climat de joie et de convivialit\u00e9 \u00e0 Bouira, o\u00f9 une s\u00e9rie d\u2019activit\u00e9s culturelles ressuscitant les valeurs ancestrales de cette f\u00eate est organis\u00e9e \u00e0 travers plusieurs villes de la wilaya, a-t-on constat\u00e9. Au chef-lieu de la wilaya, la c\u00e9l\u00e9bration de [&hellip;]<\/p>\n","protected":false},"author":1790,"featured_media":0,"comment_status":"closed","ping_status":"closed","sticky":false,"template":"","format":"standard","meta":{"fifu_image_url":"","fifu_image_alt":"","footnotes":""},"categories":[53,76],"tags":[],"class_list":["post-72734","post","type-post","status-publish","format-standard","hentry","category-algerie","category-regions"],"_links":{"self":[{"href":"https:\/\/linitiative.ca\/International\/wp-json\/wp\/v2\/posts\/72734","targetHints":{"allow":["GET"]}}],"collection":[{"href":"https:\/\/linitiative.ca\/International\/wp-json\/wp\/v2\/posts"}],"about":[{"href":"https:\/\/linitiative.ca\/International\/wp-json\/wp\/v2\/types\/post"}],"author":[{"embeddable":true,"href":"https:\/\/linitiative.ca\/International\/wp-json\/wp\/v2\/users\/1790"}],"replies":[{"embeddable":true,"href":"https:\/\/linitiative.ca\/International\/wp-json\/wp\/v2\/comments?post=72734"}],"version-history":[{"count":0,"href":"https:\/\/linitiative.ca\/International\/wp-json\/wp\/v2\/posts\/72734\/revisions"}],"wp:attachment":[{"href":"https:\/\/linitiative.ca\/International\/wp-json\/wp\/v2\/media?parent=72734"}],"wp:term":[{"taxonomy":"category","embeddable":true,"href":"https:\/\/linitiative.ca\/International\/wp-json\/wp\/v2\/categories?post=72734"},{"taxonomy":"post_tag","embeddable":true,"href":"https:\/\/linitiative.ca\/International\/wp-json\/wp\/v2\/tags?post=72734"}],"curies":[{"name":"wp","href":"https:\/\/api.w.org\/{rel}","templated":true}]}}