{"id":72735,"date":"2020-01-11T12:53:20","date_gmt":"2020-01-11T17:53:20","guid":{"rendered":"https:\/\/linitiative.ca\/International\/tipasa-ouverture-dun-colloque-scientifique-sur-yennayer\/"},"modified":"2020-01-11T12:53:20","modified_gmt":"2020-01-11T17:53:20","slug":"tipasa-ouverture-dun-colloque-scientifique-sur-yennayer","status":"publish","type":"post","link":"https:\/\/linitiative.ca\/International\/tipasa-ouverture-dun-colloque-scientifique-sur-yennayer\/","title":{"rendered":"Tipasa : ouverture d&rsquo;un colloque scientifique sur Yennayer"},"content":{"rendered":"<div readability=\"41\">\n<p><strong>TIPASA- Un colloque scientifique sur \u00ab\u00a0Yennayer, symbole d&rsquo;une identit\u00e9 retrouv\u00e9e et monument historique \u00e0 valoriser\u00a0\u00bb, a \u00e9t\u00e9 ouvert, samedi \u00e0 Tipasa, \u00e0 l\u2019initiative du Haut commissariat \u00e0 l&rsquo;Amazighit\u00e9 (HCA), en collaboration avec la wilaya, \u00e0 l\u2019occasion de la c\u00e9l\u00e9bration officielle et nationale du nouvel an amazigh 2970 \u00ab\u00a0Yennayer\u00a0\u00bb.<\/strong><\/p>\n<\/div>\n<div readability=\"118.408243376\">\n<p>En proc\u00e9dant \u00e0 l\u2019ouverture de cette rencontre, \u00e0 laquelle \u00e9tait pr\u00e9sente la ministre de la Culture, Malika Bendouda, outre des chercheurs et acad\u00e9miciens, le Secr\u00e9taire g\u00e9n\u00e9ral du HCA, Si El Hachemi Assad a affirm\u00e9 que la \u00ab\u00a0cons\u00e9cration de Yennayer f\u00eate nationale et officielle, qui a suivi la reconnaissance de Tamazight en tant que langue nationale et officielle, sont le fruit d\u2019un long processus d\u2019un combat pacifique, conjugu\u00e9 aux efforts de l\u2019Etat pour conforter les fondements et constantes de la Nation, que sont l\u2019Islam, l\u2019Arabit\u00e9 et l&rsquo;Amazighit\u00e9\u00a0\u00bb, a-t-il observ\u00e9.<\/p>\n<p>Apr\u00e8s avoir soulign\u00e9 ces acquis, M. Si El Hachemi a appel\u00e9 \u00e0 la \u00ab\u00a0promotion de la langue Amazigh, \u00e0 travers des d\u00e9bats sereins, loin de toute d\u00e9magogie, politique et confusion\u00a0\u00bb, assurant, en outre, que le HCA \u0153uvre en vue de la \u00ab\u00a0promotion de toutes les variantes de la langue Amazigh, \u00e0 travers le pays, notamment par la g\u00e9n\u00e9ralisation de son enseignement, et la tenue de colloques scientifiques\u00a0\u00bb, a-t-il ajout\u00e9.<\/p>\n<p>Dans son intervention \u00e0 l\u2019occasion, la ministre de la Culture Malika Bendouda a, pour sa part, estim\u00e9 \u00ab\u00a0dangereux\u00a0\u00bb, que la \u00ab\u00a0question de l\u2019identit\u00e9 soit abord\u00e9e par des parties hors champ scientifique et acad\u00e9micien, et autres sp\u00e9cialistes du domaine, au vue des \u00e9volutions actuellement en cours en Alg\u00e9rie\u00a0\u00bb, a-t-elle soutenu.<\/p>\n<hr\/>\n<h3 class=\"allmode-title\"><span class=\"c29\">Lire aussi:\u00a0<\/span><a href=\"http:\/\/www.aps.dz\/regions\/99997-yennayer-une-halte-pour-rappeler-la-contribution-des-amazighs-aux-civilisations-mondiales\">Yennayer, une halte pour rappeler la contribution des Amazighs aux civilisations mondiales<\/a><\/h3>\n<hr\/>\n<p>\u00ab\u00a0Nous comptons \u0153uvrer de concert avec le HCA, et tous les acteurs concern\u00e9s (chercheurs et hommes de culture) en vue de restituer \u00e0 la question Tamazight sa place naturelle\u00a0\u00bb, a-t-elle ajout\u00e9, plaidant en outre, pour \u00ab\u00a0des identit\u00e9s r\u00e9concili\u00e9es entre elles(arabe et Tamazight), car on ne peut concevoir Tamazight en dehors de la maison Alg\u00e9rie, qui nous r\u00e9unie tous depuis des si\u00e8cles, alors que nous aspirons \u00e0 un avenir commun, avec les m\u00eames aspirations et r\u00eaves\u00a0\u00bb, a-t-elle observ\u00e9.<\/p>\n<p>La manifestation est anim\u00e9e par des acad\u00e9miciens, \u00e0 l\u2019instar du Professeur Mohamed El Hadi Harech, Chams Eddine Chitour, la chercheuse Louisa Galiz, Dr Mahfoud Ferroukhi, Dr Boudjemaa Haichour ainsi que les professeurs universitaires Abdennaceur Kadjiba, Youcef Necib, Toufik Aouni, Mohamed Serridj et Salem Ben Zayed.<\/p>\n<p>Aussi, le colloque comprendra trois assises suivies de d\u00e9bats abordant des th\u00e8mes ayant trait \u00e0 l&rsquo;Histoire, aux calendriers des anciens peuples et amazigh, au patrimoine mat\u00e9riel et immat\u00e9riel, \u00e0 la cohabitation, \u00e0 l&rsquo;identit\u00e9, aux manuscrits, aux traditions et coutumes, \u00e0 l&rsquo;histoire des Amazighs de la r\u00e9gion de Tipasa et \u00e0 d&rsquo;autres th\u00e8mes.<\/p>\n<p>En marge de ce colloque, il sera proc\u00e9d\u00e9 \u00e0 l&rsquo;installation d&rsquo;une commission de wilaya du patrimoine immat\u00e9riel, \u00e0 la conclusion de conventions de coop\u00e9ration entre l&rsquo;entreprise publique de T\u00e9l\u00e9vision (EPTV) et le Haut commissariat \u00e0 l&rsquo;Amazighit\u00e9 (HCA) et \u00e0 l&rsquo;installation de la 1\u00e8re promotion de journalistes et correspondants activant en Tamazight, outre d&rsquo;autres activit\u00e9s culturelles et artistiques.<\/p>\n<\/div>\n<p>Auteur:<br \/>\n<a href=\"http:\/\/www.aps.dz\/regions\/100010-tipasa-ouverture-d-un-colloque-scientifique-sur-yennayer\">Cliquez ici pour lire l&rsquo;article depuis sa source.<\/a><\/p>\n","protected":false},"excerpt":{"rendered":"<p>TIPASA- Un colloque scientifique sur \u00ab\u00a0Yennayer, symbole d&rsquo;une identit\u00e9 retrouv\u00e9e et monument historique \u00e0 valoriser\u00a0\u00bb, a \u00e9t\u00e9 ouvert, samedi \u00e0 Tipasa, \u00e0 l\u2019initiative du Haut commissariat \u00e0 l&rsquo;Amazighit\u00e9 (HCA), en collaboration avec la wilaya, \u00e0 l\u2019occasion de la c\u00e9l\u00e9bration officielle et nationale du nouvel an amazigh 2970 \u00ab\u00a0Yennayer\u00a0\u00bb. En proc\u00e9dant \u00e0 l\u2019ouverture de cette rencontre, [&hellip;]<\/p>\n","protected":false},"author":1790,"featured_media":0,"comment_status":"closed","ping_status":"closed","sticky":false,"template":"","format":"standard","meta":{"fifu_image_url":"","fifu_image_alt":"","footnotes":""},"categories":[53,76],"tags":[],"class_list":["post-72735","post","type-post","status-publish","format-standard","hentry","category-algerie","category-regions"],"_links":{"self":[{"href":"https:\/\/linitiative.ca\/International\/wp-json\/wp\/v2\/posts\/72735","targetHints":{"allow":["GET"]}}],"collection":[{"href":"https:\/\/linitiative.ca\/International\/wp-json\/wp\/v2\/posts"}],"about":[{"href":"https:\/\/linitiative.ca\/International\/wp-json\/wp\/v2\/types\/post"}],"author":[{"embeddable":true,"href":"https:\/\/linitiative.ca\/International\/wp-json\/wp\/v2\/users\/1790"}],"replies":[{"embeddable":true,"href":"https:\/\/linitiative.ca\/International\/wp-json\/wp\/v2\/comments?post=72735"}],"version-history":[{"count":0,"href":"https:\/\/linitiative.ca\/International\/wp-json\/wp\/v2\/posts\/72735\/revisions"}],"wp:attachment":[{"href":"https:\/\/linitiative.ca\/International\/wp-json\/wp\/v2\/media?parent=72735"}],"wp:term":[{"taxonomy":"category","embeddable":true,"href":"https:\/\/linitiative.ca\/International\/wp-json\/wp\/v2\/categories?post=72735"},{"taxonomy":"post_tag","embeddable":true,"href":"https:\/\/linitiative.ca\/International\/wp-json\/wp\/v2\/tags?post=72735"}],"curies":[{"name":"wp","href":"https:\/\/api.w.org\/{rel}","templated":true}]}}