{"id":72736,"date":"2020-01-10T20:33:11","date_gmt":"2020-01-11T01:33:11","guid":{"rendered":"https:\/\/linitiative.ca\/International\/rencontre-de-sensibilisation-a-lauto-entreprenariat\/"},"modified":"2020-01-10T20:33:11","modified_gmt":"2020-01-11T01:33:11","slug":"rencontre-de-sensibilisation-a-lauto-entreprenariat","status":"publish","type":"post","link":"https:\/\/linitiative.ca\/International\/rencontre-de-sensibilisation-a-lauto-entreprenariat\/","title":{"rendered":"Rencontre de sensibilisation \u00e0 l\u2019auto-entreprenariat"},"content":{"rendered":"<p class=\"c4\">L\u2019Association \u00ab\u00a0Oriental Moubadara\u00a0\u00bb a organis\u00e9, vendredi \u00e0 Oujda, une journ\u00e9e d\u2019\u00e9tude autour du lancement du programme de financement, d\u2019accompagnement et de formation des auto-entrepreneurs de la r\u00e9gion de l\u2019Oriental.<\/p>\n<p class=\"c4\">Initi\u00e9e en collaboration avec Maroc PME et la Chambre de Commerce, d\u2019industrie et de Services (CCIS) de l\u2019Oriental, cette rencontre d\u2019information et de sensibilisation s\u2019inscrit dans le cadre de la promotion de l\u2019esprit d\u2019entrepreneuriat et l\u2019auto-emploi des jeunes.<\/p>\n<p class=\"c4\">Elle a constitu\u00e9 une occasion pour fournir des explications d\u00e9taill\u00e9es sur les nouveaut\u00e9s et les avantages du statut d\u2019auto-entrepreneur, destin\u00e9 \u00e0 faciliter l\u2019int\u00e9gration des porteurs de projets dans le secteur formel et qui offre un nouveau m\u00e9canisme juridique pour absorber le ch\u00f4mage.<\/p>\n<p class=\"c4\">Le statut d\u2019auto-entrepreneur, mis en place en vertu de la loi 114-13, est l\u2019une des initiatives phares pour la promotion de l\u2019entrepreneuriat, ont soulign\u00e9 les intervenants qui ont mis l\u2019accent sur les avantages de ce cadre juridique et les d\u00e9marches d\u2019inscription au Registre Nationale de l\u2019Auto-Entrepreneur (RNAE) et de cr\u00e9ation de l\u2019auto-entreprise.<\/p>\n<p class=\"c4\">Pour le pr\u00e9sident de l\u2019Association \u00ab\u00a0Oriental Moubadara\u00a0\u00bb, Jawad Benaddi, cette rencontre de sensibilisation rentre dans le sillage du partenariat liant l\u2019association et Maroc PME et qui vise l\u2019accompagnement des auto-entrepreneurs et le financement des porteurs de projets \u00e0 travers des pr\u00eats d\u2019honneur.<\/p>\n<p class=\"c4\">Les jeunes ont beaucoup plus besoin d\u2019une formation et d\u2019un accompagnement, en amont et en aval, que du financement pour r\u00e9ussir leurs projets et apprendre \u00e0 d\u00e9passer les difficult\u00e9s rencontr\u00e9es dans la gestion de l\u2019entreprise, a-t-il fait remarquer.<\/p>\n<p class=\"c4\">Pour ce qui est des pr\u00eats d\u2019honneur, qui sont sans int\u00e9r\u00eats et sans garanties, M. Benaddi a expliqu\u00e9 que le plafond pour les auto-entrepreneurs, qui doivent \u00eatre \u00e2g\u00e9s de 18 ans et plus, est fix\u00e9 \u00e0 50.000 dirhams, et qu\u2019ils sont d\u00e9di\u00e9s exclusivement au financement des investissements en mat\u00e9riel de production et \u00e9quipements et pas au fonds de roulement.<\/p>\n<p class=\"c4\">\u00a0\u00bbNotre objectif dans le cadre du partenariat avec Maroc PME est de financer plus de cent projets au niveau de la r\u00e9gion de l\u2019Oriental pour promouvoir la cr\u00e9ation d\u2019emploi, et ce dans diff\u00e9rents secteurs d\u2019activit\u00e9\u00a0\u00bb, a-t-il dit.<\/p>\n<p class=\"c4\">De son c\u00f4t\u00e9, le premier vice-pr\u00e9sident de la CCIS de l\u2019Oriental, Brahim Fatchatt a relev\u00e9 que cette rencontre s\u2019inscrit dans le cadre de la strat\u00e9gie de la Chambre en mati\u00e8re de communication avec les petites entreprises qui jouent un r\u00f4le important dans le tissu \u00e9conomique.<\/p>\n<p class=\"c4\">Il a soulign\u00e9 dans son intervention le succ\u00e8s que conna\u00eet le statut de l\u2019entrepreneur quatre ans apr\u00e8s son lancement, et ce \u00e0 la faveur des avantages fiscaux en vigueur et des facilit\u00e9s octroy\u00e9es pour la cr\u00e9ation d\u2019une entreprise.<\/p>\n<p class=\"c4\">Selon lui, les efforts doivent porter non seulement sur la cr\u00e9ation d\u2019un nombre d\u00e9termin\u00e9 d\u2019entreprises dans le cadre de ce r\u00e9gime, mais aussi et surtout sur les moyens d\u2019assurer leur continuit\u00e9 \u00e0 travers l\u2019accompagnement, le financement et le renforcement de leurs capacit\u00e9s comp\u00e9titives afin qu\u2019elles puissent contribuer activement au processus de d\u00e9veloppement \u00e9conomique, tant au niveau r\u00e9gional qu\u2019\u00e0 l\u2019\u00e9chelon national.<\/p>\n<p>Auteur: Soufiane ELAHMAR<br \/>\n<a href=\"http:\/\/www.mapoujda.ma\/fr\/rencontre-de-sensibilisation-a-lauto-entreprenariat\/\">Cliquez ici pour lire l&rsquo;article depuis sa source.<\/a><\/p>\n","protected":false},"excerpt":{"rendered":"<p>L\u2019Association \u00ab\u00a0Oriental Moubadara\u00a0\u00bb a organis\u00e9, vendredi \u00e0 Oujda, une journ\u00e9e d\u2019\u00e9tude autour du lancement du programme de financement, d\u2019accompagnement et de formation des auto-entrepreneurs de la r\u00e9gion de l\u2019Oriental. Initi\u00e9e en collaboration avec Maroc PME et la Chambre de Commerce, d\u2019industrie et de Services (CCIS) de l\u2019Oriental, cette rencontre d\u2019information et de sensibilisation s\u2019inscrit dans [&hellip;]<\/p>\n","protected":false},"author":1788,"featured_media":0,"comment_status":"closed","ping_status":"closed","sticky":false,"template":"","format":"standard","meta":{"fifu_image_url":"","fifu_image_alt":"","footnotes":""},"categories":[54,76],"tags":[],"class_list":["post-72736","post","type-post","status-publish","format-standard","hentry","category-maroc","category-regions"],"_links":{"self":[{"href":"https:\/\/linitiative.ca\/International\/wp-json\/wp\/v2\/posts\/72736","targetHints":{"allow":["GET"]}}],"collection":[{"href":"https:\/\/linitiative.ca\/International\/wp-json\/wp\/v2\/posts"}],"about":[{"href":"https:\/\/linitiative.ca\/International\/wp-json\/wp\/v2\/types\/post"}],"author":[{"embeddable":true,"href":"https:\/\/linitiative.ca\/International\/wp-json\/wp\/v2\/users\/1788"}],"replies":[{"embeddable":true,"href":"https:\/\/linitiative.ca\/International\/wp-json\/wp\/v2\/comments?post=72736"}],"version-history":[{"count":0,"href":"https:\/\/linitiative.ca\/International\/wp-json\/wp\/v2\/posts\/72736\/revisions"}],"wp:attachment":[{"href":"https:\/\/linitiative.ca\/International\/wp-json\/wp\/v2\/media?parent=72736"}],"wp:term":[{"taxonomy":"category","embeddable":true,"href":"https:\/\/linitiative.ca\/International\/wp-json\/wp\/v2\/categories?post=72736"},{"taxonomy":"post_tag","embeddable":true,"href":"https:\/\/linitiative.ca\/International\/wp-json\/wp\/v2\/tags?post=72736"}],"curies":[{"name":"wp","href":"https:\/\/api.w.org\/{rel}","templated":true}]}}