{"id":72737,"date":"2020-01-11T10:27:22","date_gmt":"2020-01-11T15:27:22","guid":{"rendered":"https:\/\/linitiative.ca\/International\/lalcs-tient-a-oujda-ses-13emes-assises-nationales\/"},"modified":"2020-01-11T10:27:22","modified_gmt":"2020-01-11T15:27:22","slug":"lalcs-tient-a-oujda-ses-13emes-assises-nationales","status":"publish","type":"post","link":"https:\/\/linitiative.ca\/International\/lalcs-tient-a-oujda-ses-13emes-assises-nationales\/","title":{"rendered":"L\u2019ALCS tient \u00e0 Oujda ses 13\u00e8mes assises nationales"},"content":{"rendered":"<p class=\"c4\">L\u2019Association de lutte contre le Sida (ALCS) tient, du 10 au 12 janvier courant, ses 13\u00e8mes assises nationales, plac\u00e9es sous le th\u00e8me \u00abLa d\u00e9l\u00e9gation des t\u00e2ches pour mettre fin au VIH\u00bb.<\/p>\n<p class=\"c4\">Cette rencontre, qui se tient deux ans apr\u00e8s les derni\u00e8res assises nationales de l\u2019association, vise \u00e0 examiner les nouveaut\u00e9s et avanc\u00e9es enregistr\u00e9es dans le domaine de la lutte contre le VIH et les h\u00e9patites, que ce soit au niveau scientifique ou en mati\u00e8re d\u2019action sociale de pr\u00e9vention et de lutte contre cette maladie.<\/p>\n<p class=\"c4\">Il s\u2019agit aussi de repenser la strat\u00e9gie et les missions de l\u2019ALCS dans la lutte contre ce fl\u00e9au, selon une approche bas\u00e9e sur le droit \u00e0 la sant\u00e9 et les principes universels des droits de l\u2019Homme, indiquent les organisateurs.<\/p>\n<p class=\"c4\">Intervenant lors de la s\u00e9ance d\u2019ouverture de ces assises, tenue vendredi en pr\u00e9sence notamment du Wali de la r\u00e9gion de l\u2019Oriental, gouverneur de la pr\u00e9fecture d\u2019Oujda-Angad, Mouad El Jamai, le pr\u00e9sident de l\u2019ALCS, Mehdi Karkouri, a mis l\u2019accent sur l\u2019importance du principe de d\u00e9l\u00e9gation des t\u00e2ches, recommand\u00e9 depuis 2006 par l\u2019OMS et consacr\u00e9 par la conf\u00e9rence internationale d\u2019Addis-Abeba en 2008, et qui a prouv\u00e9 son efficacit\u00e9 dans l\u2019organisation des services de soins visant la lutte contre le SIDA.<\/p>\n<p class=\"c4\">Ce principe met l\u2019accent sur la flexibilit\u00e9 dans la d\u00e9l\u00e9gation des t\u00e2ches non seulement au personnel m\u00e9dical non sp\u00e9cialis\u00e9, mais \u00e9galement au personnel param\u00e9dical, aux cadres de sant\u00e9 (pharmaciens, techniciens de laboratoire et tout personnel intervenant dans les soins li\u00e9s au VIH) et aux agents communautaires, y compris les personnes vivant avec le VIH.<\/p>\n<p><img class=\"wp-image-17109 aligncenter\" data-src=\"http:\/\/www.mapoujda.ma\/map\/uploads\/2020\/01\/LALCS-tient-ses-13\u00e9me-assises-nationales-\u00e0-Oujda-M750\u00d7430-MAP.jpg\" alt=\"\" width=\"576\" height=\"330\" srcset=\"http:\/\/www.mapoujda.ma\/map\/uploads\/2020\/01\/LALCS-tient-ses-13\u00e9me-assises-nationales-\u00e0-Oujda-M750\u00d7430-MAP.jpg 750w, http:\/\/www.mapoujda.ma\/map\/uploads\/2020\/01\/LALCS-tient-ses-13\u00e9me-assises-nationales-\u00e0-Oujda-M750\u00d7430-MAP-300x172.jpg 300w\" sizes=\"(max-width: 576px) 100vw, 576px\"\/><\/p>\n<p class=\"c4\">Pour M. Karkouri, la d\u00e9l\u00e9gation des t\u00e2ches permet de gagner du temps, am\u00e9liorer le suivi des patients et surmonter la probl\u00e9matique du manque en ressources humaines et financi\u00e8res destin\u00e9es \u00e0 la lutte contre le Sida et les h\u00e9patites virales.<\/p>\n<p class=\"c4\">Ces assises nationales, auxquelles prennent part quelque 300 militants de l\u2019association, b\u00e9n\u00e9voles, repr\u00e9sentants des institutions partenaires et des experts du Maroc et d\u2019autres pays, constituent une occasion pour approfondir la r\u00e9flexion autour de la d\u00e9l\u00e9gation des t\u00e2ches, afin de d\u00e9terminer les domaines o\u00f9 ce principe peut \u00eatre appliqu\u00e9 avec succ\u00e8s, d\u00e9terminer les conditions de sa r\u00e9ussite et jeter les bases d\u2019une mobilisation soci\u00e9tale autour de ce th\u00e8me, a-t-il soulign\u00e9.<\/p>\n<p class=\"c4\">De son c\u00f4t\u00e9, la pr\u00e9sidente de la Coalition internationale Sida et ancienne pr\u00e9sidente de l\u2019ALCS, Hakima Himmich a exprim\u00e9 sa satisfaction de voir l\u2019ALCS continuer sur sa lanc\u00e9e depuis 32 ans en tant qu\u2019acteur essentiel dans ce domaine \u00e0 l\u2019\u00e9chelle nationale, r\u00e9gionale et internationale, notamment en tant que membre fondateur de la Coalition.<\/p>\n<p class=\"c4\">L\u2019objectif commun des membres de cette organisation internationale est de donner aux personnes vivant avec le VIH et en communaut\u00e9s \u00e0 risque le r\u00f4le cl\u00e9 qu\u2019elles doivent jouer dans la riposte au Sida, a-t-elle relev\u00e9, notant que ces communaut\u00e9s sont d\u00e9sormais reconnues pour leur r\u00f4le tr\u00e8s sp\u00e9cifique et impactant qu\u2019elles jouent en tendant la main aux personnes les plus vuln\u00e9rables, stigmatis\u00e9es et souvent criminalis\u00e9es, et qui sont les plus touch\u00e9es par les \u00e9pid\u00e9mies.<\/p>\n<p class=\"c4\">La premi\u00e8re journ\u00e9e de ces assises, organis\u00e9es en collaboration entre les sections de l\u2019ALCS d\u2019Oujda et de Nador, a \u00e9t\u00e9 marqu\u00e9e par un expos\u00e9 sur le th\u00e8me \u00abLa d\u00e9p\u00e9nalisation : une condition incontournable pour r\u00e9pondre aux d\u00e9fis de sant\u00e9, des droits humains et de d\u00e9veloppement li\u00e9es aux drogues\u00bb, pr\u00e9sent\u00e9 par Juan Fernandez Ochoa, du Consortium international sur les politiques des drogues.<\/p>\n<p class=\"c4\">Le programme de cette rencontre comporte plusieurs tables rondes et ateliers autour de th\u00e8mes li\u00e9s \u00e0 la d\u00e9l\u00e9gation de t\u00e2ches, le VIH et les h\u00e9patites virales, avec un accent mis sur les exp\u00e9riences innovantes et le r\u00f4le des associations communautaires dans ce domaine.<\/p>\n<p>Auteur: Soufiane ELAHMAR<br \/>\n<a href=\"http:\/\/www.mapoujda.ma\/fr\/lalcs-tient-a-oujda-ses-13emes-assises-nationales\/\">Cliquez ici pour lire l&rsquo;article depuis sa source.<\/a><\/p>\n","protected":false},"excerpt":{"rendered":"<p>L\u2019Association de lutte contre le Sida (ALCS) tient, du 10 au 12 janvier courant, ses 13\u00e8mes assises nationales, plac\u00e9es sous le th\u00e8me \u00abLa d\u00e9l\u00e9gation des t\u00e2ches pour mettre fin au VIH\u00bb. Cette rencontre, qui se tient deux ans apr\u00e8s les derni\u00e8res assises nationales de l\u2019association, vise \u00e0 examiner les nouveaut\u00e9s et avanc\u00e9es enregistr\u00e9es dans le [&hellip;]<\/p>\n","protected":false},"author":1788,"featured_media":72738,"comment_status":"closed","ping_status":"closed","sticky":false,"template":"","format":"standard","meta":{"fifu_image_url":"","fifu_image_alt":"","footnotes":""},"categories":[54,76],"tags":[],"class_list":["post-72737","post","type-post","status-publish","format-standard","has-post-thumbnail","hentry","category-maroc","category-regions"],"_links":{"self":[{"href":"https:\/\/linitiative.ca\/International\/wp-json\/wp\/v2\/posts\/72737","targetHints":{"allow":["GET"]}}],"collection":[{"href":"https:\/\/linitiative.ca\/International\/wp-json\/wp\/v2\/posts"}],"about":[{"href":"https:\/\/linitiative.ca\/International\/wp-json\/wp\/v2\/types\/post"}],"author":[{"embeddable":true,"href":"https:\/\/linitiative.ca\/International\/wp-json\/wp\/v2\/users\/1788"}],"replies":[{"embeddable":true,"href":"https:\/\/linitiative.ca\/International\/wp-json\/wp\/v2\/comments?post=72737"}],"version-history":[{"count":0,"href":"https:\/\/linitiative.ca\/International\/wp-json\/wp\/v2\/posts\/72737\/revisions"}],"wp:featuredmedia":[{"embeddable":true,"href":"https:\/\/linitiative.ca\/International\/wp-json\/"}],"wp:attachment":[{"href":"https:\/\/linitiative.ca\/International\/wp-json\/wp\/v2\/media?parent=72737"}],"wp:term":[{"taxonomy":"category","embeddable":true,"href":"https:\/\/linitiative.ca\/International\/wp-json\/wp\/v2\/categories?post=72737"},{"taxonomy":"post_tag","embeddable":true,"href":"https:\/\/linitiative.ca\/International\/wp-json\/wp\/v2\/tags?post=72737"}],"curies":[{"name":"wp","href":"https:\/\/api.w.org\/{rel}","templated":true}]}}