{"id":72739,"date":"2020-01-11T14:54:26","date_gmt":"2020-01-11T19:54:26","guid":{"rendered":"https:\/\/linitiative.ca\/International\/gmt1-les-academies-peuvent-adapter-les-horaires-scolaires\/"},"modified":"2020-01-11T14:54:26","modified_gmt":"2020-01-11T19:54:26","slug":"gmt1-les-academies-peuvent-adapter-les-horaires-scolaires","status":"publish","type":"post","link":"https:\/\/linitiative.ca\/International\/gmt1-les-academies-peuvent-adapter-les-horaires-scolaires\/","title":{"rendered":"GMT+1: Les acad\u00e9mies peuvent adapter les horaires scolaires"},"content":{"rendered":"<p class=\"rtejustify\">Les parents sont nombreux \u00e0 se plaindre de la duret\u00e9 des horaires scolaires en hiver, notamment en raison du GMT+1. Les acad\u00e9mies r\u00e9gionales de l\u2019\u00e9ducation et de la formation peuvent adapter l\u2019emploi du temps en fonction des sp\u00e9cificit\u00e9s locales. Une note minist\u00e9rielle leur permet d\u2019agir en toute autonomie. Seule condition: Une demande en bonne et due forme des conseils de gestion des \u00e9tablissements, repr\u00e9sentant \u00e0 la fois management des \u00e9coles, parents et \u00e9lus locaux.<\/p>\n<p class=\"rtejustify\"><em>A.Na\u00a0<\/em><\/p>\n<p>Auteur: hlafriqi<br \/>\n<a href=\"https:\/\/www.leconomiste.com\/article\/1055712-gmt1-les-academies-peuvent-adapter-les-horaires-scolaires\">Cliquez ici pour lire l&rsquo;article depuis sa source.<\/a><\/p>\n","protected":false},"excerpt":{"rendered":"<p>Les parents sont nombreux \u00e0 se plaindre de la duret\u00e9 des horaires scolaires en hiver, notamment en raison du GMT+1. Les acad\u00e9mies r\u00e9gionales de l\u2019\u00e9ducation et de la formation peuvent adapter l\u2019emploi du temps en fonction des sp\u00e9cificit\u00e9s locales. Une note minist\u00e9rielle leur permet d\u2019agir en toute autonomie. Seule condition: Une demande en bonne et [&hellip;]<\/p>\n","protected":false},"author":1763,"featured_media":0,"comment_status":"closed","ping_status":"closed","sticky":false,"template":"","format":"standard","meta":{"fifu_image_url":"","fifu_image_alt":"","footnotes":""},"categories":[78,54],"tags":[],"class_list":["post-72739","post","type-post","status-publish","format-standard","hentry","category-economie","category-maroc"],"_links":{"self":[{"href":"https:\/\/linitiative.ca\/International\/wp-json\/wp\/v2\/posts\/72739","targetHints":{"allow":["GET"]}}],"collection":[{"href":"https:\/\/linitiative.ca\/International\/wp-json\/wp\/v2\/posts"}],"about":[{"href":"https:\/\/linitiative.ca\/International\/wp-json\/wp\/v2\/types\/post"}],"author":[{"embeddable":true,"href":"https:\/\/linitiative.ca\/International\/wp-json\/wp\/v2\/users\/1763"}],"replies":[{"embeddable":true,"href":"https:\/\/linitiative.ca\/International\/wp-json\/wp\/v2\/comments?post=72739"}],"version-history":[{"count":0,"href":"https:\/\/linitiative.ca\/International\/wp-json\/wp\/v2\/posts\/72739\/revisions"}],"wp:attachment":[{"href":"https:\/\/linitiative.ca\/International\/wp-json\/wp\/v2\/media?parent=72739"}],"wp:term":[{"taxonomy":"category","embeddable":true,"href":"https:\/\/linitiative.ca\/International\/wp-json\/wp\/v2\/categories?post=72739"},{"taxonomy":"post_tag","embeddable":true,"href":"https:\/\/linitiative.ca\/International\/wp-json\/wp\/v2\/tags?post=72739"}],"curies":[{"name":"wp","href":"https:\/\/api.w.org\/{rel}","templated":true}]}}