{"id":72742,"date":"2020-01-11T15:14:14","date_gmt":"2020-01-11T20:14:14","guid":{"rendered":"https:\/\/linitiative.ca\/International\/pros-victor-lekhal-ca-fait-plaisir-de-revenir-sur-les-terrains\/"},"modified":"2020-01-11T15:14:14","modified_gmt":"2020-01-11T20:14:14","slug":"pros-victor-lekhal-ca-fait-plaisir-de-revenir-sur-les-terrains","status":"publish","type":"post","link":"https:\/\/linitiative.ca\/International\/pros-victor-lekhal-ca-fait-plaisir-de-revenir-sur-les-terrains\/","title":{"rendered":"Pros : Victor Lekhal : \u00ab\u00e7a fait plaisir de revenir sur les terrains\u00bb"},"content":{"rendered":"<div readability=\"32\">\n<p>Auteur : <span>Riad O.<\/span> <span class=\"time\">samedi 11 janvier 2020 18:09<\/span><\/p>\n<\/div>\n<div id=\"post_core\" readability=\"48\">\n<p>Le joueur milieu de terrain Alg\u00e9rien du Havre, Victor Lekhal a retrouv\u00e9, vendredi soir, le chemin de la comp\u00e9tition en participant \u00e0 la rencontre de son team contre Niort dans le cadre de la 20\u00e8me journ\u00e9e de la Domino\u2019s Ligue 2. Absent des terrains depuis mars 2019 o\u00f9 il avait \u00e9t\u00e9 victime d\u2019une grave blessure lors du match amical disput\u00e9 par les Verts contre la Tunisie, Lekhal a \u00e9t\u00e9 titularis\u00e9 hier soir contre Niort. Align\u00e9 en tant que sentinelle dans un milieu \u00e0 cinq, Victor Lekhal a rendu une bonne copie pour son retour \u00e0 la comp\u00e9tition, avant de c\u00e9der sa place \u00e0 la 90\u00e8me minute de jeu \u00e0 son co\u00e9quipier, Basque. A l\u2019issue du match, Lekhal\u00a0 n\u2019a pas cach\u00e9 sa joie de retrouver enfin le chemin des terrains\u00a0:\u00a0\u00abOui, \u00e7a fait plaisir de revenir sur les terrains. Il est vrai que cela fait longtemps que je n\u2019ai pas jou\u00e9 un match de Ligue 2. C\u2019est donc un r\u00e9el plaisir pour moi. Aujourd\u2019hui (Ndlr: samedi) j\u2019ai pris du plaisir avec le groupe. Et en plus de \u00e7a, il y\u2019a la victoire au bout. Voila, c\u2019est vraiment satisfaisant.\u00bb a-t-il d\u00e9clar\u00e9.<\/p>\n<p><strong>Publi\u00e9 dans :<\/strong> <span>Victor Lekhal<\/span><\/p>\n<\/div>\n<p>Auteur:<br \/>\n<a href=\"http:\/\/www.lebuteur.com\/article\/detail?titre=victor-lekhal-ca-fait-plaisir-de-revenir-sur-les-terrains&#038;id=94101&#038;utm_source=feedburner&#038;utm_medium=feed&#038;utm_campaign=Feed%3A+GalerieFArtciles+%28Les+derniers+articles++-+lebuteur.com%29\">Cliquez ici pour lire l&rsquo;article depuis sa source.<\/a><\/p>\n","protected":false},"excerpt":{"rendered":"<p>Auteur : Riad O. samedi 11 janvier 2020 18:09 Le joueur milieu de terrain Alg\u00e9rien du Havre, Victor Lekhal a retrouv\u00e9, vendredi soir, le chemin de la comp\u00e9tition en participant \u00e0 la rencontre de son team contre Niort dans le cadre de la 20\u00e8me journ\u00e9e de la Domino\u2019s Ligue 2. Absent des terrains depuis mars [&hellip;]<\/p>\n","protected":false},"author":1738,"featured_media":72743,"comment_status":"closed","ping_status":"closed","sticky":false,"template":"","format":"standard","meta":{"fifu_image_url":"","fifu_image_alt":"","footnotes":""},"categories":[53,75],"tags":[],"class_list":["post-72742","post","type-post","status-publish","format-standard","has-post-thumbnail","hentry","category-algerie","category-sport"],"_links":{"self":[{"href":"https:\/\/linitiative.ca\/International\/wp-json\/wp\/v2\/posts\/72742","targetHints":{"allow":["GET"]}}],"collection":[{"href":"https:\/\/linitiative.ca\/International\/wp-json\/wp\/v2\/posts"}],"about":[{"href":"https:\/\/linitiative.ca\/International\/wp-json\/wp\/v2\/types\/post"}],"author":[{"embeddable":true,"href":"https:\/\/linitiative.ca\/International\/wp-json\/wp\/v2\/users\/1738"}],"replies":[{"embeddable":true,"href":"https:\/\/linitiative.ca\/International\/wp-json\/wp\/v2\/comments?post=72742"}],"version-history":[{"count":0,"href":"https:\/\/linitiative.ca\/International\/wp-json\/wp\/v2\/posts\/72742\/revisions"}],"wp:featuredmedia":[{"embeddable":true,"href":"https:\/\/linitiative.ca\/International\/wp-json\/"}],"wp:attachment":[{"href":"https:\/\/linitiative.ca\/International\/wp-json\/wp\/v2\/media?parent=72742"}],"wp:term":[{"taxonomy":"category","embeddable":true,"href":"https:\/\/linitiative.ca\/International\/wp-json\/wp\/v2\/categories?post=72742"},{"taxonomy":"post_tag","embeddable":true,"href":"https:\/\/linitiative.ca\/International\/wp-json\/wp\/v2\/tags?post=72742"}],"curies":[{"name":"wp","href":"https:\/\/api.w.org\/{rel}","templated":true}]}}