{"id":72744,"date":"2020-01-11T15:14:15","date_gmt":"2020-01-11T20:14:15","guid":{"rendered":"https:\/\/linitiative.ca\/International\/international-la-can-son-maillot-numero-26-ainsi-que-son-top-5-de-reve-les-confidences-de-mahrez\/"},"modified":"2020-01-11T15:14:15","modified_gmt":"2020-01-11T20:14:15","slug":"international-la-can-son-maillot-numero-26-ainsi-que-son-top-5-de-reve-les-confidences-de-mahrez","status":"publish","type":"post","link":"https:\/\/linitiative.ca\/International\/international-la-can-son-maillot-numero-26-ainsi-que-son-top-5-de-reve-les-confidences-de-mahrez\/","title":{"rendered":"International : La CAN, son maillot num\u00e9ro 26 ainsi que son top 5 de r\u00eave\u2026 les confidences de Mahrez"},"content":{"rendered":"<div readability=\"32\">\n<p>Auteur : <span>Riad O.<\/span> <span class=\"time\">samedi 11 janvier 2020 18:11<\/span><\/p>\n<\/div>\n<div id=\"post_core\" readability=\"61\">\n<p>Le capitaine de l\u2019EN, Riyad Mahrez a reconnu que la CAN remport\u00e9e l\u2019\u00e9t\u00e9 dernier en Egypte avec les Verts a \u00e9t\u00e9 son plus grand exploit en 2019. Le joueur Alg\u00e9rien de Manchester City a d\u00e9clar\u00e9 \u00e0 la cha\u00eene t\u00e9l\u00e9 des Citizens:\u00a0\u00abLa CAN remport\u00e9e avec l\u2019EN a \u00e9t\u00e9 le moment le plus fort pour moi en 2019.\u00bb a-t-il d\u00e9clar\u00e9, avant d\u2019ajouter\u00a0:\u00a0\u00abPersonne ne pensait que nous \u00e9tions capables d\u2019atteindre ce niveau, et ce vu la situation qu\u2019on avait connu lors de l\u2019\u00e9dition de 2017.\u00bb Mahrez a conclu\u00a0:\u00a0\u00abNous avons procur\u00e9 tant de joie aux Alg\u00e9riens qui n\u2019avaient plus gout\u00e9 \u00e0 la cons\u00e9cration depuis\u00a0 tant d\u2019ann\u00e9es.\u00bb<\/p>\n<p><strong>\u00abVoici pourquoi je porte le maillot n\u00b026\u00bb<\/strong><\/p>\n<p>Dans un autre registre, Mahrez a expliqu\u00e9 le secret de son maillot num\u00e9ro 26 qu\u2019il a port\u00e9 \u00e0 Leicester City et qu\u2019il continue de porter toujours avec son club actuel de Manchester City. Mahrez a expliqu\u00e9 qu\u2019au moment de rejoindre les Foxes, deux dossards\u00a0 \u00e9taient disponibles \u00e0 savoir le num\u00e9ro 26 et le num\u00e9ro 28. Mahrez a donc opt\u00e9 pour le premier dossard\u00a0:\u00a0\u00abQuand j\u2019ai rejoint Manchester City, j\u2019ai continu\u00e9 \u00e0 porter le maillot num\u00e9ro 26 vu qu\u2019il \u00e9tait disponible.\u00bb a-t-il indiqu\u00e9.<\/p>\n<p><strong>Il cite les 5 joueurs qui composeraient son \u00e9quipe de r\u00eave<\/strong><\/p>\n<p>\u00c0 l&rsquo;occasion d&rsquo;une interview la cha\u00eene de Manchester City, la star de l\u2019EN, Riyad Mahrez s\u2019est pr\u00eat\u00e9 au jeu du \u00ab5 de r\u00eave\u00bb. Appel\u00e9 \u00e0 choisir une \u00e9quipe compos\u00e9e de cinq joueurs seulement et dont lui y serait dedans, Mahrez a cit\u00e9 Lionel Messi, Zinedine Zidane, Cristiano Ronaldo et le br\u00e9silien, Ronaldo.<\/p>\n<p><strong>Publi\u00e9 dans :<\/strong> <span>Mahrez<\/span><\/p>\n<\/div>\n<p>Auteur:<br \/>\n<a href=\"http:\/\/www.lebuteur.com\/article\/detail?titre=la-can-son-maillot-numero-26-ainsi-que-son-top-5-de-reve%E2%80%A6-les-confidences-de-mahrez&#038;id=94103&#038;utm_source=feedburner&#038;utm_medium=feed&#038;utm_campaign=Feed%3A+GalerieFArtciles+%28Les+derniers+articles++-+lebuteur.com%29\">Cliquez ici pour lire l&rsquo;article depuis sa source.<\/a><\/p>\n","protected":false},"excerpt":{"rendered":"<p>Auteur : Riad O. samedi 11 janvier 2020 18:11 Le capitaine de l\u2019EN, Riyad Mahrez a reconnu que la CAN remport\u00e9e l\u2019\u00e9t\u00e9 dernier en Egypte avec les Verts a \u00e9t\u00e9 son plus grand exploit en 2019. Le joueur Alg\u00e9rien de Manchester City a d\u00e9clar\u00e9 \u00e0 la cha\u00eene t\u00e9l\u00e9 des Citizens:\u00a0\u00abLa CAN remport\u00e9e avec l\u2019EN a [&hellip;]<\/p>\n","protected":false},"author":1738,"featured_media":72745,"comment_status":"closed","ping_status":"closed","sticky":false,"template":"","format":"standard","meta":{"fifu_image_url":"","fifu_image_alt":"","footnotes":""},"categories":[53,75],"tags":[],"class_list":["post-72744","post","type-post","status-publish","format-standard","has-post-thumbnail","hentry","category-algerie","category-sport"],"_links":{"self":[{"href":"https:\/\/linitiative.ca\/International\/wp-json\/wp\/v2\/posts\/72744","targetHints":{"allow":["GET"]}}],"collection":[{"href":"https:\/\/linitiative.ca\/International\/wp-json\/wp\/v2\/posts"}],"about":[{"href":"https:\/\/linitiative.ca\/International\/wp-json\/wp\/v2\/types\/post"}],"author":[{"embeddable":true,"href":"https:\/\/linitiative.ca\/International\/wp-json\/wp\/v2\/users\/1738"}],"replies":[{"embeddable":true,"href":"https:\/\/linitiative.ca\/International\/wp-json\/wp\/v2\/comments?post=72744"}],"version-history":[{"count":0,"href":"https:\/\/linitiative.ca\/International\/wp-json\/wp\/v2\/posts\/72744\/revisions"}],"wp:featuredmedia":[{"embeddable":true,"href":"https:\/\/linitiative.ca\/International\/wp-json\/"}],"wp:attachment":[{"href":"https:\/\/linitiative.ca\/International\/wp-json\/wp\/v2\/media?parent=72744"}],"wp:term":[{"taxonomy":"category","embeddable":true,"href":"https:\/\/linitiative.ca\/International\/wp-json\/wp\/v2\/categories?post=72744"},{"taxonomy":"post_tag","embeddable":true,"href":"https:\/\/linitiative.ca\/International\/wp-json\/wp\/v2\/tags?post=72744"}],"curies":[{"name":"wp","href":"https:\/\/api.w.org\/{rel}","templated":true}]}}