{"id":72746,"date":"2020-01-11T15:14:17","date_gmt":"2020-01-11T20:14:17","guid":{"rendered":"https:\/\/linitiative.ca\/International\/international-larouci-convoque-en-equipe-de-france-u19\/"},"modified":"2020-01-11T15:14:17","modified_gmt":"2020-01-11T20:14:17","slug":"international-larouci-convoque-en-equipe-de-france-u19","status":"publish","type":"post","link":"https:\/\/linitiative.ca\/International\/international-larouci-convoque-en-equipe-de-france-u19\/","title":{"rendered":"International : Larouci convoqu\u00e9 en \u00c9quipe de France U19"},"content":{"rendered":"<div readability=\"32\">\n<p>Auteur : <span class=\"time\">samedi 11 janvier 2020 18:11<\/span><\/p>\n<\/div>\n<div id=\"post_core\" readability=\"43\">\n<p>Le jeune arri\u00e8re gauche franco-Alg\u00e9rien de Liverpool, Yasser Larouci (19 ans), vient d\u2019\u00eatre convoqu\u00e9 par Jean-Luc Vannuchi, s\u00e9lectionneur de l\u2019\u00e9quipe de France U19, pour un stage \u00e0 Clairefontaine du 19 au 22 janvier prochain. Cette convocation intervient quelques jours seulement apr\u00e8s avoir disput\u00e9 son tout premier match officiel sous les couleurs de Liverpool. Ce joueur issu du centre de formation du Havre est consid\u00e9r\u00e9 comme un des espoirs les plus prometteurs. Il faut dire que ses performances chez les Reds n\u2019ont finalement pas \u00e9chapp\u00e9 au s\u00e9lectionneur fran\u00e7ais des U19. Ignor\u00e9 par la F\u00e9d\u00e9ration Alg\u00e9rienne de Football, Larouci va donc retrouver Clairefontaine et l\u2019\u00c9quipe de France.\u00a0 Certes, cette convocation ne signifie rien pour le choix d\u00e9finitif du joueur qui peut suivre les traces de plusieurs autres joueurs de la s\u00e9lection Alg\u00e9rienne qui ont port\u00e9 le maillot des \u00e9quipes jeunes de la France avant d&rsquo;opter pour les verts en \u00e9quipe A. Toutefois, la f\u00e9d\u00e9 va devoir se manifester si elle souhaitera ne pas perdre les services de ce joueur, dont ont dit le plus grand bien.<\/p>\n<p><strong>Publi\u00e9 dans :<\/strong> <span>Larouci<\/span><\/p>\n<\/div>\n<p>Auteur:<br \/>\n<a href=\"http:\/\/www.lebuteur.com\/article\/detail?titre=larouci-convoque-en-equipe-de-france-u19&#038;id=94102&#038;utm_source=feedburner&#038;utm_medium=feed&#038;utm_campaign=Feed%3A+GalerieFArtciles+%28Les+derniers+articles++-+lebuteur.com%29\">Cliquez ici pour lire l&rsquo;article depuis sa source.<\/a><\/p>\n","protected":false},"excerpt":{"rendered":"<p>Auteur : samedi 11 janvier 2020 18:11 Le jeune arri\u00e8re gauche franco-Alg\u00e9rien de Liverpool, Yasser Larouci (19 ans), vient d\u2019\u00eatre convoqu\u00e9 par Jean-Luc Vannuchi, s\u00e9lectionneur de l\u2019\u00e9quipe de France U19, pour un stage \u00e0 Clairefontaine du 19 au 22 janvier prochain. Cette convocation intervient quelques jours seulement apr\u00e8s avoir disput\u00e9 son tout premier match officiel [&hellip;]<\/p>\n","protected":false},"author":1738,"featured_media":72747,"comment_status":"closed","ping_status":"closed","sticky":false,"template":"","format":"standard","meta":{"fifu_image_url":"","fifu_image_alt":"","footnotes":""},"categories":[53,75],"tags":[],"class_list":["post-72746","post","type-post","status-publish","format-standard","has-post-thumbnail","hentry","category-algerie","category-sport"],"_links":{"self":[{"href":"https:\/\/linitiative.ca\/International\/wp-json\/wp\/v2\/posts\/72746","targetHints":{"allow":["GET"]}}],"collection":[{"href":"https:\/\/linitiative.ca\/International\/wp-json\/wp\/v2\/posts"}],"about":[{"href":"https:\/\/linitiative.ca\/International\/wp-json\/wp\/v2\/types\/post"}],"author":[{"embeddable":true,"href":"https:\/\/linitiative.ca\/International\/wp-json\/wp\/v2\/users\/1738"}],"replies":[{"embeddable":true,"href":"https:\/\/linitiative.ca\/International\/wp-json\/wp\/v2\/comments?post=72746"}],"version-history":[{"count":0,"href":"https:\/\/linitiative.ca\/International\/wp-json\/wp\/v2\/posts\/72746\/revisions"}],"wp:featuredmedia":[{"embeddable":true,"href":"https:\/\/linitiative.ca\/International\/wp-json\/"}],"wp:attachment":[{"href":"https:\/\/linitiative.ca\/International\/wp-json\/wp\/v2\/media?parent=72746"}],"wp:term":[{"taxonomy":"category","embeddable":true,"href":"https:\/\/linitiative.ca\/International\/wp-json\/wp\/v2\/categories?post=72746"},{"taxonomy":"post_tag","embeddable":true,"href":"https:\/\/linitiative.ca\/International\/wp-json\/wp\/v2\/tags?post=72746"}],"curies":[{"name":"wp","href":"https:\/\/api.w.org\/{rel}","templated":true}]}}