{"id":72749,"date":"2020-01-11T15:18:57","date_gmt":"2020-01-11T20:18:57","guid":{"rendered":"https:\/\/linitiative.ca\/International\/deces-du-sultan-qabous-ben-said-le-premier-ministre-aujourdhui-a-mascate\/"},"modified":"2020-01-11T15:18:57","modified_gmt":"2020-01-11T20:18:57","slug":"deces-du-sultan-qabous-ben-said-le-premier-ministre-aujourdhui-a-mascate","status":"publish","type":"post","link":"https:\/\/linitiative.ca\/International\/deces-du-sultan-qabous-ben-said-le-premier-ministre-aujourdhui-a-mascate\/","title":{"rendered":"D\u00e9c\u00e8s du sultan  Qabous ben Sa\u00efd : Le Premier ministre aujourd\u2019hui \u00e0 Mascate"},"content":{"rendered":"<p>Le Pr\u00e9sident de la R\u00e9publique, M. Abdelmadjid Tebboune, a charg\u00e9 le Premier ministre, M. Abdelaziz Djerad, de se rendre aujourd\u2019hui \u00e0 Mascate pour pr\u00e9senter les condol\u00e9ances de l&rsquo;Alg\u00e9rie, suite au d\u00e9c\u00e8s du Sultan Qabous ben Sa\u00efd ben Taimur, a indiqu\u00e9 hier un communiqu\u00e9 de la pr\u00e9sidence de la R\u00e9publique.<br \/>\u00ab\u00a0Le Pr\u00e9sident de la R\u00e9publique, M. Abdelmadjid Tebboune, a charg\u00e9 le Premier ministre, M. Abdelaziz Djerad, de se rendre \u00e0 Mascate pour pr\u00e9senter les condol\u00e9ances de l&rsquo;Alg\u00e9rie, peuple et pr\u00e9sident,\u00a0 suite au d\u00e9c\u00e8s du Sultan Qabous ben Sa\u00efd ben Taimur.\u00a0\u00bb<\/p>\n<p>Auteur: elmoudjahid<br \/>\n<a href=\"http:\/\/www.elmoudjahid.com\/fr\/actualites\/146994\">Cliquez ici pour lire l&rsquo;article depuis sa source.<\/a><\/p>\n","protected":false},"excerpt":{"rendered":"<p>Le Pr\u00e9sident de la R\u00e9publique, M. Abdelmadjid Tebboune, a charg\u00e9 le Premier ministre, M. Abdelaziz Djerad, de se rendre aujourd\u2019hui \u00e0 Mascate pour pr\u00e9senter les condol\u00e9ances de l&rsquo;Alg\u00e9rie, suite au d\u00e9c\u00e8s du Sultan Qabous ben Sa\u00efd ben Taimur, a indiqu\u00e9 hier un communiqu\u00e9 de la pr\u00e9sidence de la R\u00e9publique.\u00ab\u00a0Le Pr\u00e9sident de la R\u00e9publique, M. Abdelmadjid [&hellip;]<\/p>\n","protected":false},"author":1744,"featured_media":0,"comment_status":"closed","ping_status":"closed","sticky":false,"template":"","format":"standard","meta":{"fifu_image_url":"","fifu_image_alt":"","footnotes":""},"categories":[73,53],"tags":[],"class_list":["post-72749","post","type-post","status-publish","format-standard","hentry","category-actualite","category-algerie"],"_links":{"self":[{"href":"https:\/\/linitiative.ca\/International\/wp-json\/wp\/v2\/posts\/72749","targetHints":{"allow":["GET"]}}],"collection":[{"href":"https:\/\/linitiative.ca\/International\/wp-json\/wp\/v2\/posts"}],"about":[{"href":"https:\/\/linitiative.ca\/International\/wp-json\/wp\/v2\/types\/post"}],"author":[{"embeddable":true,"href":"https:\/\/linitiative.ca\/International\/wp-json\/wp\/v2\/users\/1744"}],"replies":[{"embeddable":true,"href":"https:\/\/linitiative.ca\/International\/wp-json\/wp\/v2\/comments?post=72749"}],"version-history":[{"count":0,"href":"https:\/\/linitiative.ca\/International\/wp-json\/wp\/v2\/posts\/72749\/revisions"}],"wp:attachment":[{"href":"https:\/\/linitiative.ca\/International\/wp-json\/wp\/v2\/media?parent=72749"}],"wp:term":[{"taxonomy":"category","embeddable":true,"href":"https:\/\/linitiative.ca\/International\/wp-json\/wp\/v2\/categories?post=72749"},{"taxonomy":"post_tag","embeddable":true,"href":"https:\/\/linitiative.ca\/International\/wp-json\/wp\/v2\/tags?post=72749"}],"curies":[{"name":"wp","href":"https:\/\/api.w.org\/{rel}","templated":true}]}}