{"id":72750,"date":"2020-01-11T15:18:59","date_gmt":"2020-01-11T20:18:59","guid":{"rendered":"https:\/\/linitiative.ca\/International\/rnd-le-congres-fixe-aux-19-et-20-mars\/"},"modified":"2020-01-11T15:18:59","modified_gmt":"2020-01-11T20:18:59","slug":"rnd-le-congres-fixe-aux-19-et-20-mars","status":"publish","type":"post","link":"https:\/\/linitiative.ca\/International\/rnd-le-congres-fixe-aux-19-et-20-mars\/","title":{"rendered":"RND : Le Congr\u00e8s fix\u00e9 aux 19 et 20 mars"},"content":{"rendered":"<p><strong>Le Rassemblement national d\u00e9mocratique (RND) entamera, incessamment, les pr\u00e9paratifs relatifs \u00e0 la tenue de son congr\u00e8s extraordinaire, pr\u00e9vu pour les 19 et 20 mars prochain. L\u2019annonce a \u00e9t\u00e9 faite, hier, par le secr\u00e9taire g\u00e9n\u00e9ral par int\u00e9rim du parti, M. Azzedine Mihoubi, lors d\u2019une conf\u00e9rence de presse, qu\u2019il a anim\u00e9e au si\u00e8ge du parti, \u00e0 l\u2019issue de la tenue de la session extraordinaire du conseil national.<\/strong><\/p>\n<p>Il faut savoir qu\u2019il a, d\u2019ores et d\u00e9j\u00e0, \u00e9t\u00e9 proc\u00e9d\u00e9 \u00e0 l&rsquo;adoption de la composition de la commission nationale charg\u00e9e des pr\u00e9paratifs du congr\u00e8s, qui aura \u00e0 former, tout prochainement, les autres structures, au niveau local, en charge de pr\u00e9parer l\u2019\u00e9v\u00e9nement. Le comit\u00e9 a aussi pour mission de d\u00e9finir les d\u00e9lais de la tenue des congr\u00e8s r\u00e9gionaux et de wilaya. Il faut dire qu\u2019au RND, les pr\u00e9paratifs ne concernent pas uniquement le congr\u00e8s extraordinaire, qui aura donc lieu dans\u00a0 deux mois, mais \u00e9galement, les prochaines \u00e9ch\u00e9ances \u00e9lectorales pour lesquelles le parti compte \u00abparticiper activement\u00bb. L\u2019autre question mise en avant au cours de cette conf\u00e9rence de presse concerne, l\u2019importance d&rsquo;associer les partis \u00e0 l&rsquo;\u00e9dification des institutions de la R\u00e9publique. Le RND ne manquera pas de faire part dans ce contexte de sa disponibilit\u00e9, pleine et enti\u00e8re, \u00e0 participer activement \u00e0 cette phase avec \u00abune nouvelle approche\u00bb. Une approche qui sera d\u00e9voil\u00e9e, \u00e0 la faveur du prochain congr\u00e8s et qui\u00a0 reposera, essentiellement, sur \u00ables comp\u00e9tences et la facilitation, en pr\u00e9vision des prochaines l\u00e9gislatives, de l&rsquo;adh\u00e9sion des jeunes aux bureaux communaux et de wilaya en sus de la r\u00e9vision du discours du parti, voire de son mode de gestion, \u00e0 travers l&rsquo;introduction du num\u00e9rique et des technologies de l&rsquo;information et de la communication et l&rsquo;ouverture sur tous les Alg\u00e9riens sans exclusive\u00bb. Selon les \u00e9clairages fournis, le RND compte pr\u00e9senter \u00abune nouvelle image\u00bb et \u00abde nouvelles id\u00e9es\u00bb.<br \/>Aussi, suite au nouveau d\u00e9coupage administratif, il est m\u00eame pr\u00e9vu de \u00abnouveaux secr\u00e9tariats de wilayas\u00bb ainsi que des repr\u00e9sentants permanents de cette formation politique dans ces nouvelles wilayas.<br \/>Un repr\u00e9sentant du RND sera \u00e9galement nomm\u00e9 dans tous les pays o\u00f9 la communaut\u00e9 alg\u00e9rienne est pr\u00e9sente, aux fins d\u2019optimiser la pr\u00e9sence du parti aussi bien \u00e0 l&rsquo;int\u00e9rieur qu\u2019\u00e0 l&rsquo;ext\u00e9rieur du pays, d\u2019une part, et de se pr\u00e9parer, au mieux, aux prochaines \u00e9lections, d\u2019autre part, a r\u00e9v\u00e9l\u00e9 le SG par int\u00e9rim du RND.\u00a0<\/p>\n<p><strong>\u00abLe parti a consacr\u00e9 sa pr\u00e9sence comme force politique\u00a0 incontournable.\u00bb<\/strong><\/p>\n<p>S\u2019exprimant \u00e0 propos de la situation actuelle au RND, M. Mihoubi a affirm\u00e9 qu\u2019il n\u2019existe aucun mouvement de dissidence au sein du parti, soulignant que la question qui concerne quatre personnes uniquement est d\u2019ordre purement \u00abdisciplinaire\u00bb. \u00abCeux qui ont \u00e9t\u00e9 exclus du parti n&rsquo;ont pas le droit de parler au nom du RND\u00bb, a-t-il cependant soulign\u00e9. M. Azzeddine Mihoubi a \u00e9galement \u00e9voqu\u00e9,\u00a0 les r\u00e9sultats de sa participation \u00e0 l\u2019\u00e9lection pr\u00e9sidentielle du 12 d\u00e9cembre dernier affirmant que \u00able RND a r\u00e9ussi \u00e0 mener une campagne \u00e9lectorale propre, cibl\u00e9e et honorable en faveur du parcours du parti et ce, tout le monde l\u2019atteste\u00bb. Il\u00a0 consid\u00e8re, par ailleurs, qu\u2019une telle exp\u00e9rience a constitu\u00e9 \u00abune valeur ajout\u00e9e \u00e0 son exp\u00e9rience sur la sc\u00e8ne politique\u00bb. M.\u00a0 Mihoubi soutient haut et fort qu\u2019ind\u00e9pendamment des r\u00e9sultats de l&rsquo;\u00e9lection, \u00able parti a consacr\u00e9 sa pr\u00e9sence comme force politique ouverte incontournable\u00bb. En r\u00e9ponse \u00e0 une question relative \u00e0 la r\u00e9vision prochaine de la loi fondamentale du pays, le SG par int\u00e9rim du RND a fait part de la satisfaction du parti quant \u00e0 la cr\u00e9ation d&rsquo;un comit\u00e9 d&rsquo;experts charg\u00e9 de formuler des propositions pour la r\u00e9vision de la Constitution en application des engagements du pr\u00e9sident de la R\u00e9publique en r\u00e9ponse aux revendications populaires. Cependant, le conf\u00e9rencier a exprim\u00e9 son souhait de voir toutes les composantes de la sc\u00e8ne politique, sociale et culturelle prendre part \u00e0 l&rsquo;\u00e9laboration de la nouvelle Constitution.\u00a0 Enfin et pour ce qui concerne la situation en Libye, le SG par int\u00e9rim du RND a fait part de son soutien \u00e0 \u00abla position nationale officielle et aux efforts d\u00e9ploy\u00e9s par l&rsquo;Alg\u00e9rie \u00e0 travers l&rsquo;activation de son appareil diplomatique et par son poids g\u00e9ographique, en \u00e9tablissant des liens avec les diff\u00e9rentes parties pour faire pr\u00e9valoir la voie du dialogue et les solutions pacifiques\u00bb.<br \/>Soraya Guemmouri<\/p>\n<p>Auteur: elmoudjahid<br \/>\n<a href=\"http:\/\/www.elmoudjahid.com\/fr\/actualites\/146995\">Cliquez ici pour lire l&rsquo;article depuis sa source.<\/a><\/p>\n","protected":false},"excerpt":{"rendered":"<p>Le Rassemblement national d\u00e9mocratique (RND) entamera, incessamment, les pr\u00e9paratifs relatifs \u00e0 la tenue de son congr\u00e8s extraordinaire, pr\u00e9vu pour les 19 et 20 mars prochain. L\u2019annonce a \u00e9t\u00e9 faite, hier, par le secr\u00e9taire g\u00e9n\u00e9ral par int\u00e9rim du parti, M. Azzedine Mihoubi, lors d\u2019une conf\u00e9rence de presse, qu\u2019il a anim\u00e9e au si\u00e8ge du parti, \u00e0 l\u2019issue [&hellip;]<\/p>\n","protected":false},"author":1744,"featured_media":0,"comment_status":"closed","ping_status":"closed","sticky":false,"template":"","format":"standard","meta":{"fifu_image_url":"","fifu_image_alt":"","footnotes":""},"categories":[73,53],"tags":[],"class_list":["post-72750","post","type-post","status-publish","format-standard","hentry","category-actualite","category-algerie"],"_links":{"self":[{"href":"https:\/\/linitiative.ca\/International\/wp-json\/wp\/v2\/posts\/72750","targetHints":{"allow":["GET"]}}],"collection":[{"href":"https:\/\/linitiative.ca\/International\/wp-json\/wp\/v2\/posts"}],"about":[{"href":"https:\/\/linitiative.ca\/International\/wp-json\/wp\/v2\/types\/post"}],"author":[{"embeddable":true,"href":"https:\/\/linitiative.ca\/International\/wp-json\/wp\/v2\/users\/1744"}],"replies":[{"embeddable":true,"href":"https:\/\/linitiative.ca\/International\/wp-json\/wp\/v2\/comments?post=72750"}],"version-history":[{"count":0,"href":"https:\/\/linitiative.ca\/International\/wp-json\/wp\/v2\/posts\/72750\/revisions"}],"wp:attachment":[{"href":"https:\/\/linitiative.ca\/International\/wp-json\/wp\/v2\/media?parent=72750"}],"wp:term":[{"taxonomy":"category","embeddable":true,"href":"https:\/\/linitiative.ca\/International\/wp-json\/wp\/v2\/categories?post=72750"},{"taxonomy":"post_tag","embeddable":true,"href":"https:\/\/linitiative.ca\/International\/wp-json\/wp\/v2\/tags?post=72750"}],"curies":[{"name":"wp","href":"https:\/\/api.w.org\/{rel}","templated":true}]}}