{"id":72751,"date":"2020-01-11T15:19:01","date_gmt":"2020-01-11T20:19:01","guid":{"rendered":"https:\/\/linitiative.ca\/International\/conseil-national-du-rcd-mohcine-belabes-le-dialogue-doit-etre-inclusif-et-ouvert\/"},"modified":"2020-01-11T15:19:01","modified_gmt":"2020-01-11T20:19:01","slug":"conseil-national-du-rcd-mohcine-belabes-le-dialogue-doit-etre-inclusif-et-ouvert","status":"publish","type":"post","link":"https:\/\/linitiative.ca\/International\/conseil-national-du-rcd-mohcine-belabes-le-dialogue-doit-etre-inclusif-et-ouvert\/","title":{"rendered":"Conseil national du RCD : Mohcine Belab\u00e8s : \u00able dialogue doit \u00eatre inclusif et ouvert\u00bb"},"content":{"rendered":"<p>Le pr\u00e9sident du Rassemblement pour la culture et la d\u00e9mocratie (RCD), Mohcine Belab\u00e8s, qui s&rsquo;exprimait, hier, en marge de la r\u00e9union du conseil national de son parti, tenue \u00e0 la salle des f\u00eates de l&rsquo;Office des parcs et loisirs d&rsquo;Alger (OPLA), consid\u00e8re que le dialogue est une d\u00e9marche d&rsquo;ouverture et d&rsquo;inclusion de tous les acteurs et refuse de ce fait ce qu&rsquo;il qualifie de \u00abrencontres dans des salles ferm\u00e9es\u00bb. Sur sa conception du dialogue, le pr\u00e9sident du RCD sugg\u00e8re d&rsquo;aller vers des assises nationales pour \u00abquestionner\u00bb la r\u00e9alit\u00e9 politique et ses enjeux futurs et \u00ab\u00e9largir\u00bb ensuite cette d\u00e9marche en vue d\u2019accueillir, dans le cadre d&rsquo;une conf\u00e9rence nationale, \u00abtous\u00bb les acteurs politiques et ceux de la soci\u00e9t\u00e9 civile afin de proposer \u00abensemble\u00bb une r\u00e9flexion pour une \u00abrefondation\u00bb du syst\u00e8me d\u00e9mocratique en Alg\u00e9rie. \u00abIl faut de ce fait d\u00e9verrouiller le champ d&rsquo;expression\u00bb, a-t-il plaid\u00e9. Le pr\u00e9sident du RCD a revendiqu\u00e9 par ailleurs la paternit\u00e9 des propositions sur la r\u00e9vision de la Constitution et l&rsquo;adoption de la nouvelle loi \u00e9lectorale. M. Belab\u00e8s a mis \u00e0 profit cette opportunit\u00e9 pour r\u00e9it\u00e9rer la position de son parti pour une p\u00e9riode de transition constituante devant associer l&rsquo;ensemble des forces patriotiques pour \u00e9laborer \u00abensemble\u00bb une plateforme de propositions et de solutions qui font \u00e9cho \u00e0 l&rsquo;histoire et \u00e0 la m\u00e9moire du peuple. \u00abElles consacreront les droits universels de l&rsquo;homme, garantiront les libert\u00e9s individuels et collectives et prot\u00e8geront la r\u00e8gle du libre choix du peuple et l&rsquo;alternance d\u00e9mocratique au pouvoir\u00bb, a-t-il expliqu\u00e9 non sans appeler \u00e0 la lib\u00e9ration des d\u00e9tenus du Hirak. Mettant en avant la d\u00e9marche de transition qu&rsquo;il a initi\u00e9e, le pr\u00e9sident du RCD a pr\u00e9cis\u00e9 que la transition d\u00e9mocratique est la \u00abseule voie\u00bb pour pr\u00e9parer un environnement institutionnel qui \u00abpermet\u00bb l&rsquo;expression de la souverainet\u00e9 populaire et entamer le chantier salvateur de la refondation de l&rsquo;Etat. Faisant son analyse de l&rsquo;actualit\u00e9 politique, il a tenu \u00e0 adresser un message aux manifestants pour dire que le Hirak doit lutter pour op\u00e9rer la rupture\u00a0 r\u00e9elle.\u00a0 \u00abIl faut arriver \u00e0 la refondation de l&rsquo;Etat national, loin de toute repr\u00e9sentation r\u00e9gionaliste ou partisane pour pouvoir remettre la destin\u00e9e du pays sur les rails de la souverainet\u00e9\u00bb, a insist\u00e9 M. Belab\u00e8s qui se f\u00e9licite de l&rsquo;engagement des militants de son parti au c\u00f4t\u00e9 du peuple.\u00a0 Evoquant la crise libyenne, le pr\u00e9sident du RCD a regrett\u00e9 l\u2019absence et l\u2019effacement, dans un pass\u00e9 r\u00e9cent, de l\u2019Alg\u00e9rie sur la sc\u00e8ne diplomatique internationale \u00e0 cause, selon lui, de la \u00abpersonnalisation du pouvoir\u00a0 durant les sept derni\u00e8res ann\u00e9es.<br \/>M. Belab\u00e8s a, en outre,\u00a0 ouvertement accus\u00e9\u00a0 certains pays \u00e9trangers de \u00abvouloir d\u00e9stabiliser\u00bb la r\u00e9gion et \u00abviser\u00bb l&rsquo;Alg\u00e9rie pour d\u00e9fendre leurs int\u00e9r\u00eats strat\u00e9giques.<br \/>Tahar Ka\u00efdi<br \/>\u00a0<\/p>\n<p>Auteur: elmoudjahid<br \/>\n<a href=\"http:\/\/www.elmoudjahid.com\/fr\/actualites\/146996\">Cliquez ici pour lire l&rsquo;article depuis sa source.<\/a><\/p>\n","protected":false},"excerpt":{"rendered":"<p>Le pr\u00e9sident du Rassemblement pour la culture et la d\u00e9mocratie (RCD), Mohcine Belab\u00e8s, qui s&rsquo;exprimait, hier, en marge de la r\u00e9union du conseil national de son parti, tenue \u00e0 la salle des f\u00eates de l&rsquo;Office des parcs et loisirs d&rsquo;Alger (OPLA), consid\u00e8re que le dialogue est une d\u00e9marche d&rsquo;ouverture et d&rsquo;inclusion de tous les acteurs [&hellip;]<\/p>\n","protected":false},"author":1744,"featured_media":0,"comment_status":"closed","ping_status":"closed","sticky":false,"template":"","format":"standard","meta":{"fifu_image_url":"","fifu_image_alt":"","footnotes":""},"categories":[73,53],"tags":[],"class_list":["post-72751","post","type-post","status-publish","format-standard","hentry","category-actualite","category-algerie"],"_links":{"self":[{"href":"https:\/\/linitiative.ca\/International\/wp-json\/wp\/v2\/posts\/72751","targetHints":{"allow":["GET"]}}],"collection":[{"href":"https:\/\/linitiative.ca\/International\/wp-json\/wp\/v2\/posts"}],"about":[{"href":"https:\/\/linitiative.ca\/International\/wp-json\/wp\/v2\/types\/post"}],"author":[{"embeddable":true,"href":"https:\/\/linitiative.ca\/International\/wp-json\/wp\/v2\/users\/1744"}],"replies":[{"embeddable":true,"href":"https:\/\/linitiative.ca\/International\/wp-json\/wp\/v2\/comments?post=72751"}],"version-history":[{"count":0,"href":"https:\/\/linitiative.ca\/International\/wp-json\/wp\/v2\/posts\/72751\/revisions"}],"wp:attachment":[{"href":"https:\/\/linitiative.ca\/International\/wp-json\/wp\/v2\/media?parent=72751"}],"wp:term":[{"taxonomy":"category","embeddable":true,"href":"https:\/\/linitiative.ca\/International\/wp-json\/wp\/v2\/categories?post=72751"},{"taxonomy":"post_tag","embeddable":true,"href":"https:\/\/linitiative.ca\/International\/wp-json\/wp\/v2\/tags?post=72751"}],"curies":[{"name":"wp","href":"https:\/\/api.w.org\/{rel}","templated":true}]}}