{"id":72752,"date":"2020-01-11T15:19:03","date_gmt":"2020-01-11T20:19:03","guid":{"rendered":"https:\/\/linitiative.ca\/International\/commentaire-concertation-et-reformes\/"},"modified":"2020-01-11T15:19:03","modified_gmt":"2020-01-11T20:19:03","slug":"commentaire-concertation-et-reformes","status":"publish","type":"post","link":"https:\/\/linitiative.ca\/International\/commentaire-concertation-et-reformes\/","title":{"rendered":"Commentaire : Concertation et r\u00e9formes"},"content":{"rendered":"<p>Les grands axes de la feuille de route de l\u2019actuel ex\u00e9cutif, avec \u00e0 sa t\u00eate Abdelaziz Djerad, tournent autour du programme du pr\u00e9sident de la R\u00e9publique, M. Abdelmadjid Tebboune. Sa mise en \u0153uvre n\u00e9cessite l\u2019adh\u00e9sion de l\u2019ensemble des acteurs politiques, \u00e9conomiques et sociaux du pays. Conscient du poids des responsabilit\u00e9s, le chef de l\u2019Etat a affirm\u00e9 sa disposition \u00e0 faire face aux difficult\u00e9s et aux d\u00e9fis, en agissant avec l\u2019ensemble des forces vives de la nation. Il a r\u00e9it\u00e9r\u00e9 sa volont\u00e9 \u00e0 poursuivre les efforts pour faire pr\u00e9valoir le dialogue et le bon sens dans le cadre de la prise en charge des revendications populaires. Dans ce sens, des rencontres de concertation avec ces acteurs ont \u00e9t\u00e9 entam\u00e9es avec un certain nombre de personnalit\u00e9s. Certes, l\u2019\u00e9quipe gouvernementale a \u00e9t\u00e9 choisie sur la base de l\u2019int\u00e9grit\u00e9, de la comp\u00e9tence et des capacit\u00e9s de gestion et de r\u00e9alisations adapt\u00e9es avec la conjoncture du pays. Mais les objectifs \u00e0 atteindre ne seraient que le fruit d\u2019un long processus de r\u00e9formes, n\u00e9cessitant imp\u00e9rativement la conjugaison des efforts de tous les acteurs, loin des consid\u00e9rations partisanes. Ce gouvernement est confront\u00e9 \u00e0 des d\u00e9fis de nature politique, \u00e9conomique et sociale.<br \/>Pour relever ces d\u00e9fis, de nombreuses r\u00e9formes devraient \u00eatre engag\u00e9es dans le sillage du renforcement de la responsabilit\u00e9 de l\u2019Etat envers les citoyens.\u00a0 L\u2019enthousiasme affich\u00e9 par les membres du gouvernement d\u2019agir dans l\u2019unit\u00e9 est rassurant, surtout que la situation actuelle aux plans politique et \u00e9conomique tourmente les Alg\u00e9riens, qui attendent de la classe politique des solutions, susceptibles d\u2019am\u00e9liorer leur quotidien et faire face \u00e0 la d\u00e9t\u00e9rioration de leur pouvoir d&rsquo;achat. Il ne s\u2019agit pas\u00a0 de faire des promesses mais d\u2019agir rapidement, en assumant pleinement l\u2019engagement \u00e0 atteindre des objectifs r\u00e9alistes et r\u00e9alisables.<br \/>Le pays rec\u00e8le d\u2019importantes potentialit\u00e9s humaines et mat\u00e9rielles qui lui permettent de s\u2019en sortir, pour peu que le gouvernement soit d\u00e9termin\u00e9 \u00e0 \u0153uvrer sans rel\u00e2che pour r\u00e9aliser la stabilit\u00e9 \u00e9conomique et sociale, qui passe forc\u00e9ment par des mesures \u00e0 entreprendre en mati\u00e8re de comp\u00e9titivit\u00e9 \u00e9conomique, d\u2019inclusion sociale et de gouvernance publique.<br \/>Il s\u2019agit, en effet, d\u2019accorder une plus grande attention \u00e0 l\u2019impact que produiront les r\u00e9formes sur les citoyens, en tenant compte surtout de leurs besoins et de leurs attentes. Tout le retard enregistr\u00e9 dans ce domaine est d\u00fb au fait que l\u2019\u00c9tat a trouv\u00e9 ces derni\u00e8res ann\u00e9es des difficult\u00e9s pour r\u00e9pondre aux attentes de la soci\u00e9t\u00e9 qui aspire \u00e0 plus de participation politique et de transparence, \u00e0 une croissance durable, \u00e0 am\u00e9liorer le climat des affaires, \u00e0 promouvoir la proximit\u00e9 citoyenne de l\u2019administration et \u00e0 des institutions performantes, \u00e0 commencer par les collectivit\u00e9s locales tenues, d\u00e9sormais, d\u2019agir dans le cadre de la bonne gouvernance locale.<br \/>Les communes sont face \u00e0 la multitude et la complexit\u00e9 des d\u00e9fis qu\u2019elles doivent relever dans le cadre des r\u00e9formes de mani\u00e8re \u00e0 assurer leurs conditions de r\u00e9ussite.<br \/>\u00a0Le renforcement des institutions de gouvernance pour promouvoir le d\u00e9veloppement socio\u00e9conomique est l\u2019un des axes majeurs du programme du pr\u00e9sident Tebboune. Le gouvernement est tenu de bien cerner les d\u00e9fis et les opportunit\u00e9s que permettent les r\u00e9formes de la gouvernance locale, qui a vocation \u00e0 contribuer \u00e0 l\u2019efficacit\u00e9, la transparence et l\u2019ouverture aux citoyens des politiques publiques locales.<br \/>Farid Bouyahia<\/p>\n<p>Auteur: elmoudjahid<br \/>\n<a href=\"http:\/\/www.elmoudjahid.com\/fr\/actualites\/146997\">Cliquez ici pour lire l&rsquo;article depuis sa source.<\/a><\/p>\n","protected":false},"excerpt":{"rendered":"<p>Les grands axes de la feuille de route de l\u2019actuel ex\u00e9cutif, avec \u00e0 sa t\u00eate Abdelaziz Djerad, tournent autour du programme du pr\u00e9sident de la R\u00e9publique, M. Abdelmadjid Tebboune. Sa mise en \u0153uvre n\u00e9cessite l\u2019adh\u00e9sion de l\u2019ensemble des acteurs politiques, \u00e9conomiques et sociaux du pays. Conscient du poids des responsabilit\u00e9s, le chef de l\u2019Etat a [&hellip;]<\/p>\n","protected":false},"author":1744,"featured_media":0,"comment_status":"closed","ping_status":"closed","sticky":false,"template":"","format":"standard","meta":{"fifu_image_url":"","fifu_image_alt":"","footnotes":""},"categories":[73,53],"tags":[],"class_list":["post-72752","post","type-post","status-publish","format-standard","hentry","category-actualite","category-algerie"],"_links":{"self":[{"href":"https:\/\/linitiative.ca\/International\/wp-json\/wp\/v2\/posts\/72752","targetHints":{"allow":["GET"]}}],"collection":[{"href":"https:\/\/linitiative.ca\/International\/wp-json\/wp\/v2\/posts"}],"about":[{"href":"https:\/\/linitiative.ca\/International\/wp-json\/wp\/v2\/types\/post"}],"author":[{"embeddable":true,"href":"https:\/\/linitiative.ca\/International\/wp-json\/wp\/v2\/users\/1744"}],"replies":[{"embeddable":true,"href":"https:\/\/linitiative.ca\/International\/wp-json\/wp\/v2\/comments?post=72752"}],"version-history":[{"count":0,"href":"https:\/\/linitiative.ca\/International\/wp-json\/wp\/v2\/posts\/72752\/revisions"}],"wp:attachment":[{"href":"https:\/\/linitiative.ca\/International\/wp-json\/wp\/v2\/media?parent=72752"}],"wp:term":[{"taxonomy":"category","embeddable":true,"href":"https:\/\/linitiative.ca\/International\/wp-json\/wp\/v2\/categories?post=72752"},{"taxonomy":"post_tag","embeddable":true,"href":"https:\/\/linitiative.ca\/International\/wp-json\/wp\/v2\/tags?post=72752"}],"curies":[{"name":"wp","href":"https:\/\/api.w.org\/{rel}","templated":true}]}}