{"id":72753,"date":"2020-01-11T15:19:05","date_gmt":"2020-01-11T20:19:05","guid":{"rendered":"https:\/\/linitiative.ca\/International\/gouvernance-et-institutions-nouvelle-approche\/"},"modified":"2020-01-11T15:19:05","modified_gmt":"2020-01-11T20:19:05","slug":"gouvernance-et-institutions-nouvelle-approche","status":"publish","type":"post","link":"https:\/\/linitiative.ca\/International\/gouvernance-et-institutions-nouvelle-approche\/","title":{"rendered":"Gouvernance et institutions : Nouvelle approche"},"content":{"rendered":"<p>Le gouvernement a entam\u00e9 l\u2019\u00e9laboration du plan d\u2019action sur la base des instructions et orientations donn\u00e9es par le chef de l\u2019\u00c9tat, lors du dernier Conseil des ministres de dimanche dernier. L\u2019Ex\u00e9cutif, conduit par Abdelaziz Djerad, s\u2019est r\u00e9uni mercredi pour pr\u00e9parer le programme portant mise en \u0153uvre des engagements du pr\u00e9sident de la R\u00e9publique et qui sera soumis \u00e0 l\u2019adoption des deux chambres du Parlement.<br \/>Au cours de cette importante r\u00e9union, le cap a \u00e9t\u00e9 trac\u00e9 et la m\u00e9thodologie de travail expliqu\u00e9e par le Premier ministre, qui a tenu \u00e0 pr\u00e9ciser les grands principes constitutifs du plan d\u2019action en pr\u00e9paration. D\u00e9sormais, les membres du gouvernement sont charg\u00e9s de d\u00e9velopper et de privil\u00e9gier une nouvelle approche en mati\u00e8re de gouvernance et de gestion des affaires publiques, \u00e0 la lumi\u00e8re de la nouvelle politique d\u00e9cid\u00e9e par le chef de l\u2019\u00c9tat.<br \/>La transparence et l\u2019efficacit\u00e9 sont d\u00e9sormais les deux principes \u00e9rig\u00e9s en norme dans la gestion des affaires publiques. Le gouvernement veut obtenir rapidement des r\u00e9sultats palpables sur le terrain, notamment dans les domaines socio-\u00e9conomiques. Les membres du gouvernement sont d\u00e9termin\u00e9s \u00e0 concr\u00e9tiser dans les faits le changement auquel aspire les citoyens, option qui passe par la mise en \u0153uvre rapide, effective et efficace des engagements pris par le pr\u00e9sident de la R\u00e9publique devant le peuple dans son discours d\u2019investiture, le 19 d\u00e9cembre 2019.<br \/>Lors de la r\u00e9union du gouvernement, tenue mercredi, la premi\u00e8re sous la pr\u00e9sidence du Premier ministre Abdelaziz Djerad, les objectifs ont \u00e9t\u00e9 fix\u00e9s et les grands chapitres du plan d\u2019action pr\u00e9cis\u00e9s. Ainsi, parmi les priorit\u00e9s et urgences annonc\u00e9es, figure en haut du tableau, la d\u00e9cision de \u00abd\u00e9bureaucratiser les proc\u00e9dures administratives qui concernent directement les citoyens\u00bb.\u00a0 Cette action va certainement all\u00e9ger le quotidien des citoyens qui souffrent des entraves et lourdeurs des administrations. L\u2019introduction d\u2019une souplesse et d\u2019une flexibilit\u00e9 dans le fonctionnement de l\u2019administration publique \u00e0 tous les niveaux aura des cons\u00e9quences positives dans tous les domaines et contribuera grandement dans le processus de redressement \u00e9conomique qui sera engag\u00e9 prochainement.<br \/>\u00a0 La d\u00e9bureaucratisation dans la phase actuelle est imp\u00e9rative et urgente, afin d\u2019assurer une meilleure prise en charge des pr\u00e9occupations et demandes exprim\u00e9es par le citoyen. Cette action va \u00e9galement pr\u00e9parer un environnement appropri\u00e9 et sain pour la relance du d\u00e9veloppement \u00e9conomique et social du pays. Sur un autre plan, il a \u00e9t\u00e9 d\u00e9cid\u00e9 l\u2019optimisation d\u2019utilisation des budgets de l\u2019\u00c9tat. Cette politique porte sur la rationalisation de la gestion des d\u00e9penses publiques.<br \/>Cette mesure doit \u00eatre scrupuleusement observ\u00e9e dans tous les secteurs d\u2019activit\u00e9 et \u00e0 tous les niveaux, dans le cadre de la pr\u00e9servation des r\u00e9serves du pays. Le Premier ministre a d\u2019ailleurs saisi l\u2019occasion de cette r\u00e9union, pour aborder la structuration du gouvernement. Sur cette question pr\u00e9cis\u00e9ment, il a notamment insist\u00e9 sur l\u2019imp\u00e9rieuse n\u00e9cessit\u00e9 de \u00abprendre rapidement les mesures destin\u00e9es \u00e0 parachever l&rsquo;organisation gouvernementale\u00bb, tout en annon\u00e7ant que \u00ables ministres d\u00e9l\u00e9gu\u00e9s et les secr\u00e9taires d&rsquo;\u00c9tat ne disposeront pas d&rsquo;administrations sp\u00e9cifiques, qui pourraient impacter les d\u00e9penses de fonctionnement de l&rsquo;\u00c9tat\u00bb. Cette mesure entre justement dans le cadre de la politique de rigueur budg\u00e9taire et de rationalisation des d\u00e9penses publiques. Ces deux axes rappel\u00e9s par le Premier ministre donnent, de mani\u00e8re claire, l\u2019orientation g\u00e9n\u00e9rale sur la nouvelle gouvernance en cours de mise en \u0153uvre, conform\u00e9ment aux instructions du chef de l\u2019\u00c9tat. Les contours de cette politique de renouveau institutionnel commencent \u00e0 se pr\u00e9ciser bien avant m\u00eame le parach\u00e8vement de l\u2019op\u00e9ration de l\u2019\u00e9laboration du plan d\u2019action. Un programme qui d\u00e9finira les actions prioritaires \u00e0 m\u00eame de r\u00e9pondre favorablement aux attentes et aspirations du peuple alg\u00e9rien. Il est important de rappeler que la prise en charge des besoins des citoyens demeure le souci et l\u2019objectif principal des pouvoirs publics. Ces derniers d\u00e9ploient d\u2019importants efforts et mobilisent tous les moyens n\u00e9cessaires pour satisfaire les exigences et revendications exprim\u00e9es par les populations. Cette premi\u00e8re r\u00e9union du gouvernement aura servi \u00e0 baliser le cadre pour l\u2019\u00e9laboration d\u2019un plan d\u2019action \u00e0 la hauteur des ambitions de l\u2019Alg\u00e9rie de demain, telle que pr\u00e9sent\u00e9e par le chef de l\u2019\u00c9tat dans son projet portant \u00e9dification dune nouvelle R\u00e9publique o\u00f9 l\u2019\u00c9tat de droit sera une r\u00e9alit\u00e9. \u00c0 pr\u00e9sent et pendant des jours, l\u2019Ex\u00e9cutif concentrera ses efforts sur le contenu du programme qui sera soumis au Conseil des ministres consacr\u00e9 a l\u2019examen, \u00e0 la discussion et \u00e0 l\u2019adoption du plan d\u2019action du cabinet dirig\u00e9 par Abdelaziz Djerad.<br \/>C\u2019est \u00e0 l\u2019issue de cette \u00e9tape que seront connues publiquement et officiellement les mesures et actions pr\u00e9conis\u00e9es pour la concr\u00e9tisation concr\u00e8tes et sur le terrain des engagements du chef de l\u2019\u00c9tat dans son programme pr\u00e9sidentiel. Durant les prochains jours, les regards resteront braqu\u00e9s sur le palais du gouvernement qui abrite les r\u00e9unions au sommet sur les arbitrages, les d\u00e9bats et la finalisation de l\u2019\u00e9laboration du document de la feuille de route de l\u2019Ex\u00e9cutif.<br \/>M. Oumalek<\/p>\n<p>Auteur: elmoudjahid<br \/>\n<a href=\"http:\/\/www.elmoudjahid.com\/fr\/actualites\/146998\">Cliquez ici pour lire l&rsquo;article depuis sa source.<\/a><\/p>\n","protected":false},"excerpt":{"rendered":"<p>Le gouvernement a entam\u00e9 l\u2019\u00e9laboration du plan d\u2019action sur la base des instructions et orientations donn\u00e9es par le chef de l\u2019\u00c9tat, lors du dernier Conseil des ministres de dimanche dernier. L\u2019Ex\u00e9cutif, conduit par Abdelaziz Djerad, s\u2019est r\u00e9uni mercredi pour pr\u00e9parer le programme portant mise en \u0153uvre des engagements du pr\u00e9sident de la R\u00e9publique et qui [&hellip;]<\/p>\n","protected":false},"author":1744,"featured_media":0,"comment_status":"closed","ping_status":"closed","sticky":false,"template":"","format":"standard","meta":{"fifu_image_url":"","fifu_image_alt":"","footnotes":""},"categories":[73,53],"tags":[],"class_list":["post-72753","post","type-post","status-publish","format-standard","hentry","category-actualite","category-algerie"],"_links":{"self":[{"href":"https:\/\/linitiative.ca\/International\/wp-json\/wp\/v2\/posts\/72753","targetHints":{"allow":["GET"]}}],"collection":[{"href":"https:\/\/linitiative.ca\/International\/wp-json\/wp\/v2\/posts"}],"about":[{"href":"https:\/\/linitiative.ca\/International\/wp-json\/wp\/v2\/types\/post"}],"author":[{"embeddable":true,"href":"https:\/\/linitiative.ca\/International\/wp-json\/wp\/v2\/users\/1744"}],"replies":[{"embeddable":true,"href":"https:\/\/linitiative.ca\/International\/wp-json\/wp\/v2\/comments?post=72753"}],"version-history":[{"count":0,"href":"https:\/\/linitiative.ca\/International\/wp-json\/wp\/v2\/posts\/72753\/revisions"}],"wp:attachment":[{"href":"https:\/\/linitiative.ca\/International\/wp-json\/wp\/v2\/media?parent=72753"}],"wp:term":[{"taxonomy":"category","embeddable":true,"href":"https:\/\/linitiative.ca\/International\/wp-json\/wp\/v2\/categories?post=72753"},{"taxonomy":"post_tag","embeddable":true,"href":"https:\/\/linitiative.ca\/International\/wp-json\/wp\/v2\/tags?post=72753"}],"curies":[{"name":"wp","href":"https:\/\/api.w.org\/{rel}","templated":true}]}}