{"id":72754,"date":"2020-01-11T04:36:05","date_gmt":"2020-01-11T09:36:05","guid":{"rendered":"https:\/\/linitiative.ca\/International\/99984-uafa-raouraoua-nomme-a-la-tete-du-comite-d-organisation-des-championnats-arabes\/"},"modified":"2020-01-11T04:36:05","modified_gmt":"2020-01-11T09:36:05","slug":"99984-uafa-raouraoua-nomme-a-la-tete-du-comite-d-organisation-des-championnats-arabes","status":"publish","type":"post","link":"https:\/\/linitiative.ca\/International\/99984-uafa-raouraoua-nomme-a-la-tete-du-comite-d-organisation-des-championnats-arabes\/","title":{"rendered":"UAFA : Raouraoua nomm\u00e9 \u00e0 la t\u00eate du comit\u00e9 d&rsquo;organisation des championnats arabes"},"content":{"rendered":"<p><span class=\"sp-nh-title\">Le pr\u00e9sident Tebboune re\u00e7oit le ministre congolais des Affaires \u00e9trang\u00e8res<\/span> &#8211; <span class=\"sp-nh-date\">samedi 11 janvier 2020 19:53<\/span><\/p>\n<p><span class=\"sp-nh-title\">Le Pr\u00e9sident de la R\u00e9publique charge le Premier ministre de se diriger dimanche \u00e0 Maskat suite au d\u00e9c\u00e8s du sultan Qabous ben Sa\u00efd<\/span> &#8211; <span class=\"sp-nh-date\">samedi 11 janvier 2020 19:39<\/span><\/p>\n<p><span class=\"sp-nh-title\">Mohamed Louber nomm\u00e9 \u00e0 la t\u00eate de l&rsquo;ARAV<\/span> &#8211; <span class=\"sp-nh-date\">samedi 11 janvier 2020 19:13<\/span><\/p>\n<p><span class=\"sp-nh-title\">La troupe Ithissen de Batna, laur\u00e9ate du Festival national de la musique moderne d&rsquo;Oran<\/span> &#8211; <span class=\"sp-nh-date\">samedi 11 janvier 2020 19:07<\/span><\/p>\n<p><span class=\"sp-nh-title\">Le pr\u00e9sident Tebboune re\u00e7oit le ministre congolais des Affaires \u00e9trang\u00e8res<\/span> &#8211; <span class=\"sp-nh-date\">samedi 11 janvier 2020 18:59<\/span><\/p>\n<p><span class=\"sp-nh-title\">Tipasa : ouverture d&rsquo;un colloque scientifique sur Yennayer<\/span> &#8211; <span class=\"sp-nh-date\">samedi 11 janvier 2020 18:53<\/span><\/p>\n<p><span class=\"sp-nh-title\">Mosqu\u00e9e de Paris : Dalil Boubakeur d\u00e9missionne, Chems-Eddine Hafiz le remplace<\/span> &#8211; <span class=\"sp-nh-date\">samedi 11 janvier 2020 18:40<\/span><\/p>\n<p><span class=\"sp-nh-title\">D\u00e9c\u00e8s de l&rsquo;ancien journaliste de l&rsquo;APS Abdelkrim Hamada<\/span> &#8211; <span class=\"sp-nh-date\">samedi 11 janvier 2020 18:28<\/span><\/p>\n<p><span class=\"sp-nh-title\">Tunisie: relance des consultations apr\u00e8s le rejet du gouvernement de Jemli<\/span> &#8211; <span class=\"sp-nh-date\">samedi 11 janvier 2020 18:11<\/span><\/p>\n<p><span class=\"sp-nh-title\">Yennayer 2970: Bouira c\u00e9l\u00e8bre la f\u00eate dans la joie et la convivialit\u00e9<\/span> &#8211; <span class=\"sp-nh-date\">samedi 11 janvier 2020 18:05<\/span><\/p>\n<p><span class=\"sp-nh-title\">Recrutement de plus de 6.000 volontaires pour les jeux m\u00e9diterran\u00e9ens \u00e0 Oran<\/span> &#8211; <span class=\"sp-nh-date\">samedi 11 janvier 2020 18:01<\/span><\/p>\n<p><span class=\"sp-nh-title\">Handball \/ CAN-2020 &#8211; Alg\u00e9rie : Notre objectif est la qualification au Mondial-2021<\/span> &#8211; <span class=\"sp-nh-date\">samedi 11 janvier 2020 17:50<\/span><\/p>\n<p><span class=\"sp-nh-title\">Ouargla\/camp d\u2019astronomie des jeunes Thouraya : cr\u00e9ation de 14 clubs d\u2019astrophotographie<\/span> &#8211; <span class=\"sp-nh-date\">samedi 11 janvier 2020 17:39<\/span><\/p>\n<p><span class=\"sp-nh-title\">Le Pr\u00e9sident Tebboune re\u00e7oit le ministre congolais des Affaires \u00e9trang\u00e8res<\/span> &#8211; <span class=\"sp-nh-date\">samedi 11 janvier 2020 17:13<\/span><\/p>\n<p><span class=\"sp-nh-title\">Nouvel An Amazigh 2970: organisation de plusieurs manifestations \u00e0 Ouargla<\/span> &#8211; <span class=\"sp-nh-date\">samedi 11 janvier 2020 16:34<\/span><\/p>\n<p><span class=\"sp-nh-title\">Arriv\u00e9e \u00e0 Alger du ministre congolais des Affaires \u00e9trang\u00e8res<\/span> &#8211; <span class=\"sp-nh-date\">samedi 11 janvier 2020 16:06<\/span><\/p>\n<p><span class=\"sp-nh-title\">Yennayer, une halte pour rappeler la contribution des Amazighs aux civilisations mondiales<\/span> &#8211; <span class=\"sp-nh-date\">samedi 11 janvier 2020 15:19<\/span><\/p>\n<p><span class=\"sp-nh-title\">Le Polisario condamne l&rsquo;implication de certains Etats africains par le Maroc dans une agression directe contre la RASD<\/span> &#8211; <span class=\"sp-nh-date\">samedi 11 janvier 2020 14:47<\/span><\/p>\n<p><span class=\"sp-nh-title\">Asphyxie au monoxyde de carbone : 4 morts durant les derni\u00e8res 48 heures<\/span> &#8211; <span class=\"sp-nh-date\">samedi 11 janvier 2020 14:41<\/span><\/p>\n<p><span class=\"sp-nh-title\">Belhimer annonce des chantiers de r\u00e9forme globale du secteur\u00a0 de la Communication<\/span> &#8211; <span class=\"sp-nh-date\">samedi 11 janvier 2020 14:21<\/span><\/p>\n<p>Auteur:<br \/>\n<a href=\"http:\/\/www.aps.dz\/sport\/99984-uafa-raouraoua-nomme-a-la-tete-du-comite-d-organisation-des-championnats-arabes?utm_source=feedburner&#038;utm_medium=feed&#038;utm_campaign=Feed%3A+aps-sport+%28APS+-+SPORT%29\">Cliquez ici pour lire l&rsquo;article depuis sa source.<\/a><\/p>\n","protected":false},"excerpt":{"rendered":"<p>Le pr\u00e9sident Tebboune re\u00e7oit le ministre congolais des Affaires \u00e9trang\u00e8res &#8211; samedi 11 janvier 2020 19:53 Le Pr\u00e9sident de la R\u00e9publique charge le Premier ministre de se diriger dimanche \u00e0 Maskat suite au d\u00e9c\u00e8s du sultan Qabous ben Sa\u00efd &#8211; samedi 11 janvier 2020 19:39 Mohamed Louber nomm\u00e9 \u00e0 la t\u00eate de l&rsquo;ARAV &#8211; samedi [&hellip;]<\/p>\n","protected":false},"author":1790,"featured_media":0,"comment_status":"closed","ping_status":"closed","sticky":false,"template":"","format":"standard","meta":{"fifu_image_url":"","fifu_image_alt":"","footnotes":""},"categories":[53,75],"tags":[],"class_list":["post-72754","post","type-post","status-publish","format-standard","hentry","category-algerie","category-sport"],"_links":{"self":[{"href":"https:\/\/linitiative.ca\/International\/wp-json\/wp\/v2\/posts\/72754","targetHints":{"allow":["GET"]}}],"collection":[{"href":"https:\/\/linitiative.ca\/International\/wp-json\/wp\/v2\/posts"}],"about":[{"href":"https:\/\/linitiative.ca\/International\/wp-json\/wp\/v2\/types\/post"}],"author":[{"embeddable":true,"href":"https:\/\/linitiative.ca\/International\/wp-json\/wp\/v2\/users\/1790"}],"replies":[{"embeddable":true,"href":"https:\/\/linitiative.ca\/International\/wp-json\/wp\/v2\/comments?post=72754"}],"version-history":[{"count":0,"href":"https:\/\/linitiative.ca\/International\/wp-json\/wp\/v2\/posts\/72754\/revisions"}],"wp:attachment":[{"href":"https:\/\/linitiative.ca\/International\/wp-json\/wp\/v2\/media?parent=72754"}],"wp:term":[{"taxonomy":"category","embeddable":true,"href":"https:\/\/linitiative.ca\/International\/wp-json\/wp\/v2\/categories?post=72754"},{"taxonomy":"post_tag","embeddable":true,"href":"https:\/\/linitiative.ca\/International\/wp-json\/wp\/v2\/tags?post=72754"}],"curies":[{"name":"wp","href":"https:\/\/api.w.org\/{rel}","templated":true}]}}