{"id":72757,"date":"2020-01-11T12:01:28","date_gmt":"2020-01-11T17:01:28","guid":{"rendered":"https:\/\/linitiative.ca\/International\/100004-recrutement-de-plus-de-6-000-volontaires-en-prevision-des-jeux-mediterraneens-a-oran\/"},"modified":"2020-01-11T12:01:28","modified_gmt":"2020-01-11T17:01:28","slug":"100004-recrutement-de-plus-de-6-000-volontaires-en-prevision-des-jeux-mediterraneens-a-oran","status":"publish","type":"post","link":"https:\/\/linitiative.ca\/International\/100004-recrutement-de-plus-de-6-000-volontaires-en-prevision-des-jeux-mediterraneens-a-oran\/","title":{"rendered":"Recrutement de plus de 6.000 volontaires pour les jeux m\u00e9diterran\u00e9ens \u00e0 Oran"},"content":{"rendered":"<div readability=\"38\">\n<p><strong>BECHAR- Plus de 6.000 jeunes volontaires des deux sexes et de diff\u00e9rentes wilayas du pays seront recrut\u00e9s au titre de la 19\u00e9 \u00e9dition des Jeux m\u00e9diterran\u00e9ens (JM), qui se tiendra \u00e0 Oran du 25 juin au 5 juillet 2021, a-t-on appris samedi \u00e0 Bechar aupr\u00e8s du responsable du service de la commission presse, information et communication des JM.<\/strong><\/p>\n<\/div>\n<div readability=\"83\">\n<p>\u00ab\u00a0Nous allons proc\u00e9der au recrutement de jeunes volontaires issus des diff\u00e9rentes wilayas du pays pour prendre part \u00e0 l\u2019organisation et au d\u00e9roulement de cet \u00e9v\u00e9nement sportif r\u00e9gional que notre pays accueillerapour la deuxi\u00e8me fois,et ce, apr\u00e8s 46 ans du d\u00e9roulement de la 7e \u00e9dition des JM\u00a0 \u00e0 Alger (23 ao\u00fbt &#8211; 6 septembre 1975 ), a d\u00e9clar\u00e9 \u00e0 l\u2019APS Ameri Amine, et ce, apr\u00e8s le coup d\u2019envoi de la caravane sportive et touristique pour la promotion des JM aupr\u00e8s des populations des diff\u00e9rentes villes du pays.<\/p>\n<blockquote readability=\"12\">\n<p><em><strong>\u00ab\u00a0La caravane mobile dont le d\u00e9part a eu lieu vendredi matin de la ville d\u2019Oran, sillonnera durant son parcours les villes et villages du pays pour faire la promotion de cet \u00e9v\u00e9nement sportif international auquel prendront part les athl\u00e8tes de 26 pays du pourtour m\u00e9diterran\u00e9en,et ce, dans 24 disciplines sportives\u00a0\u00bb, a signal\u00e9 M.Ameri.<\/strong><\/em><\/p>\n<\/blockquote>\n<p>\u00ab\u00a0Plusieurs membres du comit\u00e9 d\u2019organisation de ces jeux animent cette caravane mobile compos\u00e9e de voitures d\u2019anciens mod\u00e8le dans le but de cr\u00e9er de l\u2019animation durant tout le parcours et des arr\u00eats de la caravane dans les places publiques des villes et villages, a ajout\u00e9 le responsable.<\/p>\n<p>\u00ab\u00a0Actuellement nous avons form\u00e9 1.000 jeunes volontaires pour les besoins de ces jeux, et ce, au titre du programme d&rsquo;activit\u00e9 du comit\u00e9 d&rsquo;organisation de ces jeux.\u00a0\u00bb, a-t-il pr\u00e9cis\u00e9.<\/p>\n<blockquote readability=\"14\">\n<p><em><strong>\u00ab\u00a0Dirig\u00e9e par le directeur g\u00e9n\u00e9ral du comit\u00e9 d\u2019organisation de ces jeux, Salim Iles en coordination avec la commission de l&rsquo;h\u00e9bergement et de la restauration, la commission du protocole et d&rsquo;accr\u00e9ditation, la commission de la communication et la commission de la formation et du volontariat, la caravane poursuivra sa campagne de sensibilisation sur le volontariat \u00e0 ces jeux \u00e0 Taghit (97 km au sud de Bechar), en marge du Triathlon Afrique du Nord qui se d\u00e9roule \u00e0 Taghit du 11 au 13 janvier 2020 avec la participation d&rsquo;une centaine d&rsquo;athl\u00e8tes venant de diff\u00e9rents pays et faisant principalement partie de l&rsquo;association internationale de l&rsquo;Aviron\u00a0\u00bb, a expliqu\u00e9 M. Ameri.<\/strong><\/em><\/p>\n<\/blockquote>\n<p>\u00ab\u00a0Le d\u00e9placement des membres du comit\u00e9 d\u2019organisation des jeux m\u00e9diterran\u00e9ens,(COJM),s&rsquo;inscrit aussi dans le cadre des objectifs du comit\u00e9 international de ces jeux, visant essentiellement la sensibilisation d&rsquo;un maximum de volontaires hors wilaya sur l&rsquo;importance de la solidarit\u00e9, de la tol\u00e9rance, de la paix, de la lutte contre le racisme ainsi que sur le l&rsquo;importance de\u00a0 d\u00e9velopper le principe de la citoyennet\u00e9\u00a0\u00bb, a-t-il indiqu\u00e9.<\/p>\n<p>\u00ab\u00a0L\u2019un des objectifs du COJM consiste \u00e0 sensibiliser un maximum de jeunes volontaires appartenant aux diff\u00e9rentes wilayas du sud du pays, conform\u00e9ment au calendrier de sensibilisation sur ces jeux, et ce, dans lecadre la strat\u00e9gie du COJM, qui correspond aux orientations du minist\u00e8re de la Jeunesse et des sports ainsi qu&rsquo;\u00e0 celles du gouvernement et de l&rsquo;Etat alg\u00e9rien\u00a0\u00bb, a fait savoir M.Ameri.<\/p>\n<\/div>\n<p>Auteur:<br \/>\n<a href=\"http:\/\/www.aps.dz\/sport\/100004-recrutement-de-plus-de-6-000-volontaires-en-prevision-des-jeux-mediterraneens-a-oran?utm_source=feedburner&#038;utm_medium=feed&#038;utm_campaign=Feed%3A+aps-sport+%28APS+-+SPORT%29\">Cliquez ici pour lire l&rsquo;article depuis sa source.<\/a><\/p>\n","protected":false},"excerpt":{"rendered":"<p>BECHAR- Plus de 6.000 jeunes volontaires des deux sexes et de diff\u00e9rentes wilayas du pays seront recrut\u00e9s au titre de la 19\u00e9 \u00e9dition des Jeux m\u00e9diterran\u00e9ens (JM), qui se tiendra \u00e0 Oran du 25 juin au 5 juillet 2021, a-t-on appris samedi \u00e0 Bechar aupr\u00e8s du responsable du service de la commission presse, information et [&hellip;]<\/p>\n","protected":false},"author":1790,"featured_media":0,"comment_status":"closed","ping_status":"closed","sticky":false,"template":"","format":"standard","meta":{"fifu_image_url":"","fifu_image_alt":"","footnotes":""},"categories":[53,75],"tags":[],"class_list":["post-72757","post","type-post","status-publish","format-standard","hentry","category-algerie","category-sport"],"_links":{"self":[{"href":"https:\/\/linitiative.ca\/International\/wp-json\/wp\/v2\/posts\/72757","targetHints":{"allow":["GET"]}}],"collection":[{"href":"https:\/\/linitiative.ca\/International\/wp-json\/wp\/v2\/posts"}],"about":[{"href":"https:\/\/linitiative.ca\/International\/wp-json\/wp\/v2\/types\/post"}],"author":[{"embeddable":true,"href":"https:\/\/linitiative.ca\/International\/wp-json\/wp\/v2\/users\/1790"}],"replies":[{"embeddable":true,"href":"https:\/\/linitiative.ca\/International\/wp-json\/wp\/v2\/comments?post=72757"}],"version-history":[{"count":0,"href":"https:\/\/linitiative.ca\/International\/wp-json\/wp\/v2\/posts\/72757\/revisions"}],"wp:attachment":[{"href":"https:\/\/linitiative.ca\/International\/wp-json\/wp\/v2\/media?parent=72757"}],"wp:term":[{"taxonomy":"category","embeddable":true,"href":"https:\/\/linitiative.ca\/International\/wp-json\/wp\/v2\/categories?post=72757"},{"taxonomy":"post_tag","embeddable":true,"href":"https:\/\/linitiative.ca\/International\/wp-json\/wp\/v2\/tags?post=72757"}],"curies":[{"name":"wp","href":"https:\/\/api.w.org\/{rel}","templated":true}]}}