{"id":72771,"date":"2020-01-11T01:09:18","date_gmt":"2020-01-11T06:09:18","guid":{"rendered":"https:\/\/linitiative.ca\/International\/oman-deces-du-sultan-qabous\/"},"modified":"2020-01-11T01:09:18","modified_gmt":"2020-01-11T06:09:18","slug":"oman-deces-du-sultan-qabous","status":"publish","type":"post","link":"https:\/\/linitiative.ca\/International\/oman-deces-du-sultan-qabous\/","title":{"rendered":"Oman : D\u00e9c\u00e8s du sultan Qabous"},"content":{"rendered":"<p><strong>Le sultan d\u2019Oman Qabous, est d\u00e9c\u00e9d\u00e9 \u00e0 l\u2019\u00e2ge de 79 ans, a annonc\u00e9 samedi le cabinet royal \u00e0 l\u2019agence de presse officielle omanaise.<\/strong><\/p>\n<div class=\"c10\"\/>\n<p>\u00ab\u00a0C\u2019est avec tristesse (\u2026) que le sultanat d\u2019Oman pleure notre sultan Qabous ben Sa\u00efd qui a \u00e9t\u00e9 rappel\u00e9 \u00e0 Dieu vendredi soir\u00a0\u00bb, a indiqu\u00e9 l\u2019agence Oman News Agency citant un communiqu\u00e9 du cabinet royal.<\/p>\n<p>N\u00e9 le 18 novembre 1940 \u00e0 Salalah, dans la province du Dhofar (sud), o\u00f9 il a \u00e9t\u00e9 \u00e0 l\u2019\u00e9cole, Qabous ben Sa\u00efd entre \u00e0 20 ans \u00e0 la Royal Military Academy de Sandhurst, en Grande-Bretagne, d\u2019o\u00f9 il sort lieutenant apr\u00e8s deux ans d\u2019\u00e9tudes. Il passe ensuite un an au sein d\u2019un bataillon de l\u2019arm\u00e9e britannique bas\u00e9 en Allemagne.<\/p>\n<p>Le 23 juillet 1970, il acc\u00e8de au tr\u00f4ne et entreprend de moderniser ce qui est alors le pays le plus pauvre de la p\u00e9ninsule arabique, mais qui commence \u00e0 exporter du p\u00e9trole. Le d\u00e9funt a \u00e9t\u00e9 le 8e souverain Al Bou Sa\u00efd, une dynastie au pouvoir depuis 1749.<\/p>\n<div class=\"c17\">\n<fieldset class=\"c16\">\n<legend><strong><span class=\"c11\">Challenge<\/span><span class=\"c12\">news<\/span><\/strong><\/legend>\n<div class=\"c15\">Le meilleur de Challenge s\u00e9lectionn\u00e9 par la r\u00e9daction :<\/p>\n<\/div>\n<\/fieldset>\n<\/div>\n<p>Auteur: challenge<br \/>\n<a href=\"https:\/\/www.challenge.ma\/oman-deces-du-sultan-qabous-127797\/\">Cliquez ici pour lire l&rsquo;article depuis sa source.<\/a><\/p>\n","protected":false},"excerpt":{"rendered":"<p>Le sultan d\u2019Oman Qabous, est d\u00e9c\u00e9d\u00e9 \u00e0 l\u2019\u00e2ge de 79 ans, a annonc\u00e9 samedi le cabinet royal \u00e0 l\u2019agence de presse officielle omanaise. \u00ab\u00a0C\u2019est avec tristesse (\u2026) que le sultanat d\u2019Oman pleure notre sultan Qabous ben Sa\u00efd qui a \u00e9t\u00e9 rappel\u00e9 \u00e0 Dieu vendredi soir\u00a0\u00bb, a indiqu\u00e9 l\u2019agence Oman News Agency citant un communiqu\u00e9 du [&hellip;]<\/p>\n","protected":false},"author":1787,"featured_media":0,"comment_status":"closed","ping_status":"closed","sticky":false,"template":"","format":"standard","meta":{"fifu_image_url":"","fifu_image_alt":"","footnotes":""},"categories":[78,54],"tags":[],"class_list":["post-72771","post","type-post","status-publish","format-standard","hentry","category-economie","category-maroc"],"_links":{"self":[{"href":"https:\/\/linitiative.ca\/International\/wp-json\/wp\/v2\/posts\/72771","targetHints":{"allow":["GET"]}}],"collection":[{"href":"https:\/\/linitiative.ca\/International\/wp-json\/wp\/v2\/posts"}],"about":[{"href":"https:\/\/linitiative.ca\/International\/wp-json\/wp\/v2\/types\/post"}],"author":[{"embeddable":true,"href":"https:\/\/linitiative.ca\/International\/wp-json\/wp\/v2\/users\/1787"}],"replies":[{"embeddable":true,"href":"https:\/\/linitiative.ca\/International\/wp-json\/wp\/v2\/comments?post=72771"}],"version-history":[{"count":0,"href":"https:\/\/linitiative.ca\/International\/wp-json\/wp\/v2\/posts\/72771\/revisions"}],"wp:attachment":[{"href":"https:\/\/linitiative.ca\/International\/wp-json\/wp\/v2\/media?parent=72771"}],"wp:term":[{"taxonomy":"category","embeddable":true,"href":"https:\/\/linitiative.ca\/International\/wp-json\/wp\/v2\/categories?post=72771"},{"taxonomy":"post_tag","embeddable":true,"href":"https:\/\/linitiative.ca\/International\/wp-json\/wp\/v2\/tags?post=72771"}],"curies":[{"name":"wp","href":"https:\/\/api.w.org\/{rel}","templated":true}]}}