{"id":72772,"date":"2020-01-11T06:33:08","date_gmt":"2020-01-11T11:33:08","guid":{"rendered":"https:\/\/linitiative.ca\/International\/mobilisation-en-faveur-des-entrepreneurs-de-loriental\/"},"modified":"2020-01-11T06:33:08","modified_gmt":"2020-01-11T11:33:08","slug":"mobilisation-en-faveur-des-entrepreneurs-de-loriental","status":"publish","type":"post","link":"https:\/\/linitiative.ca\/International\/mobilisation-en-faveur-des-entrepreneurs-de-loriental\/","title":{"rendered":"Mobilisation en faveur des entrepreneurs de l\u2019Oriental"},"content":{"rendered":"<p><strong>Les efforts pour soutenir le d\u00e9veloppement de l\u2019\u00e9cosyst\u00e8me entrepreneurial de la r\u00e9gion de l\u2019Oriental s\u2019intensifient.<\/strong><\/p>\n<div class=\"c10\"\/>\n<p>Apr\u00e8s le groupe <strong>Banque Populaire<\/strong> qui a r\u00e9cemment sign\u00e9 un protocole d\u2019accord avec les autorit\u00e9s de la r\u00e9gion pour stimuler le d\u00e9veloppement de l\u2019entrepreneuriat via la mise en place d\u2019offres bancaires adapt\u00e9es aux besoins de ses entrepreneurs, c\u2019est autour de l\u2019<strong>Association \u00ab\u00a0Oriental Moubadara\u00a0\u00bb<\/strong> de r\u00e9affirmer son engagement. L\u2019association a en effet organis\u00e9 le 10 janvier \u00e0 Oujda, une journ\u00e9e d\u2019\u00e9tude autour du lancement du programme de financement, d\u2019accompagnement et de formation des auto-entrepreneurs de la r\u00e9gion de l\u2019<strong>Oriental<\/strong>.<\/p>\n<p>Lire aussi: <a href=\"https:\/\/www.challenge.ma\/tag\/groupe-banque-populaire\/\">Mohamed Karim Mounir soutient l\u2019entrepreneuriat dans l\u2019Oriental<\/a><\/p>\n<p>Initi\u00e9e en collaboration avec <strong>Maroc PME<\/strong> et la Chambre de Commerce, d\u2019industrie et de Services (CCIS) de l\u2019Oriental, cette rencontre d\u2019information et de sensibilisation s\u2019inscrit dans le cadre de la promotion de l\u2019esprit d\u2019entrepreneuriat et l\u2019<strong>auto-emploi des jeunes<\/strong>. Elle a constitu\u00e9 une occasion pour fournir des explications d\u00e9taill\u00e9es sur les nouveaut\u00e9s et les avantages du statut d\u2019auto-entrepreneur, destin\u00e9 \u00e0 faciliter l\u2019int\u00e9gration des porteurs de projets dans le secteur formel et qui offre un nouveau m\u00e9canisme juridique pour absorber le ch\u00f4mage.<\/p>\n<div class=\"wp-block-embed__wrapper\"><iframe loading=\"lazy\" title=\"Karim Episode 3\" width=\"1140\" height=\"641\" src=\"https:\/\/www.youtube.com\/embed\/m9KIgu2IXlk?feature=oembed\" frameborder=\"0\" allow=\"accelerometer; autoplay; encrypted-media; gyroscope; picture-in-picture\" allowfullscreen=\"\">[embedded content]<\/iframe><\/div>\n<p>Le statut d\u2019auto-entrepreneur, mis en place en vertu de la loi 114-13, est l\u2019une des initiatives phares pour la promotion de l\u2019entrepreneuriat, ont soulign\u00e9 les intervenants qui ont mis l\u2019accent sur les avantages de ce cadre juridique et les d\u00e9marches d\u2019inscription au <strong>Registre Nationale de l\u2019Auto-Entrepreneur<\/strong> (RNAE) et de cr\u00e9ation de l\u2019auto-entreprise. Selon le pr\u00e9sident de l\u2019Association \u00ab\u00a0Oriental Moubadara\u00a0\u00bb, Jawad Benaddi, cette rencontre de sensibilisation rentre dans le sillage du partenariat liant l\u2019association et Maroc PME et qui vise l\u2019accompagnement des auto-entrepreneurs et le financement des porteurs de projets \u00e0 travers des pr\u00eats d\u2019honneur. \u00ab\u00a0Les jeunes ont beaucoup plus besoin d\u2019une formation et d\u2019un accompagnement, en amont et en aval, que du financement pour r\u00e9ussir leurs projets et apprendre \u00e0 d\u00e9passer les difficult\u00e9s rencontr\u00e9es dans la gestion de l\u2019entreprise\u00a0\u00bb, a-t-il fait remarquer.<\/p>\n<p>Pour ce qui est des pr\u00eats d\u2019honneur, qui sont sans int\u00e9r\u00eats et sans garanties, Jawad Benaddi a expliqu\u00e9 que le plafond pour les auto-entrepreneurs, qui doivent \u00eatre \u00e2g\u00e9s de 18 ans et plus, est fix\u00e9 \u00e0 50.000 DH, et qu\u2019ils sont d\u00e9di\u00e9s exclusivement au financement des <strong>investissements<\/strong> en mat\u00e9riel de production et \u00e9quipements et pas au fonds de roulement. \u00ab\u00a0Notre objectif dans le cadre du partenariat avec Maroc PME est de financer plus de cent projets au niveau de la r\u00e9gion de l\u2019Oriental pour promouvoir la cr\u00e9ation d\u2019emploi, et ce dans diff\u00e9rents secteurs d\u2019activit\u00e9\u00a0\u00bb, a-t-il soulign\u00e9.<\/p>\n<p>De son c\u00f4t\u00e9, le premier vice-pr\u00e9sident de la CCIS de l\u2019Oriental, Brahim Fatchatt a pr\u00e9cis\u00e9 que cette rencontre s\u2019inscrit dans le cadre de la strat\u00e9gie de la Chambre en mati\u00e8re de communication avec les petites entreprises qui jouent un r\u00f4le important dans le <strong>tissu \u00e9conomique<\/strong>. Il a notamment soulign\u00e9 dans son intervention le succ\u00e8s que conna\u00eet le statut de l\u2019entrepreneur quatre ans apr\u00e8s son lancement, et ce \u00e0 la faveur des avantages fiscaux en vigueur et des facilit\u00e9s octroy\u00e9es pour la cr\u00e9ation d\u2019une entreprise.<\/p>\n<p>Selon lui, les efforts doivent porter non seulement sur la cr\u00e9ation d\u2019un nombre d\u00e9termin\u00e9 d\u2019entreprises dans le cadre de ce r\u00e9gime, mais aussi et surtout sur les moyens d\u2019assurer leur continuit\u00e9 \u00e0 travers l\u2019accompagnement, le financement et le renforcement de leurs <strong>capacit\u00e9s comp\u00e9titives<\/strong> afin qu\u2019elles puissent contribuer activement au processus de d\u00e9veloppement \u00e9conomique, tant au niveau r\u00e9gional qu\u2019\u00e0 l\u2019\u00e9chelon national.<\/p>\n<div class=\"c17\">\n<fieldset class=\"c16\">\n<legend><strong><span class=\"c11\">Challenge<\/span><span class=\"c12\">news<\/span><\/strong><\/legend>\n<div class=\"c15\">Le meilleur de Challenge s\u00e9lectionn\u00e9 par la r\u00e9daction :<\/p>\n<\/div>\n<\/fieldset>\n<\/div>\n<p>Auteur: challenge<br \/>\n<a href=\"https:\/\/www.challenge.ma\/mobilisation-tous-azimuts-en-faveur-des-entrepreneurs-de-loriental-127823\/\">Cliquez ici pour lire l&rsquo;article depuis sa source.<\/a><\/p>\n","protected":false},"excerpt":{"rendered":"<p>Les efforts pour soutenir le d\u00e9veloppement de l\u2019\u00e9cosyst\u00e8me entrepreneurial de la r\u00e9gion de l\u2019Oriental s\u2019intensifient. Apr\u00e8s le groupe Banque Populaire qui a r\u00e9cemment sign\u00e9 un protocole d\u2019accord avec les autorit\u00e9s de la r\u00e9gion pour stimuler le d\u00e9veloppement de l\u2019entrepreneuriat via la mise en place d\u2019offres bancaires adapt\u00e9es aux besoins de ses entrepreneurs, c\u2019est autour de [&hellip;]<\/p>\n","protected":false},"author":1787,"featured_media":0,"comment_status":"closed","ping_status":"closed","sticky":false,"template":"","format":"standard","meta":{"fifu_image_url":"","fifu_image_alt":"","footnotes":""},"categories":[78,54],"tags":[],"class_list":["post-72772","post","type-post","status-publish","format-standard","hentry","category-economie","category-maroc"],"_links":{"self":[{"href":"https:\/\/linitiative.ca\/International\/wp-json\/wp\/v2\/posts\/72772","targetHints":{"allow":["GET"]}}],"collection":[{"href":"https:\/\/linitiative.ca\/International\/wp-json\/wp\/v2\/posts"}],"about":[{"href":"https:\/\/linitiative.ca\/International\/wp-json\/wp\/v2\/types\/post"}],"author":[{"embeddable":true,"href":"https:\/\/linitiative.ca\/International\/wp-json\/wp\/v2\/users\/1787"}],"replies":[{"embeddable":true,"href":"https:\/\/linitiative.ca\/International\/wp-json\/wp\/v2\/comments?post=72772"}],"version-history":[{"count":0,"href":"https:\/\/linitiative.ca\/International\/wp-json\/wp\/v2\/posts\/72772\/revisions"}],"wp:attachment":[{"href":"https:\/\/linitiative.ca\/International\/wp-json\/wp\/v2\/media?parent=72772"}],"wp:term":[{"taxonomy":"category","embeddable":true,"href":"https:\/\/linitiative.ca\/International\/wp-json\/wp\/v2\/categories?post=72772"},{"taxonomy":"post_tag","embeddable":true,"href":"https:\/\/linitiative.ca\/International\/wp-json\/wp\/v2\/tags?post=72772"}],"curies":[{"name":"wp","href":"https:\/\/api.w.org\/{rel}","templated":true}]}}