{"id":72773,"date":"2020-01-11T09:28:01","date_gmt":"2020-01-11T14:28:01","guid":{"rendered":"https:\/\/linitiative.ca\/International\/marche-automobile-laivam-dresse-le-bilan-de-lannee-ecoulee\/"},"modified":"2020-01-11T09:28:01","modified_gmt":"2020-01-11T14:28:01","slug":"marche-automobile-laivam-dresse-le-bilan-de-lannee-ecoulee","status":"publish","type":"post","link":"https:\/\/linitiative.ca\/International\/marche-automobile-laivam-dresse-le-bilan-de-lannee-ecoulee\/","title":{"rendered":"March\u00e9 automobile : L\u2019AIVAM dresse le bilan de l\u2019ann\u00e9e \u00e9coul\u00e9e"},"content":{"rendered":"<p><strong>Le bilan relatif au march\u00e9 automobile des v\u00e9hicules neufs dans le Royaume \u00e0 fin 2019 a \u00e9t\u00e9 d\u00e9voil\u00e9\u00a0par l\u2019Association des importateurs de v\u00e9hicules au Maroc (AIVAM), lors d\u2019une conf\u00e9rence de presse tenue en pr\u00e9sence de l\u2019ensemble des op\u00e9rateurs du secteur automobile permettant d\u2019appr\u00e9cier, chiffres \u00e0 l\u2019appui, les performances du march\u00e9 des v\u00e9hicules neufs pour l\u2019ann\u00e9e \u00e9coul\u00e9e.\u00a0<\/strong><\/p>\n<div class=\"c16\">\n<fieldset class=\"c15\">\n<legend><strong><span class=\"c10\">Challenge<\/span><span class=\"c11\">news<\/span><\/strong><\/legend>\n<div class=\"c14\">Le meilleur de Challenge s\u00e9lectionn\u00e9 par la r\u00e9daction :<\/p>\n<\/div>\n<\/fieldset>\n<\/div>\n<p>Auteur: David J\u00e9r\u00e9mie<br \/>\n<a href=\"https:\/\/www.challenge.ma\/marche-automobile-laivam-dresse-le-bilan-de-lannee-ecoulee-127813\/\">Cliquez ici pour lire l&rsquo;article depuis sa source.<\/a><\/p>\n","protected":false},"excerpt":{"rendered":"<p>Le bilan relatif au march\u00e9 automobile des v\u00e9hicules neufs dans le Royaume \u00e0 fin 2019 a \u00e9t\u00e9 d\u00e9voil\u00e9\u00a0par l\u2019Association des importateurs de v\u00e9hicules au Maroc (AIVAM), lors d\u2019une conf\u00e9rence de presse tenue en pr\u00e9sence de l\u2019ensemble des op\u00e9rateurs du secteur automobile permettant d\u2019appr\u00e9cier, chiffres \u00e0 l\u2019appui, les performances du march\u00e9 des v\u00e9hicules neufs pour l\u2019ann\u00e9e [&hellip;]<\/p>\n","protected":false},"author":1787,"featured_media":0,"comment_status":"closed","ping_status":"closed","sticky":false,"template":"","format":"standard","meta":{"fifu_image_url":"","fifu_image_alt":"","footnotes":""},"categories":[78,54],"tags":[],"class_list":["post-72773","post","type-post","status-publish","format-standard","hentry","category-economie","category-maroc"],"_links":{"self":[{"href":"https:\/\/linitiative.ca\/International\/wp-json\/wp\/v2\/posts\/72773","targetHints":{"allow":["GET"]}}],"collection":[{"href":"https:\/\/linitiative.ca\/International\/wp-json\/wp\/v2\/posts"}],"about":[{"href":"https:\/\/linitiative.ca\/International\/wp-json\/wp\/v2\/types\/post"}],"author":[{"embeddable":true,"href":"https:\/\/linitiative.ca\/International\/wp-json\/wp\/v2\/users\/1787"}],"replies":[{"embeddable":true,"href":"https:\/\/linitiative.ca\/International\/wp-json\/wp\/v2\/comments?post=72773"}],"version-history":[{"count":0,"href":"https:\/\/linitiative.ca\/International\/wp-json\/wp\/v2\/posts\/72773\/revisions"}],"wp:attachment":[{"href":"https:\/\/linitiative.ca\/International\/wp-json\/wp\/v2\/media?parent=72773"}],"wp:term":[{"taxonomy":"category","embeddable":true,"href":"https:\/\/linitiative.ca\/International\/wp-json\/wp\/v2\/categories?post=72773"},{"taxonomy":"post_tag","embeddable":true,"href":"https:\/\/linitiative.ca\/International\/wp-json\/wp\/v2\/tags?post=72773"}],"curies":[{"name":"wp","href":"https:\/\/api.w.org\/{rel}","templated":true}]}}