{"id":72778,"date":"2020-01-11T16:50:03","date_gmt":"2020-01-11T21:50:03","guid":{"rendered":"https:\/\/linitiative.ca\/International\/tunisie-ghannouchi-attendait-la-fin-du-vote-de-confiance-pour-aller-feliciter-erdogan-pour-la-nouvelle-voiture-turque\/"},"modified":"2020-01-11T16:50:03","modified_gmt":"2020-01-11T21:50:03","slug":"tunisie-ghannouchi-attendait-la-fin-du-vote-de-confiance-pour-aller-feliciter-erdogan-pour-la-nouvelle-voiture-turque","status":"publish","type":"post","link":"https:\/\/linitiative.ca\/International\/tunisie-ghannouchi-attendait-la-fin-du-vote-de-confiance-pour-aller-feliciter-erdogan-pour-la-nouvelle-voiture-turque\/","title":{"rendered":"Tunisie \u2013 Ghannouchi attendait la fin du vote de confiance pour aller f\u00e9liciter Erdogan pour la nouvelle voiture turque\u00a0!!!"},"content":{"rendered":"<div class=\"post-cont-in left relative\">\n<p>Dans une tentative de trouver une explication \u00ab\u00a0acceptable\u00a0\u00bb \u00e0 sa visite, non d\u00e9clar\u00e9e, en Turquie, le lendemain de la chute du gouvernement propos\u00e9 par son parti, <a href=\"https:\/\/www.tunisienumerique.com\/tunisie-actualite\/rached-ghannouchi\/\" title=\"Rached Ghannouchi\" target=\"_top\" class=\"auto-link\" rel=\"noopener noreferrer\">Rached Ghannouchi<\/a> ,pour une fois en panne d\u2019imagination, n\u2019a rien trouv\u00e9 de mieux que de pr\u00e9tendre qu\u2019il est all\u00e9 \u00e0 Istanbul, pour f\u00e9liciter le pr\u00e9sident turc, suite \u00e0 la mise en circulation d\u2019une voiture pr\u00e9tendue de fabrication turque.<\/p>\n<div class=\"code-block code-block-1 c3\"><ins class=\"adsbygoogle c2\" data-ad-layout=\"in-article\" data-ad-format=\"fluid\" data-ad-client=\"ca-pub-2102118777505746\" data-ad-slot=\"7301775417\"\/> <\/div>\n<p>Il faut croire que Ghannouchi vit tr\u00e8s mal sa d\u00e9faite d\u2019hier, et l\u2019assaut qui en a r\u00e9sult\u00e9, contre lui, de la part des membres de son parti, pour qu\u2019il soit \u00ab\u00a0perturb\u00e9\u00a0\u00bb au point, d\u2019\u00eatre \u00e0 court d\u2019id\u00e9es pour donner une explication plausible \u00e0 sa visite \u00e9clair \u00e0 Istanbul, le lendemain, m\u00eame d\u2019un marathon au parlement, qui s\u2019est conclu par une d\u00e9faite cuisante de son parti, mais aussi, et surtout, par l\u2019\u00e9mergence, pour la premi\u00e8re fois, d\u2019un front politique, capable de d\u00e9tr\u00f4ner son parti et de l\u2019\u00e9carter du pouvoir.<\/p>\n<p>Car il est impensable que Rached Ghannouchi, et apr\u00e8s tout ce qui s\u2019est pass\u00e9, ces derni\u00e8res semaines, et le revers subi par son mouvement, ait eu \u00e0 l\u2019esprit, \u00e0 peine le vote fini, de prendre l\u2019avion pour aller se r\u00e9unir, \u00e0 huis clos, avec <a href=\"https:\/\/www.tunisienumerique.com\/tunisie-actualite\/erdogan\/\" title=\"Erdogan\" target=\"_top\" class=\"auto-link\" rel=\"noopener noreferrer\">Erdogan<\/a> pour\u2026 le f\u00e9liciter suite \u00e0 la mise en circulation d\u2019une voiture suppos\u00e9e de fabrication turque.<\/p>\n<p>Mais\u2026 Bon\u00a0!<\/p>\n<p><img loading=\"lazy\" decoding=\"async\" class=\"aligncenter size-full wp-image-489023\" src=\"https:\/\/www.tunisienumerique.com\/wp-content\/uploads\/2020\/01\/erdo-ghan.jpg\" alt=\"\" width=\"550\" height=\"666\"\/><\/p>\n<div class=\"swp_social_panel swp_horizontal_panel swp_flat_fresh swp_default_full_color swp_individual_full_color swp_other_full_color scale-100 scale-\" data-min-width=\"1100\" data-float-color=\"#ffffff\" data-float=\"bottom\" data-float-mobile=\"bottom\" data-transition=\"slide\">\n<div class=\"nc_tweetContainer swp_share_button total_shares total_sharesalt\"><span class=\"swp_count\">20 <span class=\"swp_label\">Partages<\/span><\/span><\/div>\n<\/div>\n<p><strong>Que se passe-t-il en Tunisie?<\/strong><br \/>Nous expliquons sur notre <a href=\"https:\/\/www.youtube.com\/channel\/UCRzypVq0B_yBad5eGrwBx0Q?sub_confirmation=1\" target=\"_blank\" rel=\"noopener noreferrer\">cha\u00eene YouTube<\/a> . <a href=\"https:\/\/www.youtube.com\/channel\/UCRzypVq0B_yBad5eGrwBx0Q?sub_confirmation=1\" target=\"_blank\" rel=\"noopener noreferrer\">Abonnez-vous!<\/a><\/p>\n<div class=\"mvp-org-wrap mvp-org-logo\" itemprop=\"publisher\" itemscope=\"\" itemtype=\"https:\/\/schema.org\/Organization\"><img decoding=\"async\" src=\"https:\/\/www.tunisienumerique.com\/wp-content\/uploads\/2017\/02\/logo_tunisie_numerique.png\"\/><\/div>\n<div class=\"mvp-related-posts left relative\">\n<h4 class=\"post-header\"><span class=\"post-header\">Lire aussi<\/span><\/h4>\n<\/div>\n<\/div>\n<p>Auteur: Ramsis<br \/>\n<a href=\"https:\/\/www.tunisienumerique.com\/tunisie-ghannouchi-attendait-la-fin-du-vote-de-confiance-pour-aller-feliciter-erdogan-pour-la-nouvelle-voiture-turque\/\">Cliquez ici pour lire l&rsquo;article depuis sa source.<\/a><\/p>\n","protected":false},"excerpt":{"rendered":"<p>Dans une tentative de trouver une explication \u00ab\u00a0acceptable\u00a0\u00bb \u00e0 sa visite, non d\u00e9clar\u00e9e, en Turquie, le lendemain de la chute du gouvernement propos\u00e9 par son parti, Rached Ghannouchi ,pour une fois en panne d\u2019imagination, n\u2019a rien trouv\u00e9 de mieux que de pr\u00e9tendre qu\u2019il est all\u00e9 \u00e0 Istanbul, pour f\u00e9liciter le pr\u00e9sident turc, suite \u00e0 la [&hellip;]<\/p>\n","protected":false},"author":1789,"featured_media":72779,"comment_status":"closed","ping_status":"closed","sticky":false,"template":"","format":"standard","meta":{"fifu_image_url":"","fifu_image_alt":"","footnotes":""},"categories":[73,55],"tags":[],"class_list":["post-72778","post","type-post","status-publish","format-standard","has-post-thumbnail","hentry","category-actualite","category-tunisie"],"_links":{"self":[{"href":"https:\/\/linitiative.ca\/International\/wp-json\/wp\/v2\/posts\/72778","targetHints":{"allow":["GET"]}}],"collection":[{"href":"https:\/\/linitiative.ca\/International\/wp-json\/wp\/v2\/posts"}],"about":[{"href":"https:\/\/linitiative.ca\/International\/wp-json\/wp\/v2\/types\/post"}],"author":[{"embeddable":true,"href":"https:\/\/linitiative.ca\/International\/wp-json\/wp\/v2\/users\/1789"}],"replies":[{"embeddable":true,"href":"https:\/\/linitiative.ca\/International\/wp-json\/wp\/v2\/comments?post=72778"}],"version-history":[{"count":0,"href":"https:\/\/linitiative.ca\/International\/wp-json\/wp\/v2\/posts\/72778\/revisions"}],"wp:featuredmedia":[{"embeddable":true,"href":"https:\/\/linitiative.ca\/International\/wp-json\/"}],"wp:attachment":[{"href":"https:\/\/linitiative.ca\/International\/wp-json\/wp\/v2\/media?parent=72778"}],"wp:term":[{"taxonomy":"category","embeddable":true,"href":"https:\/\/linitiative.ca\/International\/wp-json\/wp\/v2\/categories?post=72778"},{"taxonomy":"post_tag","embeddable":true,"href":"https:\/\/linitiative.ca\/International\/wp-json\/wp\/v2\/tags?post=72778"}],"curies":[{"name":"wp","href":"https:\/\/api.w.org\/{rel}","templated":true}]}}