{"id":72780,"date":"2020-01-11T17:06:37","date_gmt":"2020-01-11T22:06:37","guid":{"rendered":"https:\/\/linitiative.ca\/International\/tunisie-la-visite-de-ghannouchi-en-turquie-doit-conduire-a-lecarter-de-la-presidence-de-larp\/"},"modified":"2020-01-11T17:06:37","modified_gmt":"2020-01-11T22:06:37","slug":"tunisie-la-visite-de-ghannouchi-en-turquie-doit-conduire-a-lecarter-de-la-presidence-de-larp","status":"publish","type":"post","link":"https:\/\/linitiative.ca\/International\/tunisie-la-visite-de-ghannouchi-en-turquie-doit-conduire-a-lecarter-de-la-presidence-de-larp\/","title":{"rendered":"Tunisie \u2013 La visite de Ghannouchi en Turquie doit conduire \u00e0 l\u2019\u00e9carter de la pr\u00e9sidence de l\u2019ARP"},"content":{"rendered":"<div class=\"post-cont-in left relative\">\n<p>La pr\u00e9sidente du parti destourien libre, <a href=\"https:\/\/www.tunisienumerique.com\/tunisie-actualite\/abir-moussi\/\" title=\"Abir Moussi\" target=\"_top\" class=\"auto-link\" rel=\"noopener noreferrer\">Abir Moussi<\/a>, a publi\u00e9, sur sa page facebook, un post, dans lequel elle condamne le fait que le pr\u00e9sident du parlement se d\u00e9place en Turquie pour une r\u00e9union \u00e0 huis clos avec le pr\u00e9sident turc \u00e0 propos duquel l\u2019ARP avait demand\u00e9 la publication d\u2019une d\u00e9cision pour lui signifier le refus de son intervention en Libye.<\/p>\n<div class=\"code-block code-block-1 c3\"><ins class=\"adsbygoogle c2\" data-ad-layout=\"in-article\" data-ad-format=\"fluid\" data-ad-client=\"ca-pub-2102118777505746\" data-ad-slot=\"7301775417\"\/> <\/div>\n<p>Moussi a ajout\u00e9 que si cette visite effectu\u00e9e sans l\u2019aval de l\u2019ARP, et sans qu\u2019il soit commandit\u00e9, par le pr\u00e9sident du parlement, ne conduit pas\u00a0\u00e0 lui retirer la confiance, et \u00e0 l\u2019\u00e9carter de la pr\u00e9sidence de l\u2019ARP, on serait face \u00e0 une haute trahison, et une complicit\u00e9 dans des complots contre la s\u00fbret\u00e9 de l\u2019Etat.<\/p>\n<p><img loading=\"lazy\" decoding=\"async\" class=\"aligncenter size-full wp-image-489028\" src=\"https:\/\/www.tunisienumerique.com\/wp-content\/uploads\/2020\/01\/abirpost.jpg\" alt=\"\" width=\"960\" height=\"468\" srcset=\"https:\/\/www.tunisienumerique.com\/wp-content\/uploads\/2020\/01\/abirpost.jpg 960w, https:\/\/www.tunisienumerique.com\/wp-content\/uploads\/2020\/01\/abirpost-768x374.jpg 768w, https:\/\/www.tunisienumerique.com\/wp-content\/uploads\/2020\/01\/abirpost-600x293.jpg 600w\" sizes=\"auto, (max-width: 960px) 100vw, 960px\"\/><\/p>\n<p><img loading=\"lazy\" decoding=\"async\" class=\"aligncenter size-full wp-image-489028\" src=\"https:\/\/www.tunisienumerique.com\/wp-content\/uploads\/2020\/01\/abirpost.jpg\" alt=\"\" width=\"960\" height=\"468\" srcset=\"https:\/\/www.tunisienumerique.com\/wp-content\/uploads\/2020\/01\/abirpost.jpg 960w, https:\/\/www.tunisienumerique.com\/wp-content\/uploads\/2020\/01\/abirpost-768x374.jpg 768w, https:\/\/www.tunisienumerique.com\/wp-content\/uploads\/2020\/01\/abirpost-600x293.jpg 600w\" sizes=\"auto, (max-width: 960px) 100vw, 960px\"\/><\/p>\n<div class=\"swp_social_panel swp_horizontal_panel swp_flat_fresh swp_default_full_color swp_individual_full_color swp_other_full_color scale-100 scale-\" data-min-width=\"1100\" data-float-color=\"#ffffff\" data-float=\"bottom\" data-float-mobile=\"bottom\" data-transition=\"slide\">\n<div class=\"nc_tweetContainer swp_share_button total_shares total_sharesalt\"><span class=\"swp_count\">1 <span class=\"swp_label\">Partages<\/span><\/span><\/div>\n<\/div>\n<p><strong>Que se passe-t-il en Tunisie?<\/strong><br \/>Nous expliquons sur notre <a href=\"https:\/\/www.youtube.com\/channel\/UCRzypVq0B_yBad5eGrwBx0Q?sub_confirmation=1\" target=\"_blank\" rel=\"noopener noreferrer\">cha\u00eene YouTube<\/a> . <a href=\"https:\/\/www.youtube.com\/channel\/UCRzypVq0B_yBad5eGrwBx0Q?sub_confirmation=1\" target=\"_blank\" rel=\"noopener noreferrer\">Abonnez-vous!<\/a><\/p>\n<div class=\"mvp-org-wrap mvp-org-logo\" itemprop=\"publisher\" itemscope=\"\" itemtype=\"https:\/\/schema.org\/Organization\"><img decoding=\"async\" src=\"https:\/\/www.tunisienumerique.com\/wp-content\/uploads\/2017\/02\/logo_tunisie_numerique.png\"\/><\/div>\n<div class=\"mvp-related-posts left relative\">\n<h4 class=\"post-header\"><span class=\"post-header\">Lire aussi<\/span><\/h4>\n<\/div>\n<\/div>\n<p>Auteur: LM<br \/>\n<a href=\"https:\/\/www.tunisienumerique.com\/tunisie-la-visite-de-ghannouchi-en-turquie-doit-conduire-a-lecarter-de-la-presidence-de-larp\/\">Cliquez ici pour lire l&rsquo;article depuis sa source.<\/a><\/p>\n","protected":false},"excerpt":{"rendered":"<p>La pr\u00e9sidente du parti destourien libre, Abir Moussi, a publi\u00e9, sur sa page facebook, un post, dans lequel elle condamne le fait que le pr\u00e9sident du parlement se d\u00e9place en Turquie pour une r\u00e9union \u00e0 huis clos avec le pr\u00e9sident turc \u00e0 propos duquel l\u2019ARP avait demand\u00e9 la publication d\u2019une d\u00e9cision pour lui signifier le [&hellip;]<\/p>\n","protected":false},"author":1789,"featured_media":72781,"comment_status":"closed","ping_status":"closed","sticky":false,"template":"","format":"standard","meta":{"fifu_image_url":"","fifu_image_alt":"","footnotes":""},"categories":[73,55],"tags":[],"class_list":["post-72780","post","type-post","status-publish","format-standard","has-post-thumbnail","hentry","category-actualite","category-tunisie"],"_links":{"self":[{"href":"https:\/\/linitiative.ca\/International\/wp-json\/wp\/v2\/posts\/72780","targetHints":{"allow":["GET"]}}],"collection":[{"href":"https:\/\/linitiative.ca\/International\/wp-json\/wp\/v2\/posts"}],"about":[{"href":"https:\/\/linitiative.ca\/International\/wp-json\/wp\/v2\/types\/post"}],"author":[{"embeddable":true,"href":"https:\/\/linitiative.ca\/International\/wp-json\/wp\/v2\/users\/1789"}],"replies":[{"embeddable":true,"href":"https:\/\/linitiative.ca\/International\/wp-json\/wp\/v2\/comments?post=72780"}],"version-history":[{"count":0,"href":"https:\/\/linitiative.ca\/International\/wp-json\/wp\/v2\/posts\/72780\/revisions"}],"wp:featuredmedia":[{"embeddable":true,"href":"https:\/\/linitiative.ca\/International\/wp-json\/"}],"wp:attachment":[{"href":"https:\/\/linitiative.ca\/International\/wp-json\/wp\/v2\/media?parent=72780"}],"wp:term":[{"taxonomy":"category","embeddable":true,"href":"https:\/\/linitiative.ca\/International\/wp-json\/wp\/v2\/categories?post=72780"},{"taxonomy":"post_tag","embeddable":true,"href":"https:\/\/linitiative.ca\/International\/wp-json\/wp\/v2\/tags?post=72780"}],"curies":[{"name":"wp","href":"https:\/\/api.w.org\/{rel}","templated":true}]}}