{"id":72784,"date":"2020-01-11T13:50:06","date_gmt":"2020-01-11T18:50:06","guid":{"rendered":"https:\/\/linitiative.ca\/International\/plus-dun-mois-de-bras-de-fer-sur-la-reforme-des-retraites\/"},"modified":"2020-01-11T13:50:06","modified_gmt":"2020-01-11T18:50:06","slug":"plus-dun-mois-de-bras-de-fer-sur-la-reforme-des-retraites","status":"publish","type":"post","link":"https:\/\/linitiative.ca\/International\/plus-dun-mois-de-bras-de-fer-sur-la-reforme-des-retraites\/","title":{"rendered":"Plus d\u2019un mois de bras de fer sur la r\u00e9forme des retraites"},"content":{"rendered":"<p>Rappel des principales \u00e9tapes de la mobilisation contre la r\u00e9forme des retraites depuis la premi\u00e8re journ\u00e9e d\u2019action le 5 d\u00e9cembre jusqu\u2019\u00e0 l\u2019annonce samedi par Edouard Philippe du retrait de l\u2019\u00e2ge pivot de 64 ans en 2027.<\/p>\n<p>Ce projet du gouvernement vise \u00e0 supprimer les 42 r\u00e9gimes existants (priv\u00e9s, sp\u00e9ciaux, des fonctionnaires, etc.) pour cr\u00e9er un syst\u00e8me de retraite universel par points.<\/p>\n<p>\u2013 Forte mobilisation \u2013<\/p>\n<p>Le 5 d\u00e9cembre, les salari\u00e9s participent massivement \u00e0 une journ\u00e9e nationale d\u2019action.<\/p>\n<p>La gr\u00e8ve, reconductible \u00e0 la SNCF et \u00e0 la RATP, perturbe fortement les transports. Chez les enseignants, elle atteint des taux records depuis 2003 malgr\u00e9 des promesses gouvernementales de revalorisations salariales.<\/p>\n<p>Entre 806.000 manifestants (selon le minist\u00e8re de l\u2019Int\u00e9rieur) et 1,5 million (selon la CGT) d\u00e9filent dans toute la France, dont 65.000 \u00e0 250.000 \u00e0 Paris.<\/p>\n<p>\u2013 \u00ab\u00a0Transitions progressives\u00a0\u00bb \u2013<\/p>\n<p>Le lendemain, le Premier ministre Edouard Philippe se dit ferme sur \u00ab\u00a0la disparition des r\u00e9gimes sp\u00e9ciaux\u00a0\u00bb mais pr\u00eat \u00e0 des \u00ab\u00a0transitions progressives\u00a0\u00bb.<\/p>\n<p>\u00ab\u00a0Nous tiendrons jusqu\u2019au retrait\u00a0\u00bb, pr\u00e9vient le secr\u00e9taire g\u00e9n\u00e9ral de la CGT, Philippe Martinez. Le 10 d\u00e9cembre, entre 339.000 (minist\u00e8re de l\u2019Int\u00e9rieur) et un million de personnes (CGT) manifestent en France, dont 31.000 \u00e0 180.000 \u00e0 Paris.<\/p>\n<p>\u2013 Age pivot \u2013<\/p>\n<p>Le 11, Edouard Philippe pr\u00e9sente le projet. Le syst\u00e8me universel par points s\u2019appliquera \u00e0 partir de la g\u00e9n\u00e9ration 1975.<\/p>\n<p>Mais chez certains fonctionnaires et agents de r\u00e9gimes sp\u00e9ciaux, les premi\u00e8res g\u00e9n\u00e9rations concern\u00e9es seront celle de 1980, voire 1985.<\/p>\n<p>Pour r\u00e9sorber le d\u00e9ficit du syst\u00e8me, un dispositif de bonus-malus incitera \u00e0 travailler plus longtemps, avec un \u00ab\u00a0\u00e2ge d\u2019\u00e9quilibre\u00a0\u00bb atteignant 64 ans en 2027.<\/p>\n<p>Cet \u00e2ge pivot appliqu\u00e9 progressivement d\u00e8s 2022 fait basculer la CFDT, favorable sur le principe au syst\u00e8me universel, dans le camp des opposants. \u00ab\u00a0La ligne rouge est franchie\u00a0\u00bb, selon son secr\u00e9taire g\u00e9n\u00e9ral Laurent Berger.<\/p>\n<p>\u2013 Delevoye d\u00e9missionne \u2013<\/p>\n<p>Apr\u00e8s une semaine de r\u00e9v\u00e9lations sur des activit\u00e9s b\u00e9n\u00e9voles non d\u00e9clar\u00e9es et d\u2019autres r\u00e9mun\u00e9r\u00e9es, le haut-commissaire aux Retraites Jean-Paul Delevoye d\u00e9missionne le 16 d\u00e9cembre. Il est remplac\u00e9 le lendemain par le d\u00e9put\u00e9 LREM du Nord Laurent Pietraszewski.<\/p>\n<p>Pour la premi\u00e8re fois \u00e0 l\u2019appel de l\u2019ensemble des syndicats, entre 615.000 (Int\u00e9rieur) et 1,8 million (CGT) de personnes manifestent le 17 dans toute la France, dont 76.000 \u00e0 350.000 \u00e0 Paris.<\/p>\n<p>CGT, FO, CFE-CGC, Solidaires et FSU r\u00e9clament le retrait du projet, CFDT, CFTC et Unsa l\u2019abandon de l\u2019\u00e2ge pivot.<\/p>\n<p>\u2013 Des \u00ab\u00a0avanc\u00e9es\u00a0\u00bb \u2013<\/p>\n<p>Le 18 d\u00e9cembre, Emmanuel Macron fait savoir qu\u2019il est \u00ab\u00a0dispos\u00e9 \u00e0 am\u00e9liorer\u00a0\u00bb sa r\u00e9forme.<\/p>\n<p>Le lendemain, \u00e0 l\u2019issue de rencontres avec les partenaires sociaux, Edouard Philippe rel\u00e8ve des \u00ab\u00a0avanc\u00e9es\u00a0\u00bb mais seule l\u2019Unsa ferroviaire appelle \u00e0 \u00ab\u00a0une pause\u00a0\u00bb dans la gr\u00e8ve. Les transports restent perturb\u00e9s pendant les cong\u00e9s de fin d\u2019ann\u00e9e.<\/p>\n<p>Au fil des jours, des concessions sont accord\u00e9es \u00e0 une dizaine de professions (policiers, pilotes de ligne, marins, danseurs de l\u2019Op\u00e9ra \u2026).<\/p>\n<p>\u2013 Appel au compromis \u2013<\/p>\n<p>Lors des voeux t\u00e9l\u00e9vis\u00e9s du 31 d\u00e9cembre, Emmanuel Macron affirme que \u00ab\u00a0la r\u00e9forme des retraites sera men\u00e9e \u00e0 son terme\u00a0\u00bb mais demande au gouvernement de trouver \u00ab\u00a0un compromis rapide\u00a0\u00bb.<\/p>\n<p>Le 7 janvier, la concertation gouvernement\/syndicats reprend. Les exp\u00e9ditions de carburant sont perturb\u00e9es dans les raffineries, la CGT ayant appel\u00e9 \u00e0 des blocages jusqu\u2019au 16 inclus.<\/p>\n<p>A l\u2019appel de l\u2019intersyndicale, entre 452.000 (Int\u00e9rieur) et 1,7 million de personnes (CGT) manifestent le 9 dans tout le pays, dont 56.000 \u00e0 370.000 \u00e0 Paris.<\/p>\n<p>Le 10, Edouard Philippe re\u00e7oit \u00e0 Matignon les partenaires sociaux, pour discuter de l\u2019id\u00e9e d\u2019une \u00ab\u00a0conf\u00e9rence de financement\u00a0\u00bb propos\u00e9e par Laurent Berger.<\/p>\n<p>\u2013 Retrait de l\u2019\u00e2ge pivot \u2013<\/p>\n<p>Samedi 11, alors que les opposants \u00e0 la r\u00e9forme d\u00e9filent dans les grandes villes, Edouard Philippe se d\u00e9clare \u00ab\u00a0dispos\u00e9 \u00e0 retirer\u00a0\u00bb, sous conditions, l\u2019\u00e2ge pivot de 64 ans en 2027.<\/p>\n<p>Le Premier ministre propose une \u00ab\u00a0conf\u00e9rence de financement\u00a0\u00bb aux partenaires sociaux mais pr\u00e9vient que, faute d\u2019accord, le gouvernement agira par ordonnance.<\/p>\n<p>La CFDT salue ce \u00ab\u00a0retrait\u00a0\u00bb et annonce qu\u2019elle va \u00ab\u00a0poursuivre \u00ab\u00a0les discussions dans le cadre propos\u00e9\u00a0\u00bb. CGT, FO et Solidaires r\u00e9clament toujours le retrait pur et simple du projet et appellent \u00e0 de nouvelles mobilisations pour les 14, 15 et 16 janvier.<\/p>\n<p>Auteur: AFP<br \/>\n<a href=\"https:\/\/www.journalducameroun.com\/plus-dun-mois-de-bras-de-fer-sur-la-reforme-des-retraites\/\">Cliquez ici pour lire l&rsquo;article depuis sa source.<\/a><\/p>\n","protected":false},"excerpt":{"rendered":"<p>Rappel des principales \u00e9tapes de la mobilisation contre la r\u00e9forme des retraites depuis la premi\u00e8re journ\u00e9e d\u2019action le 5 d\u00e9cembre jusqu\u2019\u00e0 l\u2019annonce samedi par Edouard Philippe du retrait de l\u2019\u00e2ge pivot de 64 ans en 2027. Ce projet du gouvernement vise \u00e0 supprimer les 42 r\u00e9gimes existants (priv\u00e9s, sp\u00e9ciaux, des fonctionnaires, etc.) pour cr\u00e9er un [&hellip;]<\/p>\n","protected":false},"author":1965,"featured_media":0,"comment_status":"closed","ping_status":"closed","sticky":false,"template":"","format":"standard","meta":{"fifu_image_url":"","fifu_image_alt":"","footnotes":""},"categories":[73,82],"tags":[],"class_list":["post-72784","post","type-post","status-publish","format-standard","hentry","category-actualite","category-cameroun"],"_links":{"self":[{"href":"https:\/\/linitiative.ca\/International\/wp-json\/wp\/v2\/posts\/72784","targetHints":{"allow":["GET"]}}],"collection":[{"href":"https:\/\/linitiative.ca\/International\/wp-json\/wp\/v2\/posts"}],"about":[{"href":"https:\/\/linitiative.ca\/International\/wp-json\/wp\/v2\/types\/post"}],"author":[{"embeddable":true,"href":"https:\/\/linitiative.ca\/International\/wp-json\/wp\/v2\/users\/1965"}],"replies":[{"embeddable":true,"href":"https:\/\/linitiative.ca\/International\/wp-json\/wp\/v2\/comments?post=72784"}],"version-history":[{"count":0,"href":"https:\/\/linitiative.ca\/International\/wp-json\/wp\/v2\/posts\/72784\/revisions"}],"wp:attachment":[{"href":"https:\/\/linitiative.ca\/International\/wp-json\/wp\/v2\/media?parent=72784"}],"wp:term":[{"taxonomy":"category","embeddable":true,"href":"https:\/\/linitiative.ca\/International\/wp-json\/wp\/v2\/categories?post=72784"},{"taxonomy":"post_tag","embeddable":true,"href":"https:\/\/linitiative.ca\/International\/wp-json\/wp\/v2\/tags?post=72784"}],"curies":[{"name":"wp","href":"https:\/\/api.w.org\/{rel}","templated":true}]}}