{"id":72785,"date":"2020-01-11T13:50:07","date_gmt":"2020-01-11T18:50:07","guid":{"rendered":"https:\/\/linitiative.ca\/International\/malte-les-travaillistes-choisissent-un-nouveau-premier-ministre-apres-la-chute-de-muscat\/"},"modified":"2020-01-11T13:50:07","modified_gmt":"2020-01-11T18:50:07","slug":"malte-les-travaillistes-choisissent-un-nouveau-premier-ministre-apres-la-chute-de-muscat","status":"publish","type":"post","link":"https:\/\/linitiative.ca\/International\/malte-les-travaillistes-choisissent-un-nouveau-premier-ministre-apres-la-chute-de-muscat\/","title":{"rendered":"Malte: les travaillistes choisissent un nouveau Premier ministre apr\u00e8s la chute de Muscat"},"content":{"rendered":"<div readability=\"32\">\n<p>Publi\u00e9 le 11.01.2020 \u00e0 19h50 par AFP<\/p>\n<\/div>\n<div readability=\"157\">\n<p>Le Parti travailliste au pouvoir \u00e0 Malte choisit samedi son nouveau chef, qui succ\u00e8dera au Premier ministre, Joseph Muscat, pouss\u00e9 vers la sortie par l\u2019enqu\u00eate sur le meurtre de la journaliste d\u2019investigation Daphne Caruana Galizia.<\/p>\n<p>De leur c\u00f4t\u00e9, les mouvements civiques maltais veulent un vrai changement de cap pour un pays, tomb\u00e9, selon eux, \u00ab\u00a0aux mains de groupes criminels\u00a0\u00bb.<\/p>\n<p>Au total 17.500 \u00e9lecteurs du Labour maltais sont appel\u00e9s aux urnes dans 13 sites r\u00e9partis sur le petit archipel d\u2019un demi-million d\u2019habitants. C\u2019est la premi\u00e8re fois que les militants peuvent \u00e9lire leur patron directement, sans passer par des d\u00e9l\u00e9gu\u00e9s.<\/p>\n<p>Le nouveau leader sera automatiquement Premier ministre pour les deux ans et demi restants de mandat.<\/p>\n<p>M. Muscat, 45 ans, a d\u00fb se r\u00e9soudre \u00e0 annoncer son d\u00e9part le 1er d\u00e9cembre alors que l\u2019enqu\u00eate sur l\u2019assassinat de la journaliste Daphne Caruana Galizia touchait ses plus proches collaborateurs, dont son chef de cabinet et ami d\u2019enfance, Keith Schembri. Apr\u00e8s avoir fait ses adieux au pouvoir vendredi, il pourrait formellement d\u00e9missionner d\u00e8s dimanche, apr\u00e8s l\u2019annonce attendue dans la nuit des r\u00e9sultats.<\/p>\n<p>Deux candidats se disputent son fauteuil: le favori Chris Fearne, chirurgien de 56 ans \u00e0 la r\u00e9putation d\u2019homme \u00e0 poigne, et Robert Abela, 42 ans, un avocat d\u2019affaires, consultant du gouvernement sortant. M. Fearne a visit\u00e9 samedi sousescorte l\u2019un des bureaux de vote o\u00f9 se massait une longue file de votants.<\/p>\n<p>\u2013 \u00ab\u00a0un r\u00e9el changement\u00a0\u00bb \u2013<\/p>\n<p>Pendant leur campagne, aucun des deux pr\u00e9tendants n\u2019a critiqu\u00e9 M. Muscat, accus\u00e9 par la famille de la journaliste et des mouvements civiques d\u2019avoir interf\u00e9r\u00e9 dans l\u2019enqu\u00eate. Ils n\u2019ont pas non plus \u00e9voqu\u00e9 l\u2019affaire \u00ab\u00a0Daphne\u00a0\u00bb.<\/p>\n<p>Daphne Caruana, qui tenait un blog tr\u00e8s suivi o\u00f9 elle d\u00e9non\u00e7ait la corruption des \u00e9lites de l\u2019archipel et avait fait des r\u00e9v\u00e9lations sur l\u2019entourage de M. Muscat, a p\u00e9ri le 16 octobre 2017 dans l\u2019explosion de sa voiture pi\u00e9g\u00e9e.<\/p>\n<p>M. Fearne s\u2019est dit \u00ab\u00a0fier de la fa\u00e7on dont le Labour s\u2019est renforc\u00e9 ces derni\u00e8res ann\u00e9es\u00a0\u00bb tandis que M. Abela veut poursuivre \u00ab\u00a0avec les recettes gagnantes\u00a0\u00bb de M. Muscat, cr\u00e9dit\u00e9 d\u2019un boom \u00e9conomique (+6,6% en 2018).<\/p>\n<p>Mais \u00e0 Malte, certains ne se contentent pas de ce changement de visage. Membre du mouvement civique Repubblika, Manuel Delia souhaite \u00ab\u00a0un vrai nettoyage\u00a0\u00bb.<\/p>\n<p>A Malte, \u00ab\u00a0nous avons la r\u00e9putation d\u2019\u00eatre des pirates car un groupe de criminels a pris le pouvoir\u00a0\u00bb, dit-il \u00e0 la sortie d\u2019une assembl\u00e9e g\u00e9n\u00e9rale du mouvement. Mais il n\u2019est gu\u00e8re optimiste, \u00ab\u00a0car les deux candidats ont promis la continuit\u00e9\u00a0\u00bb.<\/p>\n<p>Martina Darmanin, 24 ans, jeune dipl\u00f4m\u00e9e, a adh\u00e9r\u00e9 samedi \u00e0 Repubblika. La mort de Daphne Caruana a \u00e9t\u00e9 \u00ab\u00a0un choc\u00a0\u00bb et elle ne supporte plus que Malte, si\u00e8ge de dizaines de soci\u00e9t\u00e9s de jeux de hasard et de 70.000 soci\u00e9t\u00e9s offshore, soit d\u00e9crite comme \u00ab\u00a0un paradis fiscal\u00a0\u00bb.<\/p>\n<p>\u00ab\u00a0En tant que pays europ\u00e9en, nous voulons une meilleure gouvernance et le r\u00e8gne de l\u2019Etat de droit\u00a0\u00bb, explique-t-elle.<\/p>\n<p>Reppublika entend remettre au nouveau Premier ministre un manifeste r\u00e9clamant l\u2019assainissement de la vie politique et d\u2019une \u00e9conomie \u00ab\u00a0dop\u00e9e aux st\u00e9ro\u00efdes\u00a0\u00bb (casinos, passeports \u00ab\u00a0dor\u00e9s\u00a0\u00bb etc..), et une r\u00e9vision de la Constitution avec une vraie s\u00e9paration des pouvoirs.<\/p>\n<p>M. Muscat, en poste depuis 2013, a fait des adieux \u00e9mus vendredi, estimant \u00ab\u00a0avoir pay\u00e9 le prix fort\u00a0\u00bb, en partant deux ans et demi plus t\u00f4t que pr\u00e9vu, pour la mort de la journaliste. Il a assur\u00e9, en d\u00e9pit des soup\u00e7ons, avoir tout fait pour \u00e9lucider l\u2019affaire.<\/p>\n<p>Daphne Caruana Galizia avait creus\u00e9 le volet local des Panama Papers et d\u00e9couvert que Keith Schembri ainsi que le ministre Konrad Mizzi, d\u2019abord \u00e0 l\u2019Energie puis au Tourisme, avaient ouvert des comptes au Panama o\u00f9 des fonds auraient \u00e9t\u00e9 vers\u00e9s par une soci\u00e9t\u00e9 bas\u00e9e \u00e0 Dubai, la 17 Black.<\/p>\n<p>Les deux hommes ont d\u00e9missionn\u00e9 fin novembre, quand le propri\u00e9taire de la 17 Black, Jorge Fenech, magnat de l\u2019h\u00f4tellerie et de l\u2019\u00e9nergie, a \u00e9t\u00e9 interpell\u00e9 alors qu\u2019il tentait de fuir Malte sur son yacht. M. Fenech, inculp\u00e9 de complicit\u00e9 dans l\u2019assassinat de Daphne Caruana, aux c\u00f4t\u00e9s de trois autres suspects jug\u00e9s comme ex\u00e9cutants, a accus\u00e9 M. Schembri d\u2019\u00eatre le \u00ab\u00a0vrai commanditaire\u00a0\u00bb. Interrog\u00e9 bri\u00e8vement par la police, ce dernier ne fait pour le moment pas l\u2019objet de poursuites.<\/p>\n<\/div>\n<p>Auteur: AFP<br \/>\n<a href=\"https:\/\/www.journalducameroun.com\/malte-les-travaillistes-choisissent-un-nouveau-premier-ministre-apres-la-chute-de-muscat\/\">Cliquez ici pour lire l&rsquo;article depuis sa source.<\/a><\/p>\n","protected":false},"excerpt":{"rendered":"<p>Publi\u00e9 le 11.01.2020 \u00e0 19h50 par AFP Le Parti travailliste au pouvoir \u00e0 Malte choisit samedi son nouveau chef, qui succ\u00e8dera au Premier ministre, Joseph Muscat, pouss\u00e9 vers la sortie par l\u2019enqu\u00eate sur le meurtre de la journaliste d\u2019investigation Daphne Caruana Galizia. De leur c\u00f4t\u00e9, les mouvements civiques maltais veulent un vrai changement de cap [&hellip;]<\/p>\n","protected":false},"author":1965,"featured_media":0,"comment_status":"closed","ping_status":"closed","sticky":false,"template":"","format":"standard","meta":{"fifu_image_url":"","fifu_image_alt":"","footnotes":""},"categories":[73,82],"tags":[],"class_list":["post-72785","post","type-post","status-publish","format-standard","hentry","category-actualite","category-cameroun"],"_links":{"self":[{"href":"https:\/\/linitiative.ca\/International\/wp-json\/wp\/v2\/posts\/72785","targetHints":{"allow":["GET"]}}],"collection":[{"href":"https:\/\/linitiative.ca\/International\/wp-json\/wp\/v2\/posts"}],"about":[{"href":"https:\/\/linitiative.ca\/International\/wp-json\/wp\/v2\/types\/post"}],"author":[{"embeddable":true,"href":"https:\/\/linitiative.ca\/International\/wp-json\/wp\/v2\/users\/1965"}],"replies":[{"embeddable":true,"href":"https:\/\/linitiative.ca\/International\/wp-json\/wp\/v2\/comments?post=72785"}],"version-history":[{"count":0,"href":"https:\/\/linitiative.ca\/International\/wp-json\/wp\/v2\/posts\/72785\/revisions"}],"wp:attachment":[{"href":"https:\/\/linitiative.ca\/International\/wp-json\/wp\/v2\/media?parent=72785"}],"wp:term":[{"taxonomy":"category","embeddable":true,"href":"https:\/\/linitiative.ca\/International\/wp-json\/wp\/v2\/categories?post=72785"},{"taxonomy":"post_tag","embeddable":true,"href":"https:\/\/linitiative.ca\/International\/wp-json\/wp\/v2\/tags?post=72785"}],"curies":[{"name":"wp","href":"https:\/\/api.w.org\/{rel}","templated":true}]}}