{"id":72786,"date":"2020-01-11T14:50:03","date_gmt":"2020-01-11T19:50:03","guid":{"rendered":"https:\/\/linitiative.ca\/International\/avion-abattu-par-liran-la-police-disperse-une-manifestation-etudiante-a-teheran\/"},"modified":"2020-01-11T14:50:03","modified_gmt":"2020-01-11T19:50:03","slug":"avion-abattu-par-liran-la-police-disperse-une-manifestation-etudiante-a-teheran","status":"publish","type":"post","link":"https:\/\/linitiative.ca\/International\/avion-abattu-par-liran-la-police-disperse-une-manifestation-etudiante-a-teheran\/","title":{"rendered":"Avion abattu par l\u2019Iran: la police disperse une manifestation \u00e9tudiante \u00e0 T\u00e9h\u00e9ran"},"content":{"rendered":"<div readability=\"32\">\n<p>Publi\u00e9 le 11.01.2020 \u00e0 20h50 par AFP<\/p>\n<\/div>\n<div readability=\"87\">\n<p>La police iranienne a dispers\u00e9 samedi des \u00e9tudiants qui ont scand\u00e9 \u00e0 T\u00e9h\u00e9ran des slogans \u00ab\u00a0destructeurs\u00a0\u00bb et \u00ab\u00a0radicaux\u00a0\u00bb lors d\u2019un rassemblement \u00e0 la m\u00e9moire des victimes \u00e0 bord du Boeing ukrainien abattu mercredi \u00ab\u00a0par erreur\u00a0\u00bb par l\u2019Iran, selon l\u2019agence de presse iranienne Fars.<\/p>\n<p>Selon des journalistes de l\u2019AFP sur place, plusieurs centaines d\u2019\u00e9tudiants se sont rassembl\u00e9s en d\u00e9but de soir\u00e9e en r\u00e9ponse \u00e0 une invitation \u00e0 honorer les victimes de cette catastrophe qui a fait 176 morts, majoritairement des Iraniens et des Canadiens, dont des binationaux.<\/p>\n<p>Le rassemblement, \u00e0 la prestigieuse universit\u00e9 Amir Kabir de T\u00e9h\u00e9ran, s\u2019est transform\u00e9 en manifestation de col\u00e8re. La foule a lanc\u00e9 des slogans d\u00e9non\u00e7ant \u00ab\u00a0les menteurs\u00a0\u00bb et r\u00e9clamant des poursuites contre les responsables du drame et ceux qui, selon les manifestants, ont tent\u00e9 de le couvrir.<\/p>\n<p>L\u2019Iran a reconnu samedi avoir abattu \u00ab\u00a0par erreur\u00a0\u00bb \u00e0 l\u2019aide d\u2019un missile le vol PS752 de la compagnie Ukraine International Airlines peu apr\u00e8s son d\u00e9collage de T\u00e9h\u00e9ran alors qu\u2019il avait jusque-l\u00e0 fermement d\u00e9menti l\u2019hypoth\u00e8se d\u2019un tir de missile \u00e9voqu\u00e9e d\u00e8s mercredi par le Canada.<\/p>\n<p>Selon Fars, proche des ultraconservateurs, les \u00e9tudiants en col\u00e8re ont d\u00e9chir\u00e9 une des nombreuses affiches en l\u2019honneur du g\u00e9n\u00e9ral iranien Qassem Soleimani, tu\u00e9 le 3 janvier dans une attaque de drone am\u00e9ricaine \u00e0 Bagdad.<\/p>\n<p>Pour la R\u00e9publique islamique d\u2019Iran, ce chef de la Force Qods, charg\u00e9e des op\u00e9rations ext\u00e9rieures des Gardiens de la R\u00e9volution (l\u2019arm\u00e9e id\u00e9ologique iranienne), fait figure de \u00ab\u00a0martyr vivant\u00a0\u00bb et de h\u00e9ros.<\/p>\n<p>L\u2019agence Fars a publi\u00e9 plusieurs photos du rassemblement et une autre montrant une banni\u00e8re d\u00e9chir\u00e9e \u00e0 l\u2019effigie d\u2019un Soleimani souriant.<\/p>\n<p>La police \u00ab\u00a0a dispers\u00e9\u00a0\u00bb les \u00e9tudiants lorsqu\u2019ils sont sortis de l\u2019universit\u00e9 et ont commenc\u00e9 \u00e0 \u00ab\u00a0bloquer la rue et cr\u00e9er un embouteillage\u00a0\u00bb, a indiqu\u00e9 Fars.<\/p>\n<p>Fait extr\u00eamement rare, la t\u00e9l\u00e9vision d\u2019Etat a fait mention de cette manifestation \u00e0 l\u2019antenne, et relev\u00e9 que les \u00e9tudiants avaient scand\u00e9 des \u00ab\u00a0slogans antir\u00e9gime\u00a0\u00bb.<\/p>\n<p>Une vid\u00e9o impossible \u00e0 authentifier circulait samedi soir sur les r\u00e9seaux sociaux de ce qui pourrait \u00eatre la police tirant des gaz lacrymog\u00e8nes sur les manifestants. La vid\u00e9o montre notamment un homme se relevant apr\u00e8s avoir \u00e9t\u00e9 apparemment touch\u00e9 par un projectile \u00e0 la jambe.<\/p>\n<\/div>\n<p>Auteur: AFP<br \/>\n<a href=\"https:\/\/www.journalducameroun.com\/avion-abattu-par-liran-la-police-disperse-une-manifestation-etudiante-a-teheran\/\">Cliquez ici pour lire l&rsquo;article depuis sa source.<\/a><\/p>\n","protected":false},"excerpt":{"rendered":"<p>Publi\u00e9 le 11.01.2020 \u00e0 20h50 par AFP La police iranienne a dispers\u00e9 samedi des \u00e9tudiants qui ont scand\u00e9 \u00e0 T\u00e9h\u00e9ran des slogans \u00ab\u00a0destructeurs\u00a0\u00bb et \u00ab\u00a0radicaux\u00a0\u00bb lors d\u2019un rassemblement \u00e0 la m\u00e9moire des victimes \u00e0 bord du Boeing ukrainien abattu mercredi \u00ab\u00a0par erreur\u00a0\u00bb par l\u2019Iran, selon l\u2019agence de presse iranienne Fars. Selon des journalistes de l\u2019AFP [&hellip;]<\/p>\n","protected":false},"author":1965,"featured_media":0,"comment_status":"closed","ping_status":"closed","sticky":false,"template":"","format":"standard","meta":{"fifu_image_url":"","fifu_image_alt":"","footnotes":""},"categories":[73,82],"tags":[],"class_list":["post-72786","post","type-post","status-publish","format-standard","hentry","category-actualite","category-cameroun"],"_links":{"self":[{"href":"https:\/\/linitiative.ca\/International\/wp-json\/wp\/v2\/posts\/72786","targetHints":{"allow":["GET"]}}],"collection":[{"href":"https:\/\/linitiative.ca\/International\/wp-json\/wp\/v2\/posts"}],"about":[{"href":"https:\/\/linitiative.ca\/International\/wp-json\/wp\/v2\/types\/post"}],"author":[{"embeddable":true,"href":"https:\/\/linitiative.ca\/International\/wp-json\/wp\/v2\/users\/1965"}],"replies":[{"embeddable":true,"href":"https:\/\/linitiative.ca\/International\/wp-json\/wp\/v2\/comments?post=72786"}],"version-history":[{"count":0,"href":"https:\/\/linitiative.ca\/International\/wp-json\/wp\/v2\/posts\/72786\/revisions"}],"wp:attachment":[{"href":"https:\/\/linitiative.ca\/International\/wp-json\/wp\/v2\/media?parent=72786"}],"wp:term":[{"taxonomy":"category","embeddable":true,"href":"https:\/\/linitiative.ca\/International\/wp-json\/wp\/v2\/categories?post=72786"},{"taxonomy":"post_tag","embeddable":true,"href":"https:\/\/linitiative.ca\/International\/wp-json\/wp\/v2\/tags?post=72786"}],"curies":[{"name":"wp","href":"https:\/\/api.w.org\/{rel}","templated":true}]}}