{"id":72787,"date":"2020-01-11T15:50:03","date_gmt":"2020-01-11T20:50:03","guid":{"rendered":"https:\/\/linitiative.ca\/International\/anne-hidalgo-lheritiere-aux-deux-visages-devenue-incontournable\/"},"modified":"2020-01-11T15:50:03","modified_gmt":"2020-01-11T20:50:03","slug":"anne-hidalgo-lheritiere-aux-deux-visages-devenue-incontournable","status":"publish","type":"post","link":"https:\/\/linitiative.ca\/International\/anne-hidalgo-lheritiere-aux-deux-visages-devenue-incontournable\/","title":{"rendered":"Anne Hidalgo, l\u2019h\u00e9riti\u00e8re aux deux visages devenue incontournable"},"content":{"rendered":"<p>Longtemps dans l\u2019ombre du charismatique Bertrand Delano\u00eb, Anne Hidalgo, quasi inconnue il y a six ans, a r\u00e9ussi, quitte \u00e0 cliver, \u00e0 imposer sa marque de socialiste convertie \u00e0 l\u2019\u00e9cologie \u00e0 Paris, o\u00f9 elle se relance dans la bataille pour un deuxi\u00e8me mandat.<\/p>\n<p>Ses d\u00e9tracteurs d\u00e9peignent une femme autoritaire, acharn\u00e9e dans sa politique anti-voitures, ses soutiens louent au contraire son courage et son empathie.<\/p>\n<p>\u00ab\u00a0Cette femme est un m\u00e9lange de discr\u00e9tion et de chaleur\u00a0\u00bb, assure aupr\u00e8s de l\u2019AFP son libraire, Philippe Touron, qui la c\u00f4toie depuis 20 ans dans le XVe arrondissement.<\/p>\n<p>Le directeur de la librairie Le Divan se souvient ainsi du jour o\u00f9 l\u2019\u00e9crivaine Annie Ernaux est venue parler de son oeuvre, avec \u00ab\u00a0Anne, install\u00e9e dans un coin et attendant sagement son tour pour lui parler et avoir une d\u00e9dicace\u00a0\u00bb.<\/p>\n<p>Une pudeur tr\u00e8s \u00e9loign\u00e9e du portrait dress\u00e9 par ses opposants ou ex-proches \u00e0 l\u2019instar de son ex-Premier adjoint, Bruno Julliard, qui, en septembre 2018, d\u00e9nonce l&rsquo;\u00a0\u00bbinconstance\u00a0\u00bb de la maire, qu\u2019il d\u00e9crie comme d\u00e9nu\u00e9e de toute capacit\u00e9 \u00ab\u00a0d\u2019\u00e9change et d\u2019\u00e9coute\u00a0\u00bb, et qui gouverne \u00ab\u00a0\u00e0 l\u2019instinct\u00a0\u00bb.<\/p>\n<p>\u00ab\u00a0Je sais le d\u00e9calage qui existe entre ce que je suis r\u00e9ellement et ce qu\u2019on per\u00e7oit de moi (\u2026) L\u2019autorit\u00e9 d\u2019un homme devient l\u2019autoritarisme d\u2019une femme\u00a0\u00bb, se d\u00e9fend l\u2019ex-inspectrice du travail dans son livre \u00ab\u00a0Respirer\u00a0\u00bb, publi\u00e9 en 2018.<\/p>\n<p>\u00ab\u00a0J\u2019ai le m\u00eame caract\u00e8re que mon p\u00e8re, explosif !\u00a0\u00bb, disait d\u00e8s 2013, dans une interview \u00e0 Marie Claire, la native de San Fernando dans la province de Cadix, o\u00f9 elle se rend au moins une fois par an.<\/p>\n<p>\u00ab\u00a0C\u2019est une femme potomitante, comme on dit aux Antilles, cela veut dire que c\u2019est elle qui tient la maison\u00a0\u00bb, confie la chef de cuisine, Babette de Rozi\u00e8res, \u00e0 propos de l\u2019\u00e9lue, \u00e2g\u00e9e de 60 ans et m\u00e8re de trois enfants.<\/p>\n<p>\u2013 \u00ab\u00a0Elle m\u00e8ne sa barque\u00a0\u00bb \u2013<\/p>\n<p>Pour un ancien membre de son cabinet, l\u2019ex-porte-parole de Martine Aubry \u00e0 la primaire socialiste de 2011, \u00ab\u00a0suscite moins d\u2019animosit\u00e9\u00a0\u00bb qu\u2019il y a quelques mois lorsque les couacs se multipliaient (V\u00e9lib\u2019, Autolib, pi\u00e9tonnisation des quais de Seine, d\u00e9missions).<\/p>\n<p>Attention, \u00ab\u00a0elle a l\u2019impression que tout lui sourit, elle est s\u00fbre d\u2019\u00eatre r\u00e9\u00e9lue\u00a0\u00bb, pr\u00e9vient cet ancien proche, convaincu que \u00ab\u00a0quand elle a une trop grande confiance en elle, elle fait des conneries\u00a0\u00bb.<\/p>\n<p>Les soutiens de Mme Hidalgo insistent sur son ouverture d\u2019esprit, et en veulent pour preuve ses amiti\u00e9s tr\u00e8s h\u00e9t\u00e9roclites qui vont du vice-pr\u00e9sident de l\u2019Assembl\u00e9e nationale et chiraquien, Hugues Renson, en passant par l\u2019\u00e9lu apparent\u00e9 PS et associatif Jean-Luc Rom\u00e9ro.<\/p>\n<p>Mais \u00ab\u00a0il faut qu\u2019elle apprenne \u00e0 travailler plus collectivement, avec l\u2019ensemble des partis\u00a0\u00bb, pr\u00e9vient un \u00e9lu de la majorit\u00e9, \u00e0 ses c\u00f4t\u00e9s pour la nouvelle campagne.<\/p>\n<p>L\u2019\u00e9lue Modem du XVe arrondissement, Maud Gatel, n\u2019appr\u00e9cie pas sa fa\u00e7on de \u00ab\u00a0distribuer les bons ou les mauvais points aux \u00e9lus lors des conseils de Paris\u00a0\u00bb. Mais, \u00ab\u00a0en vrai, Bertrand Delano\u00eb, que j\u2019aimais beaucoup, \u00e9tait 1.000 fois plus cassant qu\u2019elle\u00a0\u00bb, ajoute-t-elle.<\/p>\n<p>A cela, s\u2019ajoute des conflits que personne ne nie. Comme en 2015, lorsqu\u2019elle d\u00e9cide d\u2019interdire l\u2019usage des v\u00e9hicules diesel dans la capitale \u00e0 horizon 2024, Olivier Faure, alors \u00e9lu de la M\u00e9tropole et aujourd\u2019hui Premier secr\u00e9taire du Parti socialiste, fustige le projet dans une tribune.<\/p>\n<p>Le conflit envenime les relations entre Mme Hidalgo et M. Faure, dont l\u2019\u00e9pouse, qui travaille alors \u00e0 la mairie de Paris et \u00ab\u00a0mise \u00e0 l\u2019\u00e9cart\u00a0\u00bb, pr\u00e9f\u00e8re partir.<\/p>\n<p>De l\u2019histoire ancienne. Aujourd\u2019hui, le patron du PS admet avoir \u00ab\u00a0de l\u2019admiration pour ce qu\u2019elle fait\u00a0\u00bb sur le climat, et loue une maire qui \u00ab\u00a0m\u00e8ne sa barque et la m\u00e8ne bien\u00a0\u00bb.<\/p>\n<p>Au point que certains, en d\u00e9pit de ses d\u00e9n\u00e9gations, la voit d\u00e9j\u00e0 candidate en 2022. \u00ab\u00a0Elle n\u2019en a pas envie\u00a0\u00bb, affirme son premier adjoint Emmanuel Gr\u00e9goire, tout en lui pr\u00e9disant \u00ab\u00a0un r\u00f4le tr\u00e8s important dans la recomposition politique nationale\u00a0\u00bb.<\/p>\n<p>Auteur: AFP<br \/>\n<a href=\"https:\/\/www.journalducameroun.com\/anne-hidalgo-lheritiere-aux-deux-visages-devenue-incontournable\/\">Cliquez ici pour lire l&rsquo;article depuis sa source.<\/a><\/p>\n","protected":false},"excerpt":{"rendered":"<p>Longtemps dans l\u2019ombre du charismatique Bertrand Delano\u00eb, Anne Hidalgo, quasi inconnue il y a six ans, a r\u00e9ussi, quitte \u00e0 cliver, \u00e0 imposer sa marque de socialiste convertie \u00e0 l\u2019\u00e9cologie \u00e0 Paris, o\u00f9 elle se relance dans la bataille pour un deuxi\u00e8me mandat. Ses d\u00e9tracteurs d\u00e9peignent une femme autoritaire, acharn\u00e9e dans sa politique anti-voitures, ses [&hellip;]<\/p>\n","protected":false},"author":1965,"featured_media":0,"comment_status":"closed","ping_status":"closed","sticky":false,"template":"","format":"standard","meta":{"fifu_image_url":"","fifu_image_alt":"","footnotes":""},"categories":[73,82],"tags":[],"class_list":["post-72787","post","type-post","status-publish","format-standard","hentry","category-actualite","category-cameroun"],"_links":{"self":[{"href":"https:\/\/linitiative.ca\/International\/wp-json\/wp\/v2\/posts\/72787","targetHints":{"allow":["GET"]}}],"collection":[{"href":"https:\/\/linitiative.ca\/International\/wp-json\/wp\/v2\/posts"}],"about":[{"href":"https:\/\/linitiative.ca\/International\/wp-json\/wp\/v2\/types\/post"}],"author":[{"embeddable":true,"href":"https:\/\/linitiative.ca\/International\/wp-json\/wp\/v2\/users\/1965"}],"replies":[{"embeddable":true,"href":"https:\/\/linitiative.ca\/International\/wp-json\/wp\/v2\/comments?post=72787"}],"version-history":[{"count":0,"href":"https:\/\/linitiative.ca\/International\/wp-json\/wp\/v2\/posts\/72787\/revisions"}],"wp:attachment":[{"href":"https:\/\/linitiative.ca\/International\/wp-json\/wp\/v2\/media?parent=72787"}],"wp:term":[{"taxonomy":"category","embeddable":true,"href":"https:\/\/linitiative.ca\/International\/wp-json\/wp\/v2\/categories?post=72787"},{"taxonomy":"post_tag","embeddable":true,"href":"https:\/\/linitiative.ca\/International\/wp-json\/wp\/v2\/tags?post=72787"}],"curies":[{"name":"wp","href":"https:\/\/api.w.org\/{rel}","templated":true}]}}