{"id":72788,"date":"2020-01-11T16:50:03","date_gmt":"2020-01-11T21:50:03","guid":{"rendered":"https:\/\/linitiative.ca\/International\/boeing-abattu-furieux-trudeau-demande-des-comptes-a-liran\/"},"modified":"2020-01-11T16:50:03","modified_gmt":"2020-01-11T21:50:03","slug":"boeing-abattu-furieux-trudeau-demande-des-comptes-a-liran","status":"publish","type":"post","link":"https:\/\/linitiative.ca\/International\/boeing-abattu-furieux-trudeau-demande-des-comptes-a-liran\/","title":{"rendered":"Boeing abattu: \u00ab\u00a0furieux\u00a0\u00bb, Trudeau demande des comptes \u00e0 l\u2019Iran"},"content":{"rendered":"<div readability=\"32\">\n<p>Publi\u00e9 le 11.01.2020 \u00e0 22h50 par AFP<\/p>\n<\/div>\n<div readability=\"132\">\n<p>\u00ab\u00a0Furieux\u00a0\u00bb, le Premier ministre canadien Justin Trudeau a exig\u00e9 samedi de l\u2019Iran qu\u2019il fasse toute la lumi\u00e8re sur la catastrophe du Boeing ukrainien abattu par erreur par un missile iranien et a appel\u00e9 T\u00e9h\u00e9ran \u00e0 en \u00ab\u00a0assumer l\u2019enti\u00e8re responsabilit\u00e9\u00a0\u00bb, y compris financi\u00e8re.<\/p>\n<p>Alors que l\u2019Iran et le Canada n\u2019ont plus de relations diplomatiques depuis 2012, M. Trudeau a annonc\u00e9 samedi qu\u2019il s\u2019\u00e9tait entretenu au t\u00e9l\u00e9phone avec le pr\u00e9sident iranien Hassan Rohani pour exiger une nouvelle fois une \u00ab\u00a0enqu\u00eate approfondie\u00a0\u00bb sur cette \u00ab\u00a0horrible trag\u00e9die\u00a0\u00bb.<\/p>\n<p>Quelques heures plus t\u00f4t, dans une spectaculaire volte-face, l\u2019Iran a pr\u00e9sent\u00e9 ses excuses pour avoir abattu \u00ab\u00a0par erreur\u00a0\u00bb le Boeing 737-800 de la compagnie Ukraine Airlines International, \u00e0 bord duquel 176 personnes, dont 57 Canadiens, ont trouv\u00e9 la mort. C\u2019est cette th\u00e8se qui \u00e9tait privil\u00e9gi\u00e9e par plusieurs pays, Canada en t\u00eate.<\/p>\n<p>\u00ab\u00a0Ce matin j\u2019ai parl\u00e9 au pr\u00e9sident iranien Rohani et je lui ai dit que les aveux de l\u2019Iran (\u2026) \u00e9taient un pas important en vue d\u2019apporter des r\u00e9ponses aux familles, mais j\u2019ai soulign\u00e9 que d\u2019autres mesures doivent \u00eatre prises\u00a0\u00bb, a expliqu\u00e9 M. Trudeau.<\/p>\n<p>\u00ab\u00a0Il faut faire toute la lumi\u00e8re sur les raisons qui ont provoqu\u00e9 une trag\u00e9die aussi horrible\u00a0\u00bb, a-t-il martel\u00e9, exigeant que le Canada soit \u00e9troitement associ\u00e9 \u00e0 l\u2019enqu\u00eate.<\/p>\n<p>\u00ab\u00a0Ce que l\u2019Iran a reconnu est tr\u00e8s grave, abattre un avion de ligne commercial est horrible, l\u2019Iran doit en assumer l\u2019enti\u00e8re responsabilit\u00e9\u00a0\u00bb, a ajout\u00e9 M. Trudeau. Il s\u2019est dit \u00ab\u00a0scandalis\u00e9 et furieux\u00a0\u00bb et a estim\u00e9 que \u00ab\u00a0cela n\u2019aurait jamais d\u00fb arriver, m\u00eame dans une p\u00e9riode de tension accrue\u00a0\u00bb.<\/p>\n<p>-Compensations financi\u00e8res-<\/p>\n<p>C\u2019est ce contexte qu\u2019a \u00e9voqu\u00e9 T\u00e9h\u00e9ran pour justifier en partie son \u00ab\u00a0erreur\u00a0\u00bb, pointant du doigt la part de responsabilit\u00e9 de l&rsquo;\u00a0\u00bbaventurisme am\u00e9ricain\u00a0\u00bb dans ce drame. Une allusion \u00e0 la tension provoqu\u00e9e par l\u2019\u00e9limination le 3 janvier du g\u00e9n\u00e9ral iranien Qassem Soleimani dans un tir de drone \u00e0 Bagdad, sur d\u00e9cision du pr\u00e9sident Donald Trump.<\/p>\n<p>Interrog\u00e9 pour savoir si Ottawa comptait demander \u00e0 T\u00e9h\u00e9ran des compensations financi\u00e8res pour les familles des victimes canadiennes, M. Trudeau a r\u00e9pondu positivement.<\/p>\n<p>\u00ab\u00a0C\u2019est certainement quelque chose qui va devoir faire partie\u00a0\u00bb des discussions, a reconnu M. Trudeau, qui a rencontr\u00e9 vendredi, loin des cam\u00e9ras, des familles de victimes \u00e0 Toronto.<\/p>\n<p>Cette ville abrite la plus importante communaut\u00e9 iranienne du Canada (environ 100.000 personnes sur les 210.000 dans tout le pays), l\u2019une des plus importantes d\u2019Am\u00e9rique du Nord apr\u00e8s Los Angeles.<\/p>\n<p>Le Premier ministre a par ailleurs annonc\u00e9 qu\u2019une \u00e9quipe de responsables canadiens \u00e9tait attendue dans la nuit \u00e0 T\u00e9h\u00e9ran, apr\u00e8s l\u2019octroi par l\u2019Iran de trois premiers visas \u00e0 des membres de l\u2019\u00e9quipe de \u00ab\u00a0d\u00e9ploiement rapide\u00a0\u00bb.<\/p>\n<p>Une \u00e9quipe de 10 repr\u00e9sentants consulaires canadiens, qui seront notamment charg\u00e9s de l\u2019identification des victimes et de leur rapatriement, et deux enqu\u00eateurs du Bureau de la s\u00e9curit\u00e9 des transports (BST) \u00e9taient en attente de visa \u00e0 Ankara.<\/p>\n<p>\u00ab\u00a0D\u2019autres membres de l\u2019\u00e9quipe suivront\u00a0\u00bb et \u00ab\u00a0les Iraniens coop\u00e8rent actuellement dans la d\u00e9livrance de visas\u00a0\u00bb, a-t-il pr\u00e9cis\u00e9.<\/p>\n<p>Le vol PS752 de la compagnie Ukraine Airlines International (UAI) s\u2019est \u00e9cras\u00e9 t\u00f4t mercredi \u00e0 l\u2019ouest de T\u00e9h\u00e9ran, peu de temps apr\u00e8s son d\u00e9collage. Les victimes sont essentiellement des Iranio-Canadiens, mais aussi des Afghans, des Britanniques, des Su\u00e9dois et des Ukrainiens.<\/p>\n<p>Cet accident, le plus meurtrier impliquant des Canadiens depuis l\u2019attentat contre un Boeing 747 d\u2019Air India en 1985 (268 Canadiens tu\u00e9s), a provoqu\u00e9 une immense \u00e9motion au Canada.<\/p>\n<p>De nombreuses veill\u00e9es aux chandelles ont \u00e9t\u00e9 organis\u00e9es dans tout le pays, notamment \u00e0 Montr\u00e9al, Ottawa, Toronto et Edmonton (ouest) d\u2019o\u00f9 \u00e9taient originaires la plupart des victimes. Parmi elles de nombreux \u00e9tudiants ou universitaires.<\/p>\n<\/div>\n<p>Auteur: AFP<br \/>\n<a href=\"https:\/\/www.journalducameroun.com\/boeing-abattu-furieux-trudeau-demande-des-comptes-a-liran\/\">Cliquez ici pour lire l&rsquo;article depuis sa source.<\/a><\/p>\n","protected":false},"excerpt":{"rendered":"<p>Publi\u00e9 le 11.01.2020 \u00e0 22h50 par AFP \u00ab\u00a0Furieux\u00a0\u00bb, le Premier ministre canadien Justin Trudeau a exig\u00e9 samedi de l\u2019Iran qu\u2019il fasse toute la lumi\u00e8re sur la catastrophe du Boeing ukrainien abattu par erreur par un missile iranien et a appel\u00e9 T\u00e9h\u00e9ran \u00e0 en \u00ab\u00a0assumer l\u2019enti\u00e8re responsabilit\u00e9\u00a0\u00bb, y compris financi\u00e8re. Alors que l\u2019Iran et le Canada [&hellip;]<\/p>\n","protected":false},"author":1965,"featured_media":0,"comment_status":"closed","ping_status":"closed","sticky":false,"template":"","format":"standard","meta":{"fifu_image_url":"","fifu_image_alt":"","footnotes":""},"categories":[73,82],"tags":[],"class_list":["post-72788","post","type-post","status-publish","format-standard","hentry","category-actualite","category-cameroun"],"_links":{"self":[{"href":"https:\/\/linitiative.ca\/International\/wp-json\/wp\/v2\/posts\/72788","targetHints":{"allow":["GET"]}}],"collection":[{"href":"https:\/\/linitiative.ca\/International\/wp-json\/wp\/v2\/posts"}],"about":[{"href":"https:\/\/linitiative.ca\/International\/wp-json\/wp\/v2\/types\/post"}],"author":[{"embeddable":true,"href":"https:\/\/linitiative.ca\/International\/wp-json\/wp\/v2\/users\/1965"}],"replies":[{"embeddable":true,"href":"https:\/\/linitiative.ca\/International\/wp-json\/wp\/v2\/comments?post=72788"}],"version-history":[{"count":0,"href":"https:\/\/linitiative.ca\/International\/wp-json\/wp\/v2\/posts\/72788\/revisions"}],"wp:attachment":[{"href":"https:\/\/linitiative.ca\/International\/wp-json\/wp\/v2\/media?parent=72788"}],"wp:term":[{"taxonomy":"category","embeddable":true,"href":"https:\/\/linitiative.ca\/International\/wp-json\/wp\/v2\/categories?post=72788"},{"taxonomy":"post_tag","embeddable":true,"href":"https:\/\/linitiative.ca\/International\/wp-json\/wp\/v2\/tags?post=72788"}],"curies":[{"name":"wp","href":"https:\/\/api.w.org\/{rel}","templated":true}]}}