{"id":72791,"date":"2020-01-12T05:22:35","date_gmt":"2020-01-12T10:22:35","guid":{"rendered":"https:\/\/linitiative.ca\/International\/presentation-du-manifeste-de-lindependance\/"},"modified":"2020-01-12T05:22:35","modified_gmt":"2020-01-12T10:22:35","slug":"presentation-du-manifeste-de-lindependance","status":"publish","type":"post","link":"https:\/\/linitiative.ca\/International\/presentation-du-manifeste-de-lindependance\/","title":{"rendered":"Pr\u00e9sentation du Manifeste de l\u2019ind\u00e9pendance"},"content":{"rendered":"<p class=\"has-text-color has-vivid-red-color c2\"><strong>Un moment charni\u00e8re de l\u2019histoire du Royaume<\/strong><\/p>\n<p class=\"has-text-color has-vivid-green-cyan-color\"><strong>La pr\u00e9sentation du Manifeste de l\u2019ind\u00e9pendance, dont le peuple marocain comm\u00e9more ce samedi le 76\u00e8 anniversaire, constitue une \u00e9tape d\u00e9terminante dans l\u2019histoire contemporaine du Royaume et l\u2019une des multiples incarnations de la symbiose qui caract\u00e9rise les liens entre le glorieux Tr\u00f4ne alaouite et le mouvement national.\u00a0 Pr\u00e9sent\u00e9 le 11 janvier 1944, ce document a constitu\u00e9 un tournant d\u00e9cisif dans la lutte visant \u00e0 affranchir le Royaume du joug du colonialisme, scellant ing\u00e9nieusement un pacte entre le Roi lib\u00e9rateur, Feu Mohammed V, et les figures de proue du mouvement national.<\/strong><\/p>\n<p>Cet accord, qui illustre la volont\u00e9 commune du Tr\u00f4ne et du peuple d\u2019en finir avec le protectorat pour se lancer dans l\u2019\u00e9dification d\u2019un Maroc libre et ind\u00e9pendant, a permis d\u2019entamer la phase de revendication publique de l\u2019ind\u00e9pendance et de la souverainet\u00e9 nationale.<\/p>\n<p>En effet, apr\u00e8s plusieurs ann\u00e9es de r\u00e9sistance militaire et d\u2019actions h\u00e9ro\u00efques visant \u00e0 pr\u00e9server l\u2019identit\u00e9 et l\u2019unit\u00e9 de la Nation, le Maroc s\u2019est retrouv\u00e9 divis\u00e9 en plusieurs zones, sous protectorat espagnol dans le nord et le sud, et sous protectorat fran\u00e7ais dans le centre, tandis que la ville de Tanger \u00e9tait consid\u00e9r\u00e9e comme une zone internationale. Un ensemble d\u2019\u00e9l\u00e9ments qui n\u2019a pas manqu\u00e9 de rendre ardue la mission de lib\u00e9ration du territoire national.<\/p>\n<p>Aux grands maux les grands rem\u00e8des. Le Comit\u00e9 d\u2019action marocain, consid\u00e9r\u00e9 comme l\u2019embryon du Mouvement national, a vu le jour en 1934, annon\u00e7ant par la m\u00eame occasion la naissance de la r\u00e9sistance politique. C\u2019est d\u2019ailleurs ce comit\u00e9 qui allait pr\u00e9senter au gouvernement fran\u00e7ais un plan de r\u00e9formes en 1934 et 1936.<\/p>\n<p>En 1943, Feu SM Mohammed V, P\u00e8re de la nation et h\u00e9ros de la lib\u00e9ration, allait profiter de la tenue de la Conf\u00e9rence d\u2019Anfa, qui r\u00e9unissait les leaders Alli\u00e9s durant la deuxi\u00e8me guerre mondiale, pour inscrire la question de l\u2019ind\u00e9pendance du Maroc \u00e0 l\u2019ordre du jour.<\/p>\n<p>Gr\u00e2ce \u00e0 cette initiative, le d\u00e9funt Sultan a obtenu l\u2019assurance du pr\u00e9sident am\u00e9ricain Franklin Roosevelt de son soutien au projet d\u2019ind\u00e9pendance du Royaume d\u00e8s la fin du second conflit mondial. Vint ensuite le 11 janvier 1944, date grav\u00e9e en lettres d\u2019or dans l\u2019histoire du Maroc, puisqu\u2019elle est synonyme de la signature du manifeste r\u00e9clamant l\u2019ind\u00e9pendance du Maroc, par 67 nationalistes, dont une femme, en concertation avec le Sultan feu Mohammed V.<\/p>\n<p>Ce manifeste, pr\u00e9sent\u00e9 aux autorit\u00e9s coloniales et aux repr\u00e9sentations des trois puissances (\u00c9tats-Unis, Grande-Bretagne et Ex-Union sovi\u00e9tique), exprimait un message sans \u00e9quivoque de l\u2019ensemble des Marocains qui voulaient s\u2019\u00e9manciper de la domination du protectorat.<\/p>\n<p>Les signataires avaient des revendications somme toute l\u00e9gitimes, avec \u00e0 leur t\u00eate la fin du protectorat et l\u2019acc\u00e8s du Royaume \u00e0 l\u2019ind\u00e9pendance dans son int\u00e9grit\u00e9 territoriale sous l\u2019\u00e9gide de feu SM Mohammed V. C\u2019est donc avec fiert\u00e9 que les Marocains peuvent comm\u00e9morer la pr\u00e9sentation du manifeste de l\u2019ind\u00e9pendance, une \u00e9pop\u00e9e glorieuse qui offre aux jeunes aux g\u00e9n\u00e9rations futures l\u2019occasion de m\u00e9diter \u00e0 la fois sur les enseignements et sur les sacrifices consentis, tant par le Tr\u00f4ne alaouite que par le peuple, pour le recouvrement de l\u2019ind\u00e9pendance.\u00a0 Cette page lumineuse de l\u2019histoire de la lutte nationale, qui contient une des nombreuses le\u00e7ons de citoyennet\u00e9 que rec\u00e8le l\u2019histoire du Maroc, est \u00e9galement l\u2019occasion de rendre un hommage appuy\u00e9 aux hommes et femmes du mouvement qui se sont investis corps et \u00e2me pour l\u2019ind\u00e9pendance du pays et le parach\u00e8vement de l\u2019int\u00e9grit\u00e9 territoriale nationale.<\/p>\n<p>Auteur: M&rsquo;hammed rahal<br \/>\n<a href=\"http:\/\/albayane.press.ma\/presentation-du-manifeste-de-lindependance.html\">Cliquez ici pour lire l&rsquo;article depuis sa source.<\/a><\/p>\n","protected":false},"excerpt":{"rendered":"<p>Un moment charni\u00e8re de l\u2019histoire du Royaume La pr\u00e9sentation du Manifeste de l\u2019ind\u00e9pendance, dont le peuple marocain comm\u00e9more ce samedi le 76\u00e8 anniversaire, constitue une \u00e9tape d\u00e9terminante dans l\u2019histoire contemporaine du Royaume et l\u2019une des multiples incarnations de la symbiose qui caract\u00e9rise les liens entre le glorieux Tr\u00f4ne alaouite et le mouvement national.\u00a0 Pr\u00e9sent\u00e9 le [&hellip;]<\/p>\n","protected":false},"author":1760,"featured_media":0,"comment_status":"closed","ping_status":"closed","sticky":false,"template":"","format":"standard","meta":{"fifu_image_url":"","fifu_image_alt":"","footnotes":""},"categories":[73,54],"tags":[],"class_list":["post-72791","post","type-post","status-publish","format-standard","hentry","category-actualite","category-maroc"],"_links":{"self":[{"href":"https:\/\/linitiative.ca\/International\/wp-json\/wp\/v2\/posts\/72791","targetHints":{"allow":["GET"]}}],"collection":[{"href":"https:\/\/linitiative.ca\/International\/wp-json\/wp\/v2\/posts"}],"about":[{"href":"https:\/\/linitiative.ca\/International\/wp-json\/wp\/v2\/types\/post"}],"author":[{"embeddable":true,"href":"https:\/\/linitiative.ca\/International\/wp-json\/wp\/v2\/users\/1760"}],"replies":[{"embeddable":true,"href":"https:\/\/linitiative.ca\/International\/wp-json\/wp\/v2\/comments?post=72791"}],"version-history":[{"count":0,"href":"https:\/\/linitiative.ca\/International\/wp-json\/wp\/v2\/posts\/72791\/revisions"}],"wp:attachment":[{"href":"https:\/\/linitiative.ca\/International\/wp-json\/wp\/v2\/media?parent=72791"}],"wp:term":[{"taxonomy":"category","embeddable":true,"href":"https:\/\/linitiative.ca\/International\/wp-json\/wp\/v2\/categories?post=72791"},{"taxonomy":"post_tag","embeddable":true,"href":"https:\/\/linitiative.ca\/International\/wp-json\/wp\/v2\/tags?post=72791"}],"curies":[{"name":"wp","href":"https:\/\/api.w.org\/{rel}","templated":true}]}}