{"id":72792,"date":"2020-01-12T05:28:33","date_gmt":"2020-01-12T10:28:33","guid":{"rendered":"https:\/\/linitiative.ca\/International\/la-constitution-et-le-modele-de-developpement\/"},"modified":"2020-01-12T05:28:33","modified_gmt":"2020-01-12T10:28:33","slug":"la-constitution-et-le-modele-de-developpement","status":"publish","type":"post","link":"https:\/\/linitiative.ca\/International\/la-constitution-et-le-modele-de-developpement\/","title":{"rendered":"La Constitution et le mod\u00e8le de d\u00e9veloppement"},"content":{"rendered":"<p class=\"has-text-color has-vivid-cyan-blue-color\"><strong>Il est bien clair que notre pays est en passe de traverser l\u2019une des phases d\u00e9cisives de son parcours.<\/strong><\/p>\n<p>La remise en question du mod\u00e8le d\u00e9suet qu\u2019il est en train d\u2019enterrer, t\u00e9moigne bel est bien d\u2019un cinglant \u00e9chec soci\u00e9tal, mis en avant, il y a des d\u00e9cennies. Faut-il rappeler que le fait de faire appel \u00e0 une commission sp\u00e9ciale charg\u00e9e de la mise \u0153uvre d\u2019un nouveau projet, est une illustration saillante de la d\u00e9b\u00e2cle subie principalement par les souches d\u00e9munies du peuple marocain?<\/p>\n<p>En fait, recourir \u00e0 cette instance m\u00e9diatrice, apr\u00e8s un proc\u00e8s royal des plus criants \u00e0 l\u2019\u00e9gard de d\u00e9cideurs de l\u2019ex\u00e9cutif, constitue, d\u2019une part, un aveu d\u00e9solant de la f\u00e9brilit\u00e9 exerc\u00e9e sur ce pouvoir et, d\u2019autre part, une atteinte latente aux m\u00e9canismes institutionnels de la Nation.<\/p>\n<p>En principe, la mission dont se charge aujourd\u2019hui un parterre hors de la normalit\u00e9, s\u2019ins\u00e8re au c\u0153ur des pr\u00e9rogatives d\u2019un gouvernement digne de ce nom, \u00e0 l\u2019instar de tous les pays d\u00e9mocratiques de la plan\u00e8te. Mais, comme le n\u00f4tre ne fait que faillir \u00e0 ses t\u00e2ches, on irait chercher la cl\u00e9 des maux bien ailleurs!<\/p>\n<p>Certes, notre pays a pu esquiver les avalanches fun\u00e8bres du printemps dit \u00abarabe\u00bb, par, tout d\u2019abord, l\u2019entame pr\u00e9coce des r\u00e9formes multiformes d\u00e8s le d\u00e9but des ann\u00e9es 90, ensuite, par la mise au monde de la meilleure loi supr\u00eame des annales du pays. Il est vrai \u00e9galement que ce document revu, \u00e0 la h\u00e2te, du fait de la temp\u00eate externe d\u00e9routante et de la fronde interne de la r\u00e9volte en \u00e9bullition, renferme nombre de lacunes dans tel ou tel compartiment. Mais, il convient de reconna\u00eetre que sa teneur aurait pu faire avancer le processus si sa mise en pratique avait requis un franc \u00a0volontarisme d\u2019ex\u00e9cution.<\/p>\n<p>Or, on aura assur\u00e9ment constat\u00e9 qu\u2019apr\u00e8s un peu moins de dix ans de la procr\u00e9ation de cette nouvelle mue constitutionnelle, nombre de droits et d\u2019attributions ne se sont pas encore op\u00e9r\u00e9s comme il se doit, y compris les adjudications de l\u2019institution du chef du gouvernement et celles de sa formation.<\/p>\n<p>Il est pareillement \u00e9vident que la mise en pr\u00e9paration d\u2019un nouveau mod\u00e8le de d\u00e9veloppement est organiquement tributaire de l\u2019activation du dispositif constitutionnel, sans interf\u00e9rence ni empi\u00e8tement. C\u2019est pratiquement, en mettant en pratique des dispositions de la constitution, dans leur globalit\u00e9, que la n\u00e9cessit\u00e9 de se refaire une mue plus relev\u00e9e, se fera ressentir.<\/p>\n<p>On ne pourrait sans doute r\u00e9clamer plus \u00a0que lorsqu\u2019on aurait fait fonctionner le contenu actuel dont une bonne partie est renvoy\u00e9e aux calendes grecques. Dix ans d\u2019itin\u00e9raire, sous la pr\u00e9sente constitution, paraissent insuffisants pour un pays en qu\u00eate aujourd\u2019hui du nouveau mod\u00e8le de d\u00e9veloppement qui d\u00e9boucherait incontestablement, sur un r\u00e9gime parlementaire, si la volont\u00e9 pr\u00e9valait pour de bon.<\/p>\n<p>Auteur: M&rsquo;hammed rahal<br \/>\n<a href=\"http:\/\/albayane.press.ma\/la-constitution-et-le-modele-de-developpement.html\">Cliquez ici pour lire l&rsquo;article depuis sa source.<\/a><\/p>\n","protected":false},"excerpt":{"rendered":"<p>Il est bien clair que notre pays est en passe de traverser l\u2019une des phases d\u00e9cisives de son parcours. La remise en question du mod\u00e8le d\u00e9suet qu\u2019il est en train d\u2019enterrer, t\u00e9moigne bel est bien d\u2019un cinglant \u00e9chec soci\u00e9tal, mis en avant, il y a des d\u00e9cennies. Faut-il rappeler que le fait de faire appel [&hellip;]<\/p>\n","protected":false},"author":1760,"featured_media":0,"comment_status":"closed","ping_status":"closed","sticky":false,"template":"","format":"standard","meta":{"fifu_image_url":"","fifu_image_alt":"","footnotes":""},"categories":[73,54],"tags":[],"class_list":["post-72792","post","type-post","status-publish","format-standard","hentry","category-actualite","category-maroc"],"_links":{"self":[{"href":"https:\/\/linitiative.ca\/International\/wp-json\/wp\/v2\/posts\/72792","targetHints":{"allow":["GET"]}}],"collection":[{"href":"https:\/\/linitiative.ca\/International\/wp-json\/wp\/v2\/posts"}],"about":[{"href":"https:\/\/linitiative.ca\/International\/wp-json\/wp\/v2\/types\/post"}],"author":[{"embeddable":true,"href":"https:\/\/linitiative.ca\/International\/wp-json\/wp\/v2\/users\/1760"}],"replies":[{"embeddable":true,"href":"https:\/\/linitiative.ca\/International\/wp-json\/wp\/v2\/comments?post=72792"}],"version-history":[{"count":0,"href":"https:\/\/linitiative.ca\/International\/wp-json\/wp\/v2\/posts\/72792\/revisions"}],"wp:attachment":[{"href":"https:\/\/linitiative.ca\/International\/wp-json\/wp\/v2\/media?parent=72792"}],"wp:term":[{"taxonomy":"category","embeddable":true,"href":"https:\/\/linitiative.ca\/International\/wp-json\/wp\/v2\/categories?post=72792"},{"taxonomy":"post_tag","embeddable":true,"href":"https:\/\/linitiative.ca\/International\/wp-json\/wp\/v2\/tags?post=72792"}],"curies":[{"name":"wp","href":"https:\/\/api.w.org\/{rel}","templated":true}]}}