{"id":72793,"date":"2020-01-12T05:34:17","date_gmt":"2020-01-12T10:34:17","guid":{"rendered":"https:\/\/linitiative.ca\/International\/forum-culturel-de-lisesco-a-rabat\/"},"modified":"2020-01-12T05:34:17","modified_gmt":"2020-01-12T10:34:17","slug":"forum-culturel-de-lisesco-a-rabat","status":"publish","type":"post","link":"https:\/\/linitiative.ca\/International\/forum-culturel-de-lisesco-a-rabat\/","title":{"rendered":"Forum culturel de l\u2019ISESCO \u00e0 Rabat"},"content":{"rendered":"<p class=\"has-text-color has-vivid-red-color c2\"><strong>La transition de la presse papier vers la presse digitale<\/strong><\/p>\n<p class=\"has-text-color has-vivid-cyan-blue-color\"><strong>L\u2019Organisation islamique pour l\u2019\u00e9ducation, la science et la culture (ISESCO) organise, le 21 janvier \u00e0 Rabat, la troisi\u00e8me rencontre de son forum culturel qui se tiendra sur le th\u00e8me \u00abL\u2019avenir des m\u00e9dias: de la presse papier \u00e0 la presse digitale\u00bb, avec la participation d\u2019\u00e9minentes personnalit\u00e9s m\u00e9diatiques du Maroc et du monde arabe.<\/strong><\/p>\n<p>Pour r\u00e9pondre aux questions \u00abLes m\u00e9dias traditionnels sont-ils r\u00e9volus et la presse \u00e9crite peut-elle survivre \u00e0 l\u2019\u00e8re du num\u00e9rique?\u00bb, l\u2019Organisation a indiqu\u00e9, sur son site internet, que cette manifestation se distinguera par la pr\u00e9sence de l\u2019\u00e9crivain et journaliste marocain Mohamed Seddik Ma\u00e2ninou, de Khaled Al-Malik, r\u00e9dacteur en chef du journal saoudien \u00abAl-Jazirah\u00bb, pr\u00e9sident du Conseil d\u2019administration de l\u2019Association des journalistes saoudiens et pr\u00e9sident de l\u2019Union de la presse du Golfe, ainsi que de Alaa Thabet, \u00e9crivain et r\u00e9dacteur en chef du journal \u00e9gyptien Al-Ahram.<\/p>\n<p>La rencontre abordera la question du passage de la presse papier vers la presse num\u00e9rique dans tous ses aspects, y compris les dimensions environnementales, \u00abcar la presse est associ\u00e9e au papier depuis sa cr\u00e9ation et a maintenu cette relation malgr\u00e9 la concurrence de la radio et de la t\u00e9l\u00e9vision\u00bb, a r\u00e9v\u00e9l\u00e9 la m\u00eame source, notant, toutefois, que \u00able r\u00e9tr\u00e9cissement des zones foresti\u00e8res sur la surface du globe et l\u2019aggravation des enjeux environnementaux, en plus des apports de la r\u00e9volution num\u00e9rique, ont consid\u00e9rablement alt\u00e9r\u00e9 la nature de la relation entre la presse et le papier, modifiant les pratiques m\u00e9diatiques et impactant l\u2019\u00e9volution du m\u00e9tier de journaliste\u00bb.<\/p>\n<p>L\u2019ISESCO a \u00e9galement fait savoir que les principales manifestations de cette \u00e9volution consistent dans le renouvellement des pratiques m\u00e9diatiques, la r\u00e9organisation des comit\u00e9s de r\u00e9daction au sein des \u00e9tablissements m\u00e9diatiques, le d\u00e9veloppement d\u2019activit\u00e9s et de m\u00e9tiers nouveaux dans le secteur des m\u00e9dias et le changement du type de comp\u00e9tences requises pour cette profession, pr\u00e9cisant que les domaines du journalisme se sont \u00e9largis pour int\u00e9grer des secteurs nouveaux et que des genres journalistiques ont vu le jour gr\u00e2ce au d\u00e9veloppement technologique.<\/p>\n<p>L\u2019apparition de r\u00e9seaux sociaux comme \u00abTwitter\u00bb et \u00abFacebook\u00bb a, a-t-elle poursuivi, visiblement marqu\u00e9 la presse et les m\u00e9dias, dans la mesure o\u00f9 ces moyens font, aujourd\u2019hui, partie des outils de travail des journalistes, avec ce que ces pratiques peuvent provoquer comme dangers et d\u00e9rapages \u00e0 m\u00eame de menacer l\u2019\u00e9thique du m\u00e9tier. Le forum culturel de l\u2019ISESCO, initi\u00e9 par la direction g\u00e9n\u00e9rale de l\u2019Organisation, est consid\u00e9r\u00e9 comme une rencontre qui r\u00e9unit les leaders intellectuels provenant du monde islamique et d\u2019ailleurs, dans l\u2019objectif de d\u00e9clencher des r\u00e9flexions intellectuelles et culturelles.<\/p>\n<p>Auteur: M&rsquo;hammed rahal<br \/>\n<a href=\"http:\/\/albayane.press.ma\/forum-culturel-de-lisesco-a-rabat.html\">Cliquez ici pour lire l&rsquo;article depuis sa source.<\/a><\/p>\n","protected":false},"excerpt":{"rendered":"<p>La transition de la presse papier vers la presse digitale L\u2019Organisation islamique pour l\u2019\u00e9ducation, la science et la culture (ISESCO) organise, le 21 janvier \u00e0 Rabat, la troisi\u00e8me rencontre de son forum culturel qui se tiendra sur le th\u00e8me \u00abL\u2019avenir des m\u00e9dias: de la presse papier \u00e0 la presse digitale\u00bb, avec la participation d\u2019\u00e9minentes personnalit\u00e9s [&hellip;]<\/p>\n","protected":false},"author":1760,"featured_media":0,"comment_status":"closed","ping_status":"closed","sticky":false,"template":"","format":"standard","meta":{"fifu_image_url":"","fifu_image_alt":"","footnotes":""},"categories":[73,54],"tags":[],"class_list":["post-72793","post","type-post","status-publish","format-standard","hentry","category-actualite","category-maroc"],"_links":{"self":[{"href":"https:\/\/linitiative.ca\/International\/wp-json\/wp\/v2\/posts\/72793","targetHints":{"allow":["GET"]}}],"collection":[{"href":"https:\/\/linitiative.ca\/International\/wp-json\/wp\/v2\/posts"}],"about":[{"href":"https:\/\/linitiative.ca\/International\/wp-json\/wp\/v2\/types\/post"}],"author":[{"embeddable":true,"href":"https:\/\/linitiative.ca\/International\/wp-json\/wp\/v2\/users\/1760"}],"replies":[{"embeddable":true,"href":"https:\/\/linitiative.ca\/International\/wp-json\/wp\/v2\/comments?post=72793"}],"version-history":[{"count":0,"href":"https:\/\/linitiative.ca\/International\/wp-json\/wp\/v2\/posts\/72793\/revisions"}],"wp:attachment":[{"href":"https:\/\/linitiative.ca\/International\/wp-json\/wp\/v2\/media?parent=72793"}],"wp:term":[{"taxonomy":"category","embeddable":true,"href":"https:\/\/linitiative.ca\/International\/wp-json\/wp\/v2\/categories?post=72793"},{"taxonomy":"post_tag","embeddable":true,"href":"https:\/\/linitiative.ca\/International\/wp-json\/wp\/v2\/tags?post=72793"}],"curies":[{"name":"wp","href":"https:\/\/api.w.org\/{rel}","templated":true}]}}