{"id":72795,"date":"2020-01-12T13:04:13","date_gmt":"2020-01-12T18:04:13","guid":{"rendered":"https:\/\/linitiative.ca\/International\/semaine-culturelle-amazigh-a-mila-le-chanteur-hamid-belbeche-regale-le-public\/"},"modified":"2020-01-12T13:04:13","modified_gmt":"2020-01-12T18:04:13","slug":"semaine-culturelle-amazigh-a-mila-le-chanteur-hamid-belbeche-regale-le-public","status":"publish","type":"post","link":"https:\/\/linitiative.ca\/International\/semaine-culturelle-amazigh-a-mila-le-chanteur-hamid-belbeche-regale-le-public\/","title":{"rendered":"Semaine Culturelle Amazigh \u00e0 Mila: le chanteur Hamid Belbeche R\u00e9gale le Public"},"content":{"rendered":"<div readability=\"36\">\n<p><strong>MILA &#8211; Le chanteur chaoui Hamid Belbeche a r\u00e9gal\u00e9 samedi le public de Mila lors du spectacle d\u2019ouverture qu&rsquo;il a anim\u00e9, dans le hall d&rsquo;exposition de la Maison de la culture Mebarak El Mili, \u00e0 l&rsquo;occasion du nouvel an amazigh 2970.<\/strong><\/p>\n<\/div>\n<div readability=\"68.5\">\n<p>Les chansons puis\u00e9es du folklore chaoui, interpr\u00e9t\u00e9es par l\u2019artiste et accompagn\u00e9es de danses traditionnelles, ont connu un franc succ\u00e8s aupr\u00e8s du public compos\u00e9 essentiellement de familles, enchant\u00e9es par le spectacle.<\/p>\n<blockquote readability=\"13\">\n<p><em><strong>Hamid Belbeche a affirm\u00e9, dans une d\u00e9claration \u00e0 l\u2019APS, avoir \u2018\u2019veill\u00e9 \u00e0 interpr\u00e9ter des chansons en chaoui pour f\u00eater comme il se doit le nouvel an amazigh 2970 que toute l&rsquo;Alg\u00e9rie c\u00e9l\u00e8bre, dont la wilaya de Mila\u2019\u2019. Et d\u2019ajouter : \u2018\u2019 J\u2019ai tenu \u00e0 \u00eatre pr\u00e9sent \u00e0 Mila, malgr\u00e9 les invitations qui m\u2019ont \u00e9t\u00e9 adress\u00e9es par d&rsquo;autres wilayas pour c\u00e9l\u00e9brer avec eux cette occasion, pour retrouver mes fans de cette wilaya et l\u2019ambiance conviviale ayant caract\u00e9ris\u00e9 mes pr\u00e9c\u00e9dents spectacles gr\u00e2ce \u00e0 un public qui appr\u00e9cie grandement le chant chaoui\u2019\u2019.<\/strong><\/em><\/p>\n<\/blockquote>\n<p>Par ailleurs, \u00e0 l\u2019occasion du nouvel an amazigh \u00e0 Mila, la Maison de la culture Mebarek El Mili accueille, \u00e0 partir de ce samedi et jusqu\u2019au 14 janvier en cours, diverses activit\u00e9s dans le cadre de la semaine du patrimoine amazigh organis\u00e9e par la direction de la culture de la wilaya.<\/p>\n<blockquote readability=\"16\">\n<p><em><strong>Il s\u2019agit d\u2019une exposition sur le patrimoine culturel local, comportant des stands consacr\u00e9s aux mets traditionnels pr\u00e9par\u00e9s par les familles de la r\u00e9gion pour c\u00e9l\u00e9brer yennayer, dont \u2018\u2019Cherchem\u2019\u2019, des habits, des ustensiles traditionnels, une exposition d&rsquo;arts plastiques avec des toiles de peinture d\u00e9di\u00e9es au patrimoine amazigh, un stand r\u00e9serv\u00e9 aux timbres postaux, un autre consacr\u00e9 aux m\u00e9tiers, en plus d\u2019un stand affect\u00e9 \u00e0 l\u2019histoire et les civilisations anciennes se succ\u00e9dant dans la wilaya de Mila.<\/strong><\/em><\/p>\n<\/blockquote>\n<p>Des concours consacr\u00e9s au patrimoine amazigh seront \u00e9galement organis\u00e9s parall\u00e8lement \u00e0 d&rsquo;autres activit\u00e9s vari\u00e9es, notamment une lecture de po\u00e8mes et des projections de films sur le patrimoine amazigh.<\/p>\n<p>Au terme de la manifestation, les laur\u00e9ats des concours, organis\u00e9s en marge des festivit\u00e9s du nouvel an amazigh, seront honor\u00e9s ainsi que les participants aux ateliers de la Maison de la culture Mebarek El Mili.<\/p>\n<\/div>\n<p>Auteur:<br \/>\n<a href=\"http:\/\/www.aps.dz\/culture\/100019-semaine-culturelle-amazigh-a-mila-le-chanteur-hamid-belbeche-regale-le-public\">Cliquez ici pour lire l&rsquo;article depuis sa source.<\/a><\/p>\n","protected":false},"excerpt":{"rendered":"<p>MILA &#8211; Le chanteur chaoui Hamid Belbeche a r\u00e9gal\u00e9 samedi le public de Mila lors du spectacle d\u2019ouverture qu&rsquo;il a anim\u00e9, dans le hall d&rsquo;exposition de la Maison de la culture Mebarak El Mili, \u00e0 l&rsquo;occasion du nouvel an amazigh 2970. Les chansons puis\u00e9es du folklore chaoui, interpr\u00e9t\u00e9es par l\u2019artiste et accompagn\u00e9es de danses traditionnelles, [&hellip;]<\/p>\n","protected":false},"author":1790,"featured_media":0,"comment_status":"closed","ping_status":"closed","sticky":false,"template":"","format":"standard","meta":{"fifu_image_url":"","fifu_image_alt":"","footnotes":""},"categories":[53,79],"tags":[],"class_list":["post-72795","post","type-post","status-publish","format-standard","hentry","category-algerie","category-culture"],"_links":{"self":[{"href":"https:\/\/linitiative.ca\/International\/wp-json\/wp\/v2\/posts\/72795","targetHints":{"allow":["GET"]}}],"collection":[{"href":"https:\/\/linitiative.ca\/International\/wp-json\/wp\/v2\/posts"}],"about":[{"href":"https:\/\/linitiative.ca\/International\/wp-json\/wp\/v2\/types\/post"}],"author":[{"embeddable":true,"href":"https:\/\/linitiative.ca\/International\/wp-json\/wp\/v2\/users\/1790"}],"replies":[{"embeddable":true,"href":"https:\/\/linitiative.ca\/International\/wp-json\/wp\/v2\/comments?post=72795"}],"version-history":[{"count":0,"href":"https:\/\/linitiative.ca\/International\/wp-json\/wp\/v2\/posts\/72795\/revisions"}],"wp:attachment":[{"href":"https:\/\/linitiative.ca\/International\/wp-json\/wp\/v2\/media?parent=72795"}],"wp:term":[{"taxonomy":"category","embeddable":true,"href":"https:\/\/linitiative.ca\/International\/wp-json\/wp\/v2\/categories?post=72795"},{"taxonomy":"post_tag","embeddable":true,"href":"https:\/\/linitiative.ca\/International\/wp-json\/wp\/v2\/tags?post=72795"}],"curies":[{"name":"wp","href":"https:\/\/api.w.org\/{rel}","templated":true}]}}