{"id":72797,"date":"2020-01-12T13:04:20","date_gmt":"2020-01-12T18:04:20","guid":{"rendered":"https:\/\/linitiative.ca\/International\/el-oued-yennayer-2970-plus-de-30-exposants-au-salon-de-lhabit-et-lartisanat-traditionnels\/"},"modified":"2020-01-12T13:04:20","modified_gmt":"2020-01-12T18:04:20","slug":"el-oued-yennayer-2970-plus-de-30-exposants-au-salon-de-lhabit-et-lartisanat-traditionnels","status":"publish","type":"post","link":"https:\/\/linitiative.ca\/International\/el-oued-yennayer-2970-plus-de-30-exposants-au-salon-de-lhabit-et-lartisanat-traditionnels\/","title":{"rendered":"El-Oued-Yennayer 2970: plus de 30 exposants au salon de l\u2019habit et l\u2019artisanat traditionnels"},"content":{"rendered":"<div readability=\"35\">\n<p><strong>EL-OUED &#8211; Plus de 30 exposants prennent part au salon de l\u2019habit et l\u2019artisanat traditionnels, ouvert dimanche \u00e0 El-Oued, dans le cadre de la c\u00e9l\u00e9bration du Nouvel an amazigh (Yennayer 2970).<\/strong><\/p>\n<\/div>\n<div readability=\"68\">\n<p>Plac\u00e9e sous le signe \u00ab\u00a0l\u2019habit traditionnel, identit\u00e9 alg\u00e9rienne\u00a0\u00bb, cette manifestation de trois jours, une vitrine pour la promotion de l\u2019artisanat et des m\u00e9tiers, a permis de mettre en valeur les produits r\u00e9alis\u00e9s par la femme au foyer et tendant \u00e0 pr\u00e9server les effets vestimentaires traditionnels de la femme \u00ab\u00a0soufie\u00a0\u00bb.<\/p>\n<p>Divers articles et costumes, des produits de bijouterie traditionnelle, de couture, de broderie, tissage aux motifs \u00e0 connotations amazighes, ont \u00e9t\u00e9 \u00e9tal\u00e9s dans les stands de l\u2019exposition pour mettre en exergue la richesse du patrimoine mat\u00e9riel et immat\u00e9riel de l\u2019Alg\u00e9rie.<\/p>\n<p>Le programme de la c\u00e9l\u00e9bration pr\u00e9voit aussi un stand pour les plats populaires, dont la p\u00e2tisserie traditionnelle, pour vulgariser le legs mat\u00e9riel et immat\u00e9riel des alg\u00e9riens.<\/p>\n<p>La maison de la culture Mohamed Lamine Lamoudi \u00e0 El-Oued a abrit\u00e9, pour la circonstance, des activit\u00e9s culturelles, dont des r\u00e9citals po\u00e9tiques et de chant national d\u2019expression amazighe, en plus de communications acad\u00e9miques traitant de la port\u00e9e historique du nouvel amazigh, Yennayer.<\/p>\n<p>Une exposition de livres et publications amazighs, produits par le haut commissariat \u00e0 l\u2019Amazighit\u00e9 (HCA) et certains auteurs s\u2019int\u00e9ressant \u00e0 la transcription de Tamazight, a \u00e9galement \u00e9t\u00e9 mise sur pied.<\/p>\n<\/div>\n<p>Auteur:<br \/>\n<a href=\"http:\/\/www.aps.dz\/culture\/100043-el-oued-yennayer-2970-plus-de-30-exposants-au-salon-de-l-habit-et-l-artisanat-traditionnels\">Cliquez ici pour lire l&rsquo;article depuis sa source.<\/a><\/p>\n","protected":false},"excerpt":{"rendered":"<p>EL-OUED &#8211; Plus de 30 exposants prennent part au salon de l\u2019habit et l\u2019artisanat traditionnels, ouvert dimanche \u00e0 El-Oued, dans le cadre de la c\u00e9l\u00e9bration du Nouvel an amazigh (Yennayer 2970). Plac\u00e9e sous le signe \u00ab\u00a0l\u2019habit traditionnel, identit\u00e9 alg\u00e9rienne\u00a0\u00bb, cette manifestation de trois jours, une vitrine pour la promotion de l\u2019artisanat et des m\u00e9tiers, a [&hellip;]<\/p>\n","protected":false},"author":1790,"featured_media":0,"comment_status":"closed","ping_status":"closed","sticky":false,"template":"","format":"standard","meta":{"fifu_image_url":"","fifu_image_alt":"","footnotes":""},"categories":[53,79],"tags":[],"class_list":["post-72797","post","type-post","status-publish","format-standard","hentry","category-algerie","category-culture"],"_links":{"self":[{"href":"https:\/\/linitiative.ca\/International\/wp-json\/wp\/v2\/posts\/72797","targetHints":{"allow":["GET"]}}],"collection":[{"href":"https:\/\/linitiative.ca\/International\/wp-json\/wp\/v2\/posts"}],"about":[{"href":"https:\/\/linitiative.ca\/International\/wp-json\/wp\/v2\/types\/post"}],"author":[{"embeddable":true,"href":"https:\/\/linitiative.ca\/International\/wp-json\/wp\/v2\/users\/1790"}],"replies":[{"embeddable":true,"href":"https:\/\/linitiative.ca\/International\/wp-json\/wp\/v2\/comments?post=72797"}],"version-history":[{"count":0,"href":"https:\/\/linitiative.ca\/International\/wp-json\/wp\/v2\/posts\/72797\/revisions"}],"wp:attachment":[{"href":"https:\/\/linitiative.ca\/International\/wp-json\/wp\/v2\/media?parent=72797"}],"wp:term":[{"taxonomy":"category","embeddable":true,"href":"https:\/\/linitiative.ca\/International\/wp-json\/wp\/v2\/categories?post=72797"},{"taxonomy":"post_tag","embeddable":true,"href":"https:\/\/linitiative.ca\/International\/wp-json\/wp\/v2\/tags?post=72797"}],"curies":[{"name":"wp","href":"https:\/\/api.w.org\/{rel}","templated":true}]}}