{"id":72798,"date":"2020-01-12T13:04:26","date_gmt":"2020-01-12T18:04:26","guid":{"rendered":"https:\/\/linitiative.ca\/International\/yennayer-une-fete-puisant-sa-philosophie-de-lamour-de-la-terre-et-de-sa-preservation\/"},"modified":"2020-01-12T13:04:26","modified_gmt":"2020-01-12T18:04:26","slug":"yennayer-une-fete-puisant-sa-philosophie-de-lamour-de-la-terre-et-de-sa-preservation","status":"publish","type":"post","link":"https:\/\/linitiative.ca\/International\/yennayer-une-fete-puisant-sa-philosophie-de-lamour-de-la-terre-et-de-sa-preservation\/","title":{"rendered":"Yennayer :une f\u00eate puisant sa philosophie de l&rsquo;amour de la terre et de sa pr\u00e9servation"},"content":{"rendered":"<div readability=\"41\">\n<p><strong>TIPASA-Les intervenants aux travaux du colloque acad\u00e9mique \u00ab\u00a0Yennayer, symbole d&rsquo;une identit\u00e9 retrouv\u00e9e et monument historique \u00e0 valoriser\u00a0\u00bb, organis\u00e9 \u00e0 Tipasa \u00e0 l&rsquo;occasion de la c\u00e9l\u00e9bration du Nouvel an amazigh \u00ab\u00a0Yennayer 2970\u00a0\u00bb, ont affirm\u00e9, samedi, que Yennayer se voulait une f\u00eate populaire ancr\u00e9e dans l&rsquo;histoire de l&rsquo;Alg\u00e9rie, puisant sa philosophie de l&rsquo;amour de la terre nourrici\u00e8re et de sa pr\u00e9servation.<\/strong><\/p>\n<\/div>\n<div readability=\"116.348982036\">\n<p>\u00ab\u00a0Yennayer\u00a0\u00bb, c\u00e9l\u00e9br\u00e9 de tout temps \u00e0 travers le territoire national pour marquer le d\u00e9but d&rsquo;une nouvelle ann\u00e9e agraire, ne varie pratiquement pas dans son essence et sa philosophie, \u00e0 l&rsquo;exception de certains d\u00e9tails superflus qui n&rsquo;ont aucune incidence sur le v\u00e9ritable sens de cette f\u00eate qui constitue un trait d&rsquo;union solide entre toutes les r\u00e9gions du pays, ont fait savoir les participants \u00e0 ce colloque organis\u00e9 par le Haut-commissariat \u00e0 l&rsquo;Amazighit\u00e9 (HCA), en collaboration avec les services de la wilaya de Tipasa.<\/p>\n<p>La philosophe et anthropologue Louisa Gueliz a soulign\u00e9, dans ce sens, que \u00ab\u00a0la c\u00e9l\u00e9bration du Nouvel an amazigh est une r\u00e9alit\u00e9 et une tradition aux dimensions culturelle, sociale et philosophique, transmise de g\u00e9n\u00e9ration en g\u00e9n\u00e9ration, depuis des lustres, renfor\u00e7ant ainsi le sentiment d&rsquo;appartenance \u00e0 la patrie\u00a0\u00bb.<\/p>\n<p>L&rsquo;amour de la terre, de la patrie et de l&rsquo;\u00eatre humain et bien d&rsquo;autres nobles valeurs caract\u00e9risent Yennayer comme \u00ab\u00a0un pacte de paix sign\u00e9 entre la terre nourrici\u00e8re et l&rsquo;Homme\u00a0\u00bb o\u00f9 la grand-m\u00e8re joue un r\u00f4le primordial dans toutes les r\u00e9gions du pays.<\/p>\n<p>Pour sa part, le Pr. Mohamed El Hadi Harech, pr\u00e9sident du comit\u00e9 scientifique du colloque et sp\u00e9cialiste de l&rsquo;antiquit\u00e9 a pr\u00e9cis\u00e9 que \u00ab\u00a0le calendrier amazigh est plus ancien que les calendriers romain et \u00e9gyptien, contrairement \u00e0 certaines \u00e9tudes qui affirment que le calendrier amazigh d\u00e9coule du calendrier romain\u00a0\u00bb.<\/p>\n<blockquote readability=\"8\">\n<p><strong>Il a appel\u00e9 \u00e9galement \u00e0 la n\u00e9cessit\u00e9 d&rsquo;\u00e9tudier l&rsquo;histoire avec objectivit\u00e9, soulignant que \u00ab\u00a0la plupart des historiens occidentaux notamment de l&rsquo;\u00e9cole fran\u00e7aise ont \u00e9crit une histoire qui pr\u00e9serve les int\u00e9r\u00eats de la France coloniale\u00a0\u00bb.<\/strong><\/p>\n<\/blockquote>\n<p>Il faut s&rsquo;enorgueillir de l&rsquo;histoire et de la civilisation amazighes \u00e0 m\u00eame d&rsquo;assurer l&rsquo;unit\u00e9 de la nation \u00e0 l&rsquo;instar de \u00ab\u00a0Yennayer\u00a0\u00bb c\u00e9l\u00e9br\u00e9 de tout temps dans les quatre coins du pays, a-t-il estim\u00e9, ajoutant qu&rsquo;il \u00e9tait une occasion pour rapprocher les vues et mettre fin aux diff\u00e9rends qui d\u00e9truisent les pays.<\/p>\n<hr\/>\n<h3>Lire aussi: <a href=\"http:\/\/www.aps.dz\/regions\/99997-yennayer-une-halte-pour-rappeler-la-contribution-des-amazighs-aux-civilisations-mondiales\" target=\"_blank\" rel=\"noopener noreferrer\">Yennayer, une halte pour rappeler la contribution des Amazighs aux civilisations mondiales<\/a><\/h3>\n<hr\/>\n<p>La cons\u00e9cration de Yennayer f\u00eate nationale et officielle et la reconnaissance de tamazight en tant que langue officielle sont le fruit d&rsquo;un long processus de lutte civilis\u00e9e et pacifique et des efforts consentis par l&rsquo;Etat pour consolider les constantes de la Nation, \u00e0 savoir: l&rsquo;Islam, l&rsquo;Arabit\u00e9 et l&rsquo;Amazighit\u00e9, a d\u00e9clar\u00e9 le SG du HCA.<\/p>\n<p>Il a appel\u00e9 en outre \u00e0 \u0153uvrer \u00e0 la promotion de la langue amazighe dans le cadre de d\u00e9bats fructueux, loin de toute d\u00e9magogie, affirmant que le HCA \u0153uvre \u00e0 la promotion de toutes les variantes de la langue amazighe.<\/p>\n<p>Pour sa part, la ministre de la Culture, Malika Bendouda a qualifi\u00e9 de \u00ab\u00a0grave\u00a0\u00bb le traitement de la question identitaire par des personnes non qualifi\u00e9es qui n&rsquo;appartiennent pas aux domaines acad\u00e9mique et scientifique notamment en pleines mutations que conna\u00eet l&rsquo;Alg\u00e9rie.<\/p>\n<blockquote readability=\"11\">\n<p><strong>\u00ab\u00a0Les identit\u00e9s doivent \u00eatre conciliantes, qu&rsquo;il s&rsquo;agit d&rsquo;amazighit\u00e9 ou d&rsquo;arabit\u00e9, car il est inimaginable de concevoir l&rsquo;amazighit\u00e9 hors du cadre alg\u00e9rien qui rassemble toutes les identit\u00e9s depuis des si\u00e8cles ayant en partage la communaut\u00e9 du destin et une m\u00eame vision d&rsquo;avenir\u00a0\u00bb, a-t-elle estim\u00e9.<\/strong><\/p>\n<\/blockquote>\n<p>Ce colloque a \u00e9t\u00e9 \u00e9galement marqu\u00e9 par l&rsquo;organisation de trois s\u00e9ances-d\u00e9bats sur plusieurs th\u00e8mes li\u00e9s \u00e0 l&rsquo;histoire, aux calendriers des anciens peuples, au calendrier amazigh, aux patrimoines mat\u00e9riel et immat\u00e9riel, \u00e0 la cohabitation, \u00e0 l&rsquo;identit\u00e9, aux\u00a0 manuscrits, aux traditions et us, \u00e0 l&rsquo;histoire des amazighs dans les r\u00e9gions des Aur\u00e8s et de Tipasa et autres.<\/p>\n<hr\/>\n<p><a href=\"http:\/\/www.aps.dz\/culture\/99970-yennayer-2970-lancement-a-tipasa-des-festivites-officielles-et-nationales\" target=\"_blank\" rel=\"noopener noreferrer\">Lire ausi: Yennayer 2970: lancement \u00e0 Tipasa des festivit\u00e9s officielles et nationales<\/a><\/p>\n<hr\/>\n<p>En marge de ce colloque, la commission de wilaya du patrimoine immat\u00e9riel a \u00e9t\u00e9 install\u00e9e, outre la conclusion de conventions de coop\u00e9ration entre l&rsquo;Entreprise publique de t\u00e9l\u00e9vision (EPTV) et le Haut-commissariat \u00e0 l&rsquo;Amazighit\u00e9 (HCA), avec l&rsquo;installation de la premi\u00e8re promotion de journalistes et de correspondants amazighophones, outre l&rsquo;organisation de plusieurs activit\u00e9s artistiques et culturelles.<\/p>\n<\/div>\n<p>Auteur:<br \/>\n<a href=\"http:\/\/www.aps.dz\/culture\/100044-yennayer-une-fete-puisant-sa-philosophie-de-l-amour-de-la-terre-et-de-sa-preservation\">Cliquez ici pour lire l&rsquo;article depuis sa source.<\/a><\/p>\n","protected":false},"excerpt":{"rendered":"<p>TIPASA-Les intervenants aux travaux du colloque acad\u00e9mique \u00ab\u00a0Yennayer, symbole d&rsquo;une identit\u00e9 retrouv\u00e9e et monument historique \u00e0 valoriser\u00a0\u00bb, organis\u00e9 \u00e0 Tipasa \u00e0 l&rsquo;occasion de la c\u00e9l\u00e9bration du Nouvel an amazigh \u00ab\u00a0Yennayer 2970\u00a0\u00bb, ont affirm\u00e9, samedi, que Yennayer se voulait une f\u00eate populaire ancr\u00e9e dans l&rsquo;histoire de l&rsquo;Alg\u00e9rie, puisant sa philosophie de l&rsquo;amour de la terre nourrici\u00e8re [&hellip;]<\/p>\n","protected":false},"author":1790,"featured_media":0,"comment_status":"closed","ping_status":"closed","sticky":false,"template":"","format":"standard","meta":{"fifu_image_url":"","fifu_image_alt":"","footnotes":""},"categories":[53,79],"tags":[],"class_list":["post-72798","post","type-post","status-publish","format-standard","hentry","category-algerie","category-culture"],"_links":{"self":[{"href":"https:\/\/linitiative.ca\/International\/wp-json\/wp\/v2\/posts\/72798","targetHints":{"allow":["GET"]}}],"collection":[{"href":"https:\/\/linitiative.ca\/International\/wp-json\/wp\/v2\/posts"}],"about":[{"href":"https:\/\/linitiative.ca\/International\/wp-json\/wp\/v2\/types\/post"}],"author":[{"embeddable":true,"href":"https:\/\/linitiative.ca\/International\/wp-json\/wp\/v2\/users\/1790"}],"replies":[{"embeddable":true,"href":"https:\/\/linitiative.ca\/International\/wp-json\/wp\/v2\/comments?post=72798"}],"version-history":[{"count":0,"href":"https:\/\/linitiative.ca\/International\/wp-json\/wp\/v2\/posts\/72798\/revisions"}],"wp:attachment":[{"href":"https:\/\/linitiative.ca\/International\/wp-json\/wp\/v2\/media?parent=72798"}],"wp:term":[{"taxonomy":"category","embeddable":true,"href":"https:\/\/linitiative.ca\/International\/wp-json\/wp\/v2\/categories?post=72798"},{"taxonomy":"post_tag","embeddable":true,"href":"https:\/\/linitiative.ca\/International\/wp-json\/wp\/v2\/tags?post=72798"}],"curies":[{"name":"wp","href":"https:\/\/api.w.org\/{rel}","templated":true}]}}