{"id":72802,"date":"2020-01-12T06:31:26","date_gmt":"2020-01-12T11:31:26","guid":{"rendered":"https:\/\/linitiative.ca\/International\/gestion-des-dechets-a-oran-projet-de-creation-de-centres-de-transfert-par-compaction\/"},"modified":"2020-01-12T06:31:26","modified_gmt":"2020-01-12T11:31:26","slug":"gestion-des-dechets-a-oran-projet-de-creation-de-centres-de-transfert-par-compaction","status":"publish","type":"post","link":"https:\/\/linitiative.ca\/International\/gestion-des-dechets-a-oran-projet-de-creation-de-centres-de-transfert-par-compaction\/","title":{"rendered":"Gestion des d\u00e9chets \u00e0 Oran: projet de cr\u00e9ation de centres de transfert par compaction"},"content":{"rendered":"<div readability=\"37\">\n<p><strong>ORAN &#8211; Un projet de cr\u00e9ation de centres de transfert, \u00e9quip\u00e9s de stations de compaction, pour compresser les d\u00e9chets avant de les acheminer vers les Centres d&rsquo;enfouissement technique (CET), a \u00e9t\u00e9 adopt\u00e9 \u00e0 Oran par les autorit\u00e9s locales.<\/strong><\/p>\n<\/div>\n<div readability=\"91.4160766347\">\n<p>Lors de la pr\u00e9sentation, jeudi dernier, du sch\u00e9ma directeur pour la gestion des d\u00e9chets m\u00e9nagers et assimil\u00e9s, r\u00e9alis\u00e9 par l&rsquo;Agence nationale des d\u00e9chets (AND), le wali, Abdelkader Djellaoui, a donn\u00e9 une instruction pour la cr\u00e9ation d&rsquo;un troisi\u00e8me centre de transfert \u00e0 Bir El djir.<\/p>\n<p>Celui-ci s&rsquo;ajoutera aux deux autres en cours de r\u00e9alisation \u00e0 Messerghine et Mers El Hadjadj.<\/p>\n<p>Ainsi, la wilaya d&rsquo;Oran disposera de trois centres pour couvrir les trois groupements : Est (Mers El Hadjadj), Ouest (Messerghine) et Centre (Bir El Djir).<\/p>\n<hr\/>\n<h3 class=\"catItemTitle\"><span class=\"c30\">Lire aussi:<\/span>\u00a0<a href=\"http:\/\/www.aps.dz\/regions\/99939-collecte-des-dechets-menagers-87-points-noirs-recenses-a-oran\">Collecte des d\u00e9chets m\u00e9nagers: 87 points noirs recens\u00e9s \u00e0 Oran<\/a><\/h3>\n<hr\/>\n<p>Il s&rsquo;agit de centres \u00e9quip\u00e9s de stations dites \u00ab\u00a0stations par compaction \u00ab\u00a0, qui re\u00e7oivent les d\u00e9chets collect\u00e9s pour les compacter avant de les acheminer vers les centres d&rsquo;enfouissement, a expliqu\u00e9 \u00e0 l&rsquo;APS, la directrice locale de l&rsquo;Environnement, Samira Dahou.<\/p>\n<p>Les centres de transfert ont le grand avantage de r\u00e9duire le co\u00fbt de la gestion des d\u00e9chets en r\u00e9duisant significativement le nombre de rotations vers les CET, souvent implant\u00e9s loin des zones urbaines, a pr\u00e9cis\u00e9 la responsable.<\/p>\n<p>D&rsquo;autres avantages offerts par ces centres, comme la possibilit\u00e9 de trier les d\u00e9chets et d&rsquo;en r\u00e9cup\u00e9rer un maximum dits \u00ab\u00a0valorisables\u00a0\u00bb, ainsi que la prolongation de la dur\u00e9e de vie des casiers au niveau des CET, a-t-elle expliqu\u00e9.<\/p>\n<p>S&rsquo;agissant de l&rsquo;\u00e9tat d&rsquo;avancement des deux premiers projets, Mme Dahou a indiqu\u00e9 que les travaux du projet de Mers El Hadjadj, lanc\u00e9s en 2018, enregistrent un taux d&rsquo;avancement de l&rsquo;ordre de 80%. La plateforme et les cl\u00f4tures au niveau de ce futur centre sont finalis\u00e9es, et la direction de l&rsquo;Environnement a lanc\u00e9 les d\u00e9marches pour l&rsquo;acquisition des \u00e9quipements, a-t-on expliqu\u00e9.<\/p>\n<p>A Messerghine, le premier choix de l&rsquo;assiette fonci\u00e8re s&rsquo;est av\u00e9r\u00e9 inappropri\u00e9 en raison de sa proximit\u00e9 avec des terres agricoles. \u00ab\u00a0Ceci impose le choix d&rsquo;un autre terrain\u00a0\u00bb, a affirm\u00e9 la responsable, ajoutant que des appels d&rsquo;offre pour la r\u00e9alisation de la plateforme seront lanc\u00e9s une fois le site d&rsquo;implantation retenu.<\/p>\n<p>A Bir El Djir, o\u00f9 les assiettes fonci\u00e8res sont plus rares, le wali a ordonn\u00e9 \u00e0 son ex\u00e9cutif de se concerter pour d\u00e9gager une assiette pour la r\u00e9alisation d&rsquo;un centre. \u00ab\u00a0Une assiette de 6.000 m3 est largement suffisante pour r\u00e9aliser une station de transfert\u00a0\u00bb, a estim\u00e9 la directrice de l&rsquo;environnement<\/p>\n<\/div>\n<p>Auteur:<br \/>\n<a href=\"http:\/\/www.aps.dz\/regions\/100037-gestion-des-dechets-a-oran-projet-de-creation-de-centres-de-transfert-par-compaction-adopte\">Cliquez ici pour lire l&rsquo;article depuis sa source.<\/a><\/p>\n","protected":false},"excerpt":{"rendered":"<p>ORAN &#8211; Un projet de cr\u00e9ation de centres de transfert, \u00e9quip\u00e9s de stations de compaction, pour compresser les d\u00e9chets avant de les acheminer vers les Centres d&rsquo;enfouissement technique (CET), a \u00e9t\u00e9 adopt\u00e9 \u00e0 Oran par les autorit\u00e9s locales. Lors de la pr\u00e9sentation, jeudi dernier, du sch\u00e9ma directeur pour la gestion des d\u00e9chets m\u00e9nagers et assimil\u00e9s, [&hellip;]<\/p>\n","protected":false},"author":1790,"featured_media":0,"comment_status":"closed","ping_status":"closed","sticky":false,"template":"","format":"standard","meta":{"fifu_image_url":"","fifu_image_alt":"","footnotes":""},"categories":[53,76],"tags":[],"class_list":["post-72802","post","type-post","status-publish","format-standard","hentry","category-algerie","category-regions"],"_links":{"self":[{"href":"https:\/\/linitiative.ca\/International\/wp-json\/wp\/v2\/posts\/72802","targetHints":{"allow":["GET"]}}],"collection":[{"href":"https:\/\/linitiative.ca\/International\/wp-json\/wp\/v2\/posts"}],"about":[{"href":"https:\/\/linitiative.ca\/International\/wp-json\/wp\/v2\/types\/post"}],"author":[{"embeddable":true,"href":"https:\/\/linitiative.ca\/International\/wp-json\/wp\/v2\/users\/1790"}],"replies":[{"embeddable":true,"href":"https:\/\/linitiative.ca\/International\/wp-json\/wp\/v2\/comments?post=72802"}],"version-history":[{"count":0,"href":"https:\/\/linitiative.ca\/International\/wp-json\/wp\/v2\/posts\/72802\/revisions"}],"wp:attachment":[{"href":"https:\/\/linitiative.ca\/International\/wp-json\/wp\/v2\/media?parent=72802"}],"wp:term":[{"taxonomy":"category","embeddable":true,"href":"https:\/\/linitiative.ca\/International\/wp-json\/wp\/v2\/categories?post=72802"},{"taxonomy":"post_tag","embeddable":true,"href":"https:\/\/linitiative.ca\/International\/wp-json\/wp\/v2\/tags?post=72802"}],"curies":[{"name":"wp","href":"https:\/\/api.w.org\/{rel}","templated":true}]}}