{"id":72803,"date":"2020-01-11T17:55:37","date_gmt":"2020-01-11T22:55:37","guid":{"rendered":"https:\/\/linitiative.ca\/International\/lancement-des-projets-de-developpement-socio-economique\/"},"modified":"2020-01-11T17:55:37","modified_gmt":"2020-01-11T22:55:37","slug":"lancement-des-projets-de-developpement-socio-economique","status":"publish","type":"post","link":"https:\/\/linitiative.ca\/International\/lancement-des-projets-de-developpement-socio-economique\/","title":{"rendered":"Lancement des projets de d\u00e9veloppement socio-\u00e9conomique"},"content":{"rendered":"<p class=\"c4\">Le gouverneur de la province de Jerada, Mabrouk Tabet a proc\u00e9d\u00e9, samedi, au lancement de plusieurs projets de d\u00e9veloppement socio-\u00e9conomique.<\/p>\n<p class=\"c4\">Au si\u00e8ge de la province, M. Tabet, qui \u00e9tait accompagn\u00e9 d\u2019une importante d\u00e9l\u00e9gation d\u2019officiels et d\u2019acteurs de la soci\u00e9t\u00e9 civile, a remis des \u00e9quipements agricoles \u00e0 trois coop\u00e9ratives regroupant des ayants droit relevant de la communaut\u00e9 soulaliyate \u00ab\u00a0Oulad Bakhti\u00a0\u00bb dans les communes de Gafa\u00eft et Labkhata.<\/p>\n<p class=\"c4\">Ces \u00e9quipements ont \u00e9t\u00e9 acquis pour un montant de 447.560 dirhams dans le cadre du programme d\u2019appui et d\u2019accompagnement des ayants droit dans le processus de d\u00e9veloppement humain financ\u00e9 par le minist\u00e8re de l\u2019Int\u00e9rieur (Direction des affaires rurales).<\/p>\n<p class=\"c4\">Le gouverneur a \u00e9galement remis deux v\u00e9hicules acquis par le Conseil de la r\u00e9gion de l\u2019Oriental au profit de l\u2019union des coop\u00e9ratives apicoles de la province, et ce dans le cadre du programme 2017-2020 de d\u00e9veloppement agricole, avec un budget de 500.000 DH. Cette initiative s\u2019inscrit dans le sillage des efforts visant \u00e0 am\u00e9liorer les conditions de commercialisation du miel et les revenus des b\u00e9n\u00e9ficiaires.<\/p>\n<p class=\"c4\">Par la m\u00eame occasion, il a \u00e9t\u00e9 proc\u00e9d\u00e9 \u00e0 l\u2019octroi de deux v\u00e9hicules pour faciliter le transport et le d\u00e9placement des personnes souffrant de la maladie d\u2019insuffisance r\u00e9nale dans les communes de Touisset, Gafa\u00eft et Labkhata.<\/p>\n<p class=\"c4\">L\u2019acquisition de ces v\u00e9hicules par l\u2019Initiative nationale pour le d\u00e9veloppement humain (INDH) dans le cadre du programme d\u2019accompagnement des personnes en situation de vuln\u00e9rabilit\u00e9, pour un co\u00fbt de 862.000 DH, ambitionne de rapprocher les soins de sant\u00e9 de cette frange de citoyens.<\/p>\n<p class=\"c4\">Par ailleurs, M. Tabet a donn\u00e9 le coup d\u2019envoi dans la commune de Jerada des travaux de r\u00e9alisation d\u2019un centre pluridisciplinaire ayant n\u00e9cessit\u00e9 un investissement de l\u2019ordre de 2,6 millions de dirhams et qui rentre dans le cadre du programme 2018-2020 de d\u00e9veloppement de la province de Jerada.<\/p>\n<p class=\"c4\">Il a aussi lanc\u00e9 les travaux de la premi\u00e8re tranche relative \u00e0 la construction d\u2019une salle couverte pr\u00e9vue dans le programme de qualification de la commune de Jerada dans le cadre de la politique de la ville (annexe de la convention 2019-2020). Ce projet sera r\u00e9alis\u00e9 pour une enveloppe budg\u00e9taire de 9.590.600 DH qui englobe de m\u00eame la construction d\u2019une piscine couverte (2\u00e8 tranche).<\/p>\n<p class=\"c4\">Ces projets ont pour finalit\u00e9 le renforcement des infrastructures sociales et de mettre \u00e0 la disposition des jeunes, des enfants et des associations un espace ad\u00e9quat pour la pratique de leurs activit\u00e9s culturelles, sociales et sportives.<\/p>\n<p class=\"c4\">Le projet d\u2019extension de Dar Attaliba (maison de l\u2019\u00e9tudiante) a \u00e9t\u00e9 aussi lanc\u00e9 gr\u00e2ce \u00e0 un investissement de 2,5 millions de dirhams financ\u00e9 dans le cadre de la convention de partenariat paraph\u00e9e entre l\u2019INDH (programme d\u2019accompagnement des personnes en situation de vuln\u00e9rabilit\u00e9), le conseil provincial de Jerada et l\u2019Agence de d\u00e9veloppement de l\u2019Oriental, en vue de contribuer \u00e0 l\u2019encouragement de la scolarisation et la lutte contre la d\u00e9perdition scolaire au niveau de la province.<\/p>\n<p class=\"c4\">Dans la zone d\u2019activit\u00e9s \u00e9conomiques relevant de la commune de Ganfouda, le gouverneur a donn\u00e9 le coup d\u2019envoi des travaux de construction d\u2019une unit\u00e9 de recyclage des d\u00e9chets plastiques pour un investissement de 30 MDH.<\/p>\n<p class=\"c4\">Cette unit\u00e9, d\u2019une capacit\u00e9 de traitement de 25.000 tonnes de d\u00e9chets plastiques par an, va permettre la cr\u00e9ation de plus de 300 emplois, selon des explications fournies par les responsables du projet au gouverneur qui a visit\u00e9, par l\u2019occasion, des projets de d\u00e9veloppement en cours de r\u00e9alisation dans de cette zone.<\/p>\n<p class=\"c4\">A rappeler que la province de Jerada conna\u00eet la r\u00e9alisation de nombreux projets de d\u00e9veloppement dans les zones d\u2019activit\u00e9s \u00e9conomiques situ\u00e9es au niveau des communes de Jerada, A\u00efn Bni Mathar, Touisset et Ganfouda, lesquels projets sont de nature \u00e0 cr\u00e9er des opportunit\u00e9s d\u2019emploi en faveur des jeunes de la province.<\/p>\n<p>Auteur: Soufiane ELAHMAR<br \/>\n<a href=\"http:\/\/www.mapoujda.ma\/fr\/lancement-des-projets-de-developpement-socio-economique\/\">Cliquez ici pour lire l&rsquo;article depuis sa source.<\/a><\/p>\n","protected":false},"excerpt":{"rendered":"<p>Le gouverneur de la province de Jerada, Mabrouk Tabet a proc\u00e9d\u00e9, samedi, au lancement de plusieurs projets de d\u00e9veloppement socio-\u00e9conomique. Au si\u00e8ge de la province, M. Tabet, qui \u00e9tait accompagn\u00e9 d\u2019une importante d\u00e9l\u00e9gation d\u2019officiels et d\u2019acteurs de la soci\u00e9t\u00e9 civile, a remis des \u00e9quipements agricoles \u00e0 trois coop\u00e9ratives regroupant des ayants droit relevant de la [&hellip;]<\/p>\n","protected":false},"author":1788,"featured_media":0,"comment_status":"closed","ping_status":"closed","sticky":false,"template":"","format":"standard","meta":{"fifu_image_url":"","fifu_image_alt":"","footnotes":""},"categories":[54,76],"tags":[],"class_list":["post-72803","post","type-post","status-publish","format-standard","hentry","category-maroc","category-regions"],"_links":{"self":[{"href":"https:\/\/linitiative.ca\/International\/wp-json\/wp\/v2\/posts\/72803","targetHints":{"allow":["GET"]}}],"collection":[{"href":"https:\/\/linitiative.ca\/International\/wp-json\/wp\/v2\/posts"}],"about":[{"href":"https:\/\/linitiative.ca\/International\/wp-json\/wp\/v2\/types\/post"}],"author":[{"embeddable":true,"href":"https:\/\/linitiative.ca\/International\/wp-json\/wp\/v2\/users\/1788"}],"replies":[{"embeddable":true,"href":"https:\/\/linitiative.ca\/International\/wp-json\/wp\/v2\/comments?post=72803"}],"version-history":[{"count":0,"href":"https:\/\/linitiative.ca\/International\/wp-json\/wp\/v2\/posts\/72803\/revisions"}],"wp:attachment":[{"href":"https:\/\/linitiative.ca\/International\/wp-json\/wp\/v2\/media?parent=72803"}],"wp:term":[{"taxonomy":"category","embeddable":true,"href":"https:\/\/linitiative.ca\/International\/wp-json\/wp\/v2\/categories?post=72803"},{"taxonomy":"post_tag","embeddable":true,"href":"https:\/\/linitiative.ca\/International\/wp-json\/wp\/v2\/tags?post=72803"}],"curies":[{"name":"wp","href":"https:\/\/api.w.org\/{rel}","templated":true}]}}