{"id":72811,"date":"2020-01-12T15:19:05","date_gmt":"2020-01-12T20:19:05","guid":{"rendered":"https:\/\/linitiative.ca\/International\/congres-de-lassociation-des-rhumatologues-prives-plus-de-250-participants\/"},"modified":"2020-01-12T15:19:05","modified_gmt":"2020-01-12T20:19:05","slug":"congres-de-lassociation-des-rhumatologues-prives-plus-de-250-participants","status":"publish","type":"post","link":"https:\/\/linitiative.ca\/International\/congres-de-lassociation-des-rhumatologues-prives-plus-de-250-participants\/","title":{"rendered":"Congr\u00e8s de l\u2019Association des rhumatologues priv\u00e9s : Plus de 250 participants"},"content":{"rendered":"<p>Plus de 250 participants prendront part au 18e congr\u00e8s de l&rsquo;Association des rhumatologues alg\u00e9riens priv\u00e9s (ARAP), pr\u00e9vu les 6 et 7 mars prochain \u00e0 Oran, a-t-on appris hier des organisateurs. Ce rendez-vous de la \u00abFormation continue\u00bb rassemblera des sp\u00e9cialistes priv\u00e9s en rhumatologie des quatre coins du pays en plus de m\u00e9decins sp\u00e9cialistes de l&rsquo;\u00e9tranger, a-t-on indiqu\u00e9.<br \/>Cette rencontre d&rsquo;\u00e9changes et d&rsquo;ouverture constitue aussi un carrefour entre les professions m\u00e9dicales et pharmaceutiques de tous les continents afin de croiser les points de vue et exp\u00e9riences, mais surtout partager les expertises et faire le bilan d&rsquo;une ann\u00e9e de recherche, a-t-on soulign\u00e9 de m\u00eame source.<br \/>Plusieurs th\u00e8mes li\u00e9s \u00e0 la rhumatologie seront abord\u00e9s durant les deux jours du congr\u00e8s, entre autres, les rhumatismes inflammatoires, l&rsquo;arthrose, l&rsquo;ost\u00e9oporose et la douleur. Cet \u00e9v\u00e9nement scientifique permettra aux rhumatologues alg\u00e9riens de mettre \u00e0 jour leurs connaissances et de s&rsquo;enqu\u00e9rir des derniers traitements issus de la recherche, et aussi d\u2019\u00eatre au diapason de l\u2019\u00e9volution des th\u00e9rapies li\u00e9es aux traitements des maladies rhumatismales chez les adultes et les enfants.<br \/>Il sera question essentiellement durant ces deux jours de se pencher sur les th\u00e9rapeutiques innovantes, en l&rsquo;occurrence les bioth\u00e9rapies pour traiter les rhumatismes inflammatoires, notamment la polyarthrite rhumato\u00efde (PR), a-t-on ajout\u00e9.<br \/>Un riche programme de conf\u00e9rences est concoct\u00e9 pour l&rsquo;occasion traitant essentiellement, d&rsquo;avanc\u00e9es th\u00e9rapeutiques en mati\u00e8re de pathologies rhumatismales, d&rsquo;arthrose des mains et des jambes et d&rsquo;ost\u00e9oporose, entre autres.\u00a0\u00a0<br \/>\u00a0<\/p>\n<p>Auteur: elmoudjahid<br \/>\n<a href=\"http:\/\/www.elmoudjahid.com\/fr\/actualites\/147046\">Cliquez ici pour lire l&rsquo;article depuis sa source.<\/a><\/p>\n","protected":false},"excerpt":{"rendered":"<p>Plus de 250 participants prendront part au 18e congr\u00e8s de l&rsquo;Association des rhumatologues alg\u00e9riens priv\u00e9s (ARAP), pr\u00e9vu les 6 et 7 mars prochain \u00e0 Oran, a-t-on appris hier des organisateurs. Ce rendez-vous de la \u00abFormation continue\u00bb rassemblera des sp\u00e9cialistes priv\u00e9s en rhumatologie des quatre coins du pays en plus de m\u00e9decins sp\u00e9cialistes de l&rsquo;\u00e9tranger, a-t-on [&hellip;]<\/p>\n","protected":false},"author":1744,"featured_media":0,"comment_status":"closed","ping_status":"closed","sticky":false,"template":"","format":"standard","meta":{"fifu_image_url":"","fifu_image_alt":"","footnotes":""},"categories":[73,53],"tags":[],"class_list":["post-72811","post","type-post","status-publish","format-standard","hentry","category-actualite","category-algerie"],"_links":{"self":[{"href":"https:\/\/linitiative.ca\/International\/wp-json\/wp\/v2\/posts\/72811","targetHints":{"allow":["GET"]}}],"collection":[{"href":"https:\/\/linitiative.ca\/International\/wp-json\/wp\/v2\/posts"}],"about":[{"href":"https:\/\/linitiative.ca\/International\/wp-json\/wp\/v2\/types\/post"}],"author":[{"embeddable":true,"href":"https:\/\/linitiative.ca\/International\/wp-json\/wp\/v2\/users\/1744"}],"replies":[{"embeddable":true,"href":"https:\/\/linitiative.ca\/International\/wp-json\/wp\/v2\/comments?post=72811"}],"version-history":[{"count":0,"href":"https:\/\/linitiative.ca\/International\/wp-json\/wp\/v2\/posts\/72811\/revisions"}],"wp:attachment":[{"href":"https:\/\/linitiative.ca\/International\/wp-json\/wp\/v2\/media?parent=72811"}],"wp:term":[{"taxonomy":"category","embeddable":true,"href":"https:\/\/linitiative.ca\/International\/wp-json\/wp\/v2\/categories?post=72811"},{"taxonomy":"post_tag","embeddable":true,"href":"https:\/\/linitiative.ca\/International\/wp-json\/wp\/v2\/tags?post=72811"}],"curies":[{"name":"wp","href":"https:\/\/api.w.org\/{rel}","templated":true}]}}