{"id":72814,"date":"2020-01-12T15:19:13","date_gmt":"2020-01-12T20:19:13","guid":{"rendered":"https:\/\/linitiative.ca\/International\/feuille-de-route-du-ministre-de-la-communication-la-corporation-rassuree\/"},"modified":"2020-01-12T15:19:13","modified_gmt":"2020-01-12T20:19:13","slug":"feuille-de-route-du-ministre-de-la-communication-la-corporation-rassuree","status":"publish","type":"post","link":"https:\/\/linitiative.ca\/International\/feuille-de-route-du-ministre-de-la-communication-la-corporation-rassuree\/","title":{"rendered":"Feuille de route du ministre de la Communication  : La corporation rassur\u00e9e"},"content":{"rendered":"<p>Ces r\u00e9formes, qui s&rsquo;inscrivent dans le cadre des engagements du pr\u00e9sident de la R\u00e9publique, Abdelmadjid Tebboune, seront ax\u00e9es sur \u00abl&rsquo;ind\u00e9pendance et la libert\u00e9 de la presse dans le cadre du respect de la vie priv\u00e9e et de l&rsquo;\u00e9thique et de la d\u00e9ontologie et du rejet de l&rsquo;injure et de la diffamation\u00bb, a d\u00e9clar\u00e9 le ministre lors de cette premi\u00e8re visite marqu\u00e9e par la pr\u00e9sentation de la feuille de route de son d\u00e9partement.<br \/>Les engagements du ministre de la Communication, Amar Belhimer, annonc\u00e9s samedi dernier, lors d\u2019une visite aux si\u00e8ges des maisons de la Presse Tahar Djaout \u00e0 la place du 1er-Mai et Abdelkader-Safir \u00e0 Kouba ont \u00e9t\u00e9 bien accueillis par les professionnels des m\u00e9dias.<br \/>Des journalistes, exer\u00e7ant dans diff\u00e9rents m\u00e9dias, ont soutenu que la feuille de route de M. Belhimer s\u2019inscrit en ligne droite avec leurs revendications et leurs attentes exprim\u00e9es depuis plusieurs ann\u00e9es. Ils citent, notamment la r\u00e9forme globale et en profondeur du secteur, une revendication majeure des journalistes, ainsi que la rupture avec l\u2019ancien r\u00e9gime .<br \/>M. Belhimer a annonc\u00e9, lors de cette premi\u00e8re sortie officielle, \u00able lancement de chantiers pour une r\u00e9forme globale du secteur de la Communication\u00bb. Il a pr\u00e9cis\u00e9, que \u00abces chantiers co\u00efncideront avec l&rsquo;initiation d&rsquo;un dialogue national dans le cadre de l&rsquo;amendement de la Constitution qui donnera lieu \u00e0 de nouvelles lois devant consacrer la pratique d\u00e9mocratique, dont les lois relatives au r\u00e9gime \u00e9lectoral, aux partis politiques, aux associations et \u00e0 la presse\u00bb.<br \/>\u00a0Le ministre s\u2019est \u00e9galement engag\u00e9 \u00e0 lib\u00e9rer la pratique journalistique de toute forme de censure et de monopole, \u00abcela garantira les conditions propices \u00e0 un exercice libre et responsable de la profession journalistique\u00bb. M. Belhimer a en outre plaid\u00e9 pour une presse professionnelle et nationaliste. \u00abIl faut faire la diff\u00e9rence entre l\u2019information et le commentaire\u00bb, a-t-il soulign\u00e9.<\/p>\n<p><strong>Respect de l\u2019\u00e9thique professionnelle<\/strong><\/p>\n<p>R\u00e9agissant \u00e0 ces importances annonces, Hasna Yagoub, journaliste et r\u00e9dactrice en chef au quotidien L\u2019Expression, a soutenu qu\u2019 il faut lib\u00e9rer les m\u00e9dias car, en Alg\u00e9rie, la presse et les m\u00e9dias de mani\u00e8re g\u00e9n\u00e9rale ne jouent pas leur r\u00f4le premier\u00bb. \u00abUn journal ou un m\u00e9dia audiovisuel doit donner l\u2019information, le commentaire peut, par la suite, \u00eatre r\u00e9gent\u00e9 dans un sens ou dans un autre, selon l\u2019orientation choisie.<br \/>\u00a0Je pense donc, qu\u2019en premier, il y a lieu d\u2019imposer \u00e0 tout m\u00e9dia de revenir \u00e0 l\u2019essence m\u00eame du m\u00e9tier avec l\u2019obligation de donner l\u2019information,en levant toutes les pressions qui peuvent le d\u00e9vier de cette optique\u00bb, a-t-elle indiqu\u00e9. Une fois le champ m\u00e9diatique lib\u00e9r\u00e9, l\u2019initiative du d\u00e9bat devrait \u00e9maner, de son point de vue, des acteurs m\u00eame de ce domaine.<br \/>\u00abCes derniers devraient se concerter et s\u2019organiser pour r\u00e9diger leur charte d\u2019\u00e9thique, choisir leurs repr\u00e9sentants syndicaux et cr\u00e9er un ordre des journalistes qui serait un organe d&rsquo;autor\u00e9gulation assurant le respect de l&rsquo;\u00e9thique professionnelle\u00bb.<br \/>\u00ab Tout comme je pense que la d\u00e9mocratie est incompatible avec un \u00c9tat gardien de la presse, je consid\u00e8re que seule l\u2019autor\u00e9gulation des m\u00e9dias symbolise cet effort de garantir une d\u00e9mocratie ind\u00e9pendante des forces politiques\u00bb, rel\u00e8ve-t-elle.<br \/>\u00a0Hasna Yagoub revient sur cette d\u00e9claration du ministre : \u00abla libert\u00e9 d\u00e9pend de la responsabilit\u00e9 \u00e0 m\u00eame de garantir une pratique paisible des libert\u00e9s\u00bb, soutenant que \u00abseule une presse totalement libre peut \u00eatre v\u00e9ritablement responsable\u00bb.<br \/>De son c\u00f4t\u00e9, Djamila Mouffouk, journaliste \u00e0 l\u2019EPTV, estime qu\u2019il est important de d\u00e9finir les priorit\u00e9s dans ces chantiers de r\u00e9forme. \u00abIl faut mettre en place une cellule sp\u00e9ciale, bas\u00e9e sur des exp\u00e9riences d\u00e9j\u00e0 v\u00e9cues, pour pouvoir tracer les grandes lignes de la d\u00e9marche \u00e0 suivre\u00bb, a-t-elle soutenu.<br \/>La journaliste signale, par ailleurs, que \u00abla loi existe mais qu\u2019elle n\u2019a jamais \u00e9t\u00e9 respect\u00e9e, ni appliqu\u00e9e, du moment qu&rsquo;elle n&rsquo;\u00e9tait pas claire, voire bafou\u00e9e pour diff\u00e9rentes raisons\u00bb.<br \/>\u00a0Selon elle, \u00ables priorit\u00e9s majeures doivent r\u00e9sider dans le respect de la d\u00e9ontologie, comme l\u2019a soulign\u00e9 le ministre\u00bb ainsi que \u00abl&rsquo;ouverture de l&rsquo;audiovisuel au secteur priv\u00e9\u00bb.<br \/>\u00a0Pour Djamila Mouffouk \u00abla presse publique doit \u00e9galement se lib\u00e9rer\u00bb. \u00abIl faut donner au journaliste le droit d\u2019exercer sa t\u00e2che, sans aucune contrainte afin de pouvoir mener des investigations, une sp\u00e9cialit\u00e9 qui a disparu de la presse, d\u2019avoir acc\u00e8s \u00e0 l\u2019information loin des chiffres et des statistiques. Le journaliste doit \u00eatre un partenaire\u00bb, a-t-elle insist\u00e9. Selon elle, \u00abseule une presse objective peut jouer son r\u00f4le dans la soci\u00e9t\u00e9 loin de la diffamation, devenue une pratique courante\u00bb.<br \/>\u00a0Rappelons que M. Belhimer a affirm\u00e9 que les chantiers de r\u00e9forme du secteur auront comme r\u00e9f\u00e9rences le 6e engagement du pr\u00e9sident de la R\u00e9publique, qui soutient \u00abl\u2019ind\u00e9pendance et la libert\u00e9 de la presse, dans le respect de la vie priv\u00e9e des citoyens, l\u2019\u00e9thique professionnelle et le droit \u00e0 l\u2019image, loin de la diffamation et les insultes\u00bb. Le ministre de la Communication a, en outre, affirm\u00e9 que \u00abla libert\u00e9 et la responsabilit\u00e9 sont \u00e9troitement li\u00e9es pour garantir une pratique paisible des libert\u00e9s\u00bb.<\/p>\n<p><strong>Engagement pour la libert\u00e9 de la presse :\u00a0 Un pas courageux<\/strong><\/p>\n<p>Zahir Mehdaoui, journaliste et fondateur du Journal \u00e9lectronique Express Dz, a mis, pour sa part, l\u2019accent sur l\u2019organisation de la presse \u00e9lectronique. \u00abIl faut absolument promulguer les lois pour mettre un terme \u00e0 l&rsquo;anarchie ambiante, sinon nous allons vivre la m\u00eame exp\u00e9rience que celle de la presse \u00e9crite.<br \/>\u00a0Il est urgent \u00e9galement de mettre en place les autorit\u00e9s de r\u00e9gulation et le conseil de d\u00e9ontologie et d&rsquo;\u00e9thique\u00bb, rel\u00e8ve-t-il. Il ajoute que \u00ab les d\u00e9clarations du ministre sont rassurantes.<br \/>Il faudrait associer les journalistes et les syndicats dans toutes les d\u00e9marches que prendra le ministre de la communication\u00bb.<br \/>De son c\u00f4t\u00e9, Khaled Hafsi, journaliste pr\u00e9sentateur \u00e0 Radio El Bahdja, a propos\u00e9 la \u00abmise en place d\u2019un Haut Conseil de la presse pour assurer la protection de la pratique journalistique de toute forme de censure mais \u00e9galement de pression interne ou externe\u00bb.<br \/>\u00a0S\u2019agissant du respect de l\u2019\u00e9thique, Hafsi a mis en avant \u00abl\u2019imp\u00e9ratif de l\u2019adaptation de la formation \u00e0 l\u2019\u00e9volution notamment technologique pour un service public de qualit\u00e9\u00bb.<br \/>Nerdjess Kermiche, journaliste et r\u00e9dactrice en chef du quotidien arabophone public Ennasr, attend la mise en \u0153uvre de cette feuille de route inspir\u00e9e des engagements du pr\u00e9sident de la R\u00e9publique. \u00abQuand le pr\u00e9sident de la R\u00e9publique s\u2019engage \u00e0 garantir la libert\u00e9 de la presse, il est certain qu\u2019il y aura une grande marge de libert\u00e9. N\u00e9anmoins, il ne faut pas que cette libert\u00e9 d\u00e9passe les limites trac\u00e9es par l\u2019\u00e9thique du m\u00e9tier\u00bb, a-t-elle dit.<br \/>La journaliste souligne, par ailleurs, que la presse nationale vit une double crise, financi\u00e8re et professionnelle. \u00abEn tant que professionnels, on aspire \u00e0 ce que le droit \u00e0 l\u2019information soit assur\u00e9. Toutefois, Cela ne peut \u00eatre r\u00e9alis\u00e9 sans professionnalisme\u00bb, dit-elle.<br \/>Dans cet ordre d\u2019id\u00e9es, elle plaide pour un assainissement du milieu journalistique et le r\u00e8glement du march\u00e9 de la publicit\u00e9. \u00abLa distribution ne doit pas \u00eatre tributaire du chiffre du tirage, mais selon des r\u00e8gles et crit\u00e8res en ad\u00e9quation avec un service public \u00e9quilibr\u00e9 et diversifi\u00e9\u00bb, pr\u00e9conise-t-elle. La journaliste est revenue sur la d\u00e9claration du ministre relative \u00e0 la responsabilit\u00e9 du journaliste.<br \/>\u00abPour permettre la promotion du m\u00e9tier, il faut d\u2019abord que les professionnels se prennent en charge \u00e0 travers l\u2019assainissement du m\u00e9tier des intrus, loin de l\u2019assistanat\u00bb. \u00abLes professionnels du secteur ont un r\u00f4le \u00e0 jouer en contribuant \u00e0 consacrer les libert\u00e9s\u00bb.<br \/>Le ministre avait dans ce sens annonc\u00e9 qu\u2019\u00aben tant que secteur, nous allons participer \u00e0 enrichir le d\u00e9bat autour de la constitution. Il avait affirm\u00e9 que \u00ables professionnels du secteur de la Communication ont une responsabilit\u00e9 particuli\u00e8re en mati\u00e8re de contribution efficace \u00e0 la cons\u00e9cration des libert\u00e9s dans un domaine vital, levier d&rsquo;autres secteurs\u00bb.<br \/>\u00a0Nerdjess Kermiche a \u00e9galement bien accueilli la d\u00e9cision de la r\u00e9forme organisationnelle du secteur. \u00abC\u2019est une revendication des journalistes, notamment la r\u00e9vision du cadre juridique et organisationnel\u00bb, note-t-elle. Elle a \u00e9galement appel\u00e9 \u00e0 un d\u00e9bat autour des droits des journalistes pour assurer sa libert\u00e9 et sa dignit\u00e9 ainsi que la formation. \u00abIl faut former un journaliste pas un rapporteur d\u2019informations. La formation doit \u00eatre soutenue \u00e9galement par un syndicat fort et un conseil de d\u00e9ontologie\u00bb, soutiendra la journaliste.<\/p>\n<p><strong>Am\u00e9liorer la communication\u00a0 institutionnelle<\/strong><\/p>\n<p>Sihem Henine, journaliste et directrice du Journal \u00e9lectronique Fil d\u2019Alg\u00e9rie, a mis, quant \u00e0 elle, l\u2019accent sur la communication institutionnelle pour une presse objective. Elle souligne qu\u2019il \u00abest grand temps d\u2019accorder au monde de la presse toute l\u2019attention qu\u2019il m\u00e9rite pour le propulser au niveau des importantes attentes loin de toute surench\u00e8re\u00bb. Dans ce sens, elle rel\u00e8ve l\u2019imp\u00e9ratif de r\u00e9organiser le secteur. \u00abJ\u2019entends, par l\u00e0 par exemple, la r\u00e9activation des diff\u00e9rents conseils, notamment celui d\u00e9volue \u00e0 l\u2019\u00e9thique et la d\u00e9ontologie, pour venir \u00e0 bout des actuels d\u00e9rives\u00bb, dit-elle. Sihem Henine \u00e9voque, \u00e9galement la probl\u00e9matique de l\u2019acc\u00e8s \u00e0 l\u2019information. \u00abPour faciliter le travail des journalistes, il est important d\u2019am\u00e9liorer la communication institutionnelle afin d\u2019\u00e9viter que les journalistes en qu\u00eate d\u2019informations ne navigue \u00e0 vu. C\u2019est connu \u00e0 travers le monde, fermer la porte de l\u2019information ouvre celle de la sp\u00e9culation. Les autorit\u00e9s doivent se pencher sur ce point primordial\u00bb, note la journaliste. Pour Amine Harrane, journaliste et r\u00e9dacteur en chef \u00e0 la cha\u00eene Djazair TV, la nomination de M. Amar Belhimer, ministre de la Communication est un message rassurant pour la corporation. \u00abC\u2019est un ancien journaliste qui est au fait de la situation de la presse nationale. Ses engagements confirme cela\u00bb. Amine Harrane souligne qu\u2019il y a une volont\u00e9 pour l\u2019ouverture d\u2019une nouvelle page avec les journalistes. Le journaliste est la voix du citoyen. De ce fait, il faut lever les contraintes et les obstacles financiers et juridiques. Il faut impliquer les journalistes dans les consultations et ouvrir un dialogue direct avec les repr\u00e9sentants de la presse dans le secteur priv\u00e9 et public. Je pense que le ministre s\u2019est engag\u00e9 dans ce sens et c\u2019est l\u00e0 un grand acquis\u00bb. Le journaliste plaide, par ailleurs, pour la mise en place d\u2019une plateforme pour la protection du journaliste. \u00abLe minist\u00e8re doit accompagner les instituions de l\u2019enseignement sup\u00e9rieur pour am\u00e9liorer le niveau des journalistes\u00bb, sugg\u00e8re-t-elle.<br \/>Hayet Sertah, qui exerce dans le secteur priv\u00e9 de la presse \u00e9crite, rel\u00e8ve \u00abune volont\u00e9 pour un v\u00e9ritable changement et r\u00e9organisation du secteur avec la garantie de la libert\u00e9 de la presse dans le respect de l\u2018\u00e9thique\u00bb. \u00abCe sont des revendications majeures des professionnels des m\u00e9dias\u00bb, note-t-elle. La journaliste a, en outre appel\u00e9 \u00e0 d\u00e9terminer les priorit\u00e9s dans ces chantiers de r\u00e9formes et les m\u00e9canismes pour la contribution des journalistes. Elle salue l\u2019engagement au dialogue \u00abtant revendiqu\u00e9 par les journalistes\u00bb.<br \/>Rappelons que le ministre de la Communication a pr\u00e9cis\u00e9, lors de sa visite, que les chantiers en question \u00abob\u00e9iront au principe du dialogue qui sera participatif et inclusif\u00bb ajoutant que \u00abnous ne sommes pas l\u00e0 pour r\u00e9gler des comptes mais pour pr\u00e9server une libert\u00e9 de la presse responsable. Hamza Bekai, journaliste \u00e0 Echourouk TV, estime n\u00e9cessaire \u00abune r\u00e9organisation de la presse, qui est une force de changement et un 4e pouvoir r\u00e9el \u00bb.<br \/>\u00a0Il se dit favorable \u00e0 l\u2019ouverture des chantiers de r\u00e9formes du secteur dans le cadre de la r\u00e9vision de la Constitution. \u00abLa Constitution est la loi supr\u00eame du pays qui seule peut garantir le droit principal, celui d\u2019informer par l\u2019acc\u00e8s \u00e0 l\u2019information\u00bb, dit-il.<br \/><strong>Neila Benrahal<\/strong><\/p>\n<p>Auteur: elmoudjahid<br \/>\n<a href=\"http:\/\/www.elmoudjahid.com\/fr\/actualites\/147049\">Cliquez ici pour lire l&rsquo;article depuis sa source.<\/a><\/p>\n","protected":false},"excerpt":{"rendered":"<p>Ces r\u00e9formes, qui s&rsquo;inscrivent dans le cadre des engagements du pr\u00e9sident de la R\u00e9publique, Abdelmadjid Tebboune, seront ax\u00e9es sur \u00abl&rsquo;ind\u00e9pendance et la libert\u00e9 de la presse dans le cadre du respect de la vie priv\u00e9e et de l&rsquo;\u00e9thique et de la d\u00e9ontologie et du rejet de l&rsquo;injure et de la diffamation\u00bb, a d\u00e9clar\u00e9 le ministre [&hellip;]<\/p>\n","protected":false},"author":1744,"featured_media":0,"comment_status":"closed","ping_status":"closed","sticky":false,"template":"","format":"standard","meta":{"fifu_image_url":"","fifu_image_alt":"","footnotes":""},"categories":[73,53],"tags":[],"class_list":["post-72814","post","type-post","status-publish","format-standard","hentry","category-actualite","category-algerie"],"_links":{"self":[{"href":"https:\/\/linitiative.ca\/International\/wp-json\/wp\/v2\/posts\/72814","targetHints":{"allow":["GET"]}}],"collection":[{"href":"https:\/\/linitiative.ca\/International\/wp-json\/wp\/v2\/posts"}],"about":[{"href":"https:\/\/linitiative.ca\/International\/wp-json\/wp\/v2\/types\/post"}],"author":[{"embeddable":true,"href":"https:\/\/linitiative.ca\/International\/wp-json\/wp\/v2\/users\/1744"}],"replies":[{"embeddable":true,"href":"https:\/\/linitiative.ca\/International\/wp-json\/wp\/v2\/comments?post=72814"}],"version-history":[{"count":0,"href":"https:\/\/linitiative.ca\/International\/wp-json\/wp\/v2\/posts\/72814\/revisions"}],"wp:attachment":[{"href":"https:\/\/linitiative.ca\/International\/wp-json\/wp\/v2\/media?parent=72814"}],"wp:term":[{"taxonomy":"category","embeddable":true,"href":"https:\/\/linitiative.ca\/International\/wp-json\/wp\/v2\/categories?post=72814"},{"taxonomy":"post_tag","embeddable":true,"href":"https:\/\/linitiative.ca\/International\/wp-json\/wp\/v2\/tags?post=72814"}],"curies":[{"name":"wp","href":"https:\/\/api.w.org\/{rel}","templated":true}]}}