{"id":72820,"date":"2020-01-12T10:50:00","date_gmt":"2020-01-12T15:50:00","guid":{"rendered":"https:\/\/linitiative.ca\/International\/bengrina-accuse-les-allies-de-haftar-de-viser-lalgerie\/"},"modified":"2020-01-12T10:50:00","modified_gmt":"2020-01-12T15:50:00","slug":"bengrina-accuse-les-allies-de-haftar-de-viser-lalgerie","status":"publish","type":"post","link":"https:\/\/linitiative.ca\/International\/bengrina-accuse-les-allies-de-haftar-de-viser-lalgerie\/","title":{"rendered":"Bengrina accuse \u2018\u2019les alli\u00e9s de Haftar\u2019\u2019 de viser l\u2019Alg\u00e9rie"},"content":{"rendered":"<p><br id=\"sep_para_1\" class=\"sep_para access\"\/><\/p>\n<div id=\"para_1\" class=\"para_34957441 resize\">\n<div class=\"texte access firstletter\">Le pr\u00e9sident du Mouvement El Bina, Abdelkader Bengrina s\u2019est demand\u00e9 pour quels motifs le mar\u00e9chal Khalifa Haftar ordonnait \u00e0 ses troupes d\u2019avancer vers Tripoli d\u00e8s lors qu\u2019un \u00e9v\u00e9nement d\u2019une grande importance se produisait en Alg\u00e9rie et ce depuis le d\u00e9but du Hirak populaire. \u00abNous nous rencontrons aujourd\u2019hui au moment o\u00f9 la Libye br\u00fble\u2026Je vous affirme que l\u2019Alg\u00e9rie est vis\u00e9e\u2026Nous affirmons notre position constante, nous sommes aux c\u00f4t\u00e9s de nos fr\u00e8res en Libye et nous sommes contre toute intervention \u00e9trang\u00e8re sur la sc\u00e8ne libyenne. Celle-ci n\u2019apporte rien de bon, si ce n\u2019est la violation de la souverainet\u00e9 du pays, l\u2019effusion de sang et le vol de ses richesses\u00bb, a indiqu\u00e9 Abdelkader Bengrina lors d\u2019une rencontre avec les militants de son parti \u00e0 B\u00e9char. \u00abD\u00e8s qu\u2019un \u00e9v\u00e9nement important se produit en Alg\u00e9rie, l\u2019on assiste \u00e0 des mouvements de Haftar, comme c\u2019est le cas, lors du d\u00e9c\u00e8s du chef d\u2019\u00e9tat-major de l\u2019Arm\u00e9e, au d\u00e9but du Hirak ainsi que lors des \u00e9lections pr\u00e9sidentielles du 12 d\u00e9cembre 2019\u00bb, a ajout\u00e9 le chef de file du Mouvement El Bina. \u00abNous avons la certitude que la s\u00e9curit\u00e9 est la stabilit\u00e9 de l\u2019Alg\u00e9rie sont principalement vis\u00e9es en cas de situation de chaos en Libye et d\u2019une chute du gouvernement de Tripoli\u00bb, a-t-il affirm\u00e9. Pour lui,\u00a0 \u00abHaftar et ceux qui sont derri\u00e8re lui visent la s\u00e9curit\u00e9 et la stabilit\u00e9 de l\u2019Alg\u00e9rie.<\/div>\n<\/div>\n<p>Auteur: R\u00e9flexion<br \/>\n<a href=\"https:\/\/www.reflexiondz.net\/Bengrina-accuse-les-allies-de-Haftar-de-viser-l-Algerie_a59947.html\">Cliquez ici pour lire l&rsquo;article depuis sa source.<\/a><\/p>\n","protected":false},"excerpt":{"rendered":"<p>Le pr\u00e9sident du Mouvement El Bina, Abdelkader Bengrina s\u2019est demand\u00e9 pour quels motifs le mar\u00e9chal Khalifa Haftar ordonnait \u00e0 ses troupes d\u2019avancer vers Tripoli d\u00e8s lors qu\u2019un \u00e9v\u00e9nement d\u2019une grande importance se produisait en Alg\u00e9rie et ce depuis le d\u00e9but du Hirak populaire. \u00abNous nous rencontrons aujourd\u2019hui au moment o\u00f9 la Libye br\u00fble\u2026Je vous affirme [&hellip;]<\/p>\n","protected":false},"author":1740,"featured_media":0,"comment_status":"closed","ping_status":"closed","sticky":false,"template":"","format":"standard","meta":{"fifu_image_url":"","fifu_image_alt":"","footnotes":""},"categories":[53,76],"tags":[],"class_list":["post-72820","post","type-post","status-publish","format-standard","hentry","category-algerie","category-regions"],"_links":{"self":[{"href":"https:\/\/linitiative.ca\/International\/wp-json\/wp\/v2\/posts\/72820","targetHints":{"allow":["GET"]}}],"collection":[{"href":"https:\/\/linitiative.ca\/International\/wp-json\/wp\/v2\/posts"}],"about":[{"href":"https:\/\/linitiative.ca\/International\/wp-json\/wp\/v2\/types\/post"}],"author":[{"embeddable":true,"href":"https:\/\/linitiative.ca\/International\/wp-json\/wp\/v2\/users\/1740"}],"replies":[{"embeddable":true,"href":"https:\/\/linitiative.ca\/International\/wp-json\/wp\/v2\/comments?post=72820"}],"version-history":[{"count":0,"href":"https:\/\/linitiative.ca\/International\/wp-json\/wp\/v2\/posts\/72820\/revisions"}],"wp:attachment":[{"href":"https:\/\/linitiative.ca\/International\/wp-json\/wp\/v2\/media?parent=72820"}],"wp:term":[{"taxonomy":"category","embeddable":true,"href":"https:\/\/linitiative.ca\/International\/wp-json\/wp\/v2\/categories?post=72820"},{"taxonomy":"post_tag","embeddable":true,"href":"https:\/\/linitiative.ca\/International\/wp-json\/wp\/v2\/tags?post=72820"}],"curies":[{"name":"wp","href":"https:\/\/api.w.org\/{rel}","templated":true}]}}