{"id":72821,"date":"2020-01-12T10:51:00","date_gmt":"2020-01-12T15:51:00","guid":{"rendered":"https:\/\/linitiative.ca\/International\/nouvel-an-amazigh-celebration-festive-de-yennayer-a-mostaganem\/"},"modified":"2020-01-12T10:51:00","modified_gmt":"2020-01-12T15:51:00","slug":"nouvel-an-amazigh-celebration-festive-de-yennayer-a-mostaganem","status":"publish","type":"post","link":"https:\/\/linitiative.ca\/International\/nouvel-an-amazigh-celebration-festive-de-yennayer-a-mostaganem\/","title":{"rendered":"NOUVEL AN AMAZIGH : C\u00e9l\u00e9bration festive de  Yennayer \u00e0 Mostaganem"},"content":{"rendered":"<p><br id=\"sep_para_1\" class=\"sep_para access\"\/><\/p>\n<div id=\"para_1\" class=\"para_34957469 resize\">\n<div class=\"texte access firstletter\">Avec une touche ancestrale, m\u00ealant des pratiques nouvelles \u00e0 celles h\u00e9rit\u00e9es de nos parents et a\u00efeuls, les mostagan\u00e9mois ont\u00a0 c\u00e9l\u00e9br\u00e9 la f\u00eate de \u2018\u2019 Yennayer\u2019\u2019, marquant ainsi le grand av\u00e8nement du nouvel an\u00a0 amazighe 2970. Certaines formes festives n\u2019ont pas pour autant chang\u00e9 le patrimoine ancestral, mat\u00e9riel et immat\u00e9riel de Yennayer, soit pour ce qui est des plats traditionnels concoct\u00e9s exclusivement pour la circonstance et\/ou des contes et l\u00e9gendes narr\u00e9s par les grand-m\u00e8res. En effet, en cette soir\u00e9e du 11 janvier 2020, monsieur Rebhi Abdenour, wali de Mostaganem et les membres de l\u2019ex\u00e9cutif de la wilaya\u00a0 ont honor\u00e9 de leur pr\u00e9sence la c\u00e9l\u00e9bration du nouvel An amazigh Yennayer 2970 \u00e0 la maison de la Culture, Ould Abderrahmane Kaki.\u00a0 D\u00e9cor\u00e9e et orn\u00e9e par une\u00a0 exposition de produits artisanaux, tels que des objets et ustensiles en argile et en bois et un panel d\u2019habits traditionnels, y compris plusieurs plats en la circonstance, la maison de la culture a abrit\u00e9 cette manifestation culturelle o\u00f9 des familles mostaganemoises pr\u00e9sentes \u00e0 la f\u00eate ont su concocter un tel av\u00e8nement \u00e0 travers des d\u00e9cennies.\u00a0 Yennayer fut toujours c\u00e9l\u00e9br\u00e9 dans la wilaya de Mostaganem par nos parents et grands parents, sans pour autant s\u2019attendre qu\u2019il soit officialis\u00e9 un jour par d\u00e9cret comme f\u00e9ri\u00e9. Aicha, une femme populaire connue sur la place publique sachant maitriser l\u2019art culinaire de notre r\u00e9gion a marqu\u00e9 sa pr\u00e9sence en mettant en valeur une exposition de plats traditionnels pr\u00e9par\u00e9s \u00e0 cette occasion, dont le cherchem, couscous, sfendj et djraze que l\u2019assistance a su appr\u00e9cier. La soir\u00e9e festive a \u00e9t\u00e9\u00a0 cl\u00f4tur\u00e9e par une vari\u00e9t\u00e9 de chansons de \u2018\u2019aissawa\u2019\u2019 et kabyles, dont des reprises des tr\u00e8s belles chansons de Idir. Il est \u00e0 signaler que plusieurs commer\u00e7ants de la ville ont transform\u00e9 leurs boutiques en espaces de vente, d&rsquo;arachides, d\u2019amandes, de noix, de noisettes, de pistaches,\u00a0 drag\u00e9es et de figues s\u00e8ches. M\u00eame les marchands de fruits et l\u00e9gumes ont succomb\u00e9 au charme de Yennayer, et n\u2019ont pas h\u00e9sit\u00e9 eux aussi \u00e0 exposer sur leurs \u00e9tals, toutes sortes de fruits et\u00a0 autres confiseries. L\u2019APC de Mostaganem a, elle aussi, particip\u00e9 \u00e0 cette f\u00eate en d\u00e9livrant plusieurs autorisations temporaires pour la cr\u00e9ation de tentes pour la vente de ces produits pris\u00e9s sous le pont du 17 octobre. Enfin, il faut savoir que la wilaya de Mostaganem fut une r\u00e9gion de cantonnement de plusieurs tribus d\u2019origine berb\u00e8re dont par \u2019exemple les Beni Zeroual, Marghraoua et Zeneta qui ont transmis de g\u00e9n\u00e9ration \u00e0 g\u00e9n\u00e9ration, Yennayer.\u00a0\u00a0 Belayachi Naboussi<\/div>\n<\/div>\n<p>Auteur: Belayachi Naboussi<br \/>\n<a href=\"https:\/\/www.reflexiondz.net\/NOUVEL-AN-AMAZIGH-Celebration-festive-de-Yennayer-a-Mostaganem_a59950.html\">Cliquez ici pour lire l&rsquo;article depuis sa source.<\/a><\/p>\n","protected":false},"excerpt":{"rendered":"<p>Avec une touche ancestrale, m\u00ealant des pratiques nouvelles \u00e0 celles h\u00e9rit\u00e9es de nos parents et a\u00efeuls, les mostagan\u00e9mois ont\u00a0 c\u00e9l\u00e9br\u00e9 la f\u00eate de \u2018\u2019 Yennayer\u2019\u2019, marquant ainsi le grand av\u00e8nement du nouvel an\u00a0 amazighe 2970. Certaines formes festives n\u2019ont pas pour autant chang\u00e9 le patrimoine ancestral, mat\u00e9riel et immat\u00e9riel de Yennayer, soit pour ce qui [&hellip;]<\/p>\n","protected":false},"author":1740,"featured_media":0,"comment_status":"closed","ping_status":"closed","sticky":false,"template":"","format":"standard","meta":{"fifu_image_url":"","fifu_image_alt":"","footnotes":""},"categories":[53,76],"tags":[],"class_list":["post-72821","post","type-post","status-publish","format-standard","hentry","category-algerie","category-regions"],"_links":{"self":[{"href":"https:\/\/linitiative.ca\/International\/wp-json\/wp\/v2\/posts\/72821","targetHints":{"allow":["GET"]}}],"collection":[{"href":"https:\/\/linitiative.ca\/International\/wp-json\/wp\/v2\/posts"}],"about":[{"href":"https:\/\/linitiative.ca\/International\/wp-json\/wp\/v2\/types\/post"}],"author":[{"embeddable":true,"href":"https:\/\/linitiative.ca\/International\/wp-json\/wp\/v2\/users\/1740"}],"replies":[{"embeddable":true,"href":"https:\/\/linitiative.ca\/International\/wp-json\/wp\/v2\/comments?post=72821"}],"version-history":[{"count":0,"href":"https:\/\/linitiative.ca\/International\/wp-json\/wp\/v2\/posts\/72821\/revisions"}],"wp:attachment":[{"href":"https:\/\/linitiative.ca\/International\/wp-json\/wp\/v2\/media?parent=72821"}],"wp:term":[{"taxonomy":"category","embeddable":true,"href":"https:\/\/linitiative.ca\/International\/wp-json\/wp\/v2\/categories?post=72821"},{"taxonomy":"post_tag","embeddable":true,"href":"https:\/\/linitiative.ca\/International\/wp-json\/wp\/v2\/tags?post=72821"}],"curies":[{"name":"wp","href":"https:\/\/api.w.org\/{rel}","templated":true}]}}