{"id":72824,"date":"2020-01-12T11:55:00","date_gmt":"2020-01-12T16:55:00","guid":{"rendered":"https:\/\/linitiative.ca\/International\/destruction-de-documents-et-insultes-a-legard-des-citoyens-trois-maires-ecroues-a-mascara\/"},"modified":"2020-01-12T11:55:00","modified_gmt":"2020-01-12T16:55:00","slug":"destruction-de-documents-et-insultes-a-legard-des-citoyens-trois-maires-ecroues-a-mascara","status":"publish","type":"post","link":"https:\/\/linitiative.ca\/International\/destruction-de-documents-et-insultes-a-legard-des-citoyens-trois-maires-ecroues-a-mascara\/","title":{"rendered":"DESTRUCTION DE DOCUMENTS ET INSULTES A L\u2019EGARD DES CITOYENS :  Trois maires \u00e9crou\u00e9s \u00e0 Mascara"},"content":{"rendered":"<p><br id=\"sep_para_1\" class=\"sep_para access\"\/><\/p>\n<div id=\"para_1\" class=\"para_34957978 resize\">\n<div class=\"photo shadow left\"><a href=\"javascript:void(0)\" rel=\"https:\/\/www.reflexiondz.net\/photo\/art\/grande\/41682876-34957978.jpg?v=1578849534&#038;ibox\" title=\"DESTRUCTION DE DOCUMENTS ET INSULTES A L\u2019EGARD DES CITOYENS : Trois maires \u00e9crou\u00e9s \u00e0 Mascara\"><img decoding=\"async\" class=\"responsive c9\" src=\"https:\/\/www.reflexiondz.net\/photo\/art\/grande\/41682876-34957978.jpg?v=1578849534\" alt=\"DESTRUCTION DE DOCUMENTS ET INSULTES A L\u2019EGARD DES CITOYENS : Trois maires \u00e9crou\u00e9s \u00e0 Mascara\" title=\"DESTRUCTION DE DOCUMENTS ET INSULTES A L\u2019EGARD DES CITOYENS : Trois maires \u00e9crou\u00e9s \u00e0 Mascara\"\/><img decoding=\"async\" class=\"not-responsive\" src=\"https:\/\/www.reflexiondz.net\/photo\/art\/default\/41682876-34957978.jpg?v=1578849537\" alt=\"DESTRUCTION DE DOCUMENTS ET INSULTES A L\u2019EGARD DES CITOYENS : Trois maires \u00e9crou\u00e9s \u00e0 Mascara\" title=\"DESTRUCTION DE DOCUMENTS ET INSULTES A L\u2019EGARD DES CITOYENS : Trois maires \u00e9crou\u00e9s \u00e0 Mascara\"\/><\/a><\/div>\n<div class=\"texte access firstletter\">En cette fin de semaine, trois maires de la wilaya de Mascara ont \u00e9cop\u00e9 de peines de prison allant d\u2019un an \u00e0 deux ans de prison ferme avec amendes. Le maire et le secr\u00e9taire g\u00e9n\u00e9ral de Mascara ont \u00e9cop\u00e9 de deux ans de prison ferme, le Maire d\u2019Ain Frass dans la Da\u00efra d\u2019Ain Fekan, a \u00e9t\u00e9 condamn\u00e9 \u00e0 un an de prison assorti d\u2019une amende de 10 millions de centimes. Pour le chef de bureau de l\u2019habitat, il\u00a0 \u00e9cope, lui de six mois de prison avec sursis pour non d\u00e9nonciation de destruction de documents officiels par le maire, celui de Mohamadia qui a \u00e9t\u00e9 condamn\u00e9 \u00e0 un an de prison ferme pour insultes et obsc\u00e9nit\u00e9s \u00e0 l\u2019\u00e9gard des citoyens.\u00a0\u00a0\u00a0\u00a0\u00a0\u00a0\u00a0\u00a0\u00a0\u00a0\u00a0\u00a0\u00a0\u00a0\u00a0\u00a0<\/div>\n<\/div>\n<p>Auteur: B. Boufaden<br \/>\n<a href=\"https:\/\/www.reflexiondz.net\/DESTRUCTION-DE-DOCUMENTS-ET-INSULTES-A-L-EGARD-DES-CITOYENS-Trois-maires-ecroues-a-Mascara_a59952.html\">Cliquez ici pour lire l&rsquo;article depuis sa source.<\/a><\/p>\n","protected":false},"excerpt":{"rendered":"<p>En cette fin de semaine, trois maires de la wilaya de Mascara ont \u00e9cop\u00e9 de peines de prison allant d\u2019un an \u00e0 deux ans de prison ferme avec amendes. Le maire et le secr\u00e9taire g\u00e9n\u00e9ral de Mascara ont \u00e9cop\u00e9 de deux ans de prison ferme, le Maire d\u2019Ain Frass dans la Da\u00efra d\u2019Ain Fekan, a [&hellip;]<\/p>\n","protected":false},"author":1740,"featured_media":0,"comment_status":"closed","ping_status":"closed","sticky":false,"template":"","format":"standard","meta":{"fifu_image_url":"","fifu_image_alt":"","footnotes":""},"categories":[53,76],"tags":[],"class_list":["post-72824","post","type-post","status-publish","format-standard","hentry","category-algerie","category-regions"],"_links":{"self":[{"href":"https:\/\/linitiative.ca\/International\/wp-json\/wp\/v2\/posts\/72824","targetHints":{"allow":["GET"]}}],"collection":[{"href":"https:\/\/linitiative.ca\/International\/wp-json\/wp\/v2\/posts"}],"about":[{"href":"https:\/\/linitiative.ca\/International\/wp-json\/wp\/v2\/types\/post"}],"author":[{"embeddable":true,"href":"https:\/\/linitiative.ca\/International\/wp-json\/wp\/v2\/users\/1740"}],"replies":[{"embeddable":true,"href":"https:\/\/linitiative.ca\/International\/wp-json\/wp\/v2\/comments?post=72824"}],"version-history":[{"count":0,"href":"https:\/\/linitiative.ca\/International\/wp-json\/wp\/v2\/posts\/72824\/revisions"}],"wp:attachment":[{"href":"https:\/\/linitiative.ca\/International\/wp-json\/wp\/v2\/media?parent=72824"}],"wp:term":[{"taxonomy":"category","embeddable":true,"href":"https:\/\/linitiative.ca\/International\/wp-json\/wp\/v2\/categories?post=72824"},{"taxonomy":"post_tag","embeddable":true,"href":"https:\/\/linitiative.ca\/International\/wp-json\/wp\/v2\/tags?post=72824"}],"curies":[{"name":"wp","href":"https:\/\/api.w.org\/{rel}","templated":true}]}}