{"id":72833,"date":"2020-01-12T09:40:00","date_gmt":"2020-01-12T14:40:00","guid":{"rendered":"https:\/\/linitiative.ca\/International\/mohamed-adel-chehida-calvaire-des-tunisiens-a-letranger-entre-bureaucratie-et-abandon\/"},"modified":"2020-01-12T09:40:00","modified_gmt":"2020-01-12T14:40:00","slug":"mohamed-adel-chehida-calvaire-des-tunisiens-a-letranger-entre-bureaucratie-et-abandon","status":"publish","type":"post","link":"https:\/\/linitiative.ca\/International\/mohamed-adel-chehida-calvaire-des-tunisiens-a-letranger-entre-bureaucratie-et-abandon\/","title":{"rendered":"Mohamed Adel Chehida &#8211;  Calvaire des tunisiens \u00e0 l\u2019\u00e9tranger: entre bureaucratie et abandon"},"content":{"rendered":"<p><img decoding=\"async\" src=\"\/uploads\/FCK_files\/Mohamed-Adel-Chehida(8)(1).jpg\" alt=\"\" width=\"30%\" vspace=\"5\" hspace=\"5\" align=\"left\"\/>Alors que nos politiciens se d\u00e9battent depuis le mois d\u2019octobre pour pouvoir guider le pays et le diriger, alors que certains \u00e9lus se permettent de traiter les binationaux de \u00ab ramassis \u00bb, je m\u2019interroge sur le ressenti d\u2019une m\u00e8re qui aux termes d\u2019un s\u00e9jour au pays a laiss\u00e9 son fils bloqu\u00e9 \u00e0 l\u2019a\u00e9roport de Tunis Carthage un 08 janvier 2020. Cette triste histoire d\u2019un enfant mineur est celle de tous les enfants de tunisiens n\u00e9s \u00e0 l\u2019\u00e9tranger. Elle illustre \u00e0 quel point une grande partie de la communaut\u00e9 tunisienne \u00e0 l\u2019\u00e9tranger est abandonn\u00e9e. Comme elle ignore les lois en vigueur et ne les prend pas assez en consid\u00e9ration, comme c\u2019est le cas en Italie pour ce cas pr\u00e9cis.<\/p>\n<p>M.K\u00a0 est n\u00e9 en 2003 en Italie de parents tunisiens r\u00e9guli\u00e8rement \u00e9tablis en Italie. Il n\u2019a pas la nationalit\u00e9 Italienne car il ne peut pas b\u00e9n\u00e9ficier du droit au ius soli, il devra attendre l\u2019\u00e2ge de 18 ans pour en faire la demande. Il accompagne sa m\u00e8re lors des vacances de fin de l\u2019ann\u00e9e au pays car sa grand-m\u00e8re paternelle est morte. Il ne prend avec lui que le re\u00e7u postal de sa demande renouvellement de sa carte de s\u00e9jour. Les parents n\u2019\u00e9taient pas inquiets car il est inscrit aussi sur leurs permis de s\u00e9jour. A ce stade je vous rappelle que le gouvernement italien \u00e0 \u00e9mis l\u2019ann\u00e9e derni\u00e8re un d\u00e9cret appel\u00e9 \u00ab d\u00e9cret-loi Salvini s\u00e9curit\u00e9 et immigration 04\/10\/2018 G.U 03\/12\/2018 \u00bb rendant plus difficiles les conditions d\u2019entr\u00e9e des immigr\u00e9s en Italie.<\/p>\n<p>A son retour en Italie cet adolescent se retrouve bloqu\u00e9 \u00e0 l\u2019a\u00e9roport Tunis-Carthage par le personnel local d\u2019Alitalia. Il est oblig\u00e9 de rester en Tunisie alors que sa maman totalement d\u00e9sempar\u00e9e prend l\u2019avion.<\/p>\n<p>Qui \u00e0 tort et qui a raison ? Et si les officiers d\u2019Alitalia avaient \u00e9t\u00e9 plus compr\u00e9hensifs, ont-ils fait de l\u2019exc\u00e8s de z\u00e8le ? Ce n\u2019est pas le propos.<\/p>\n<p>Ce qui importe \u00e0 mon sens, c\u2019est de lancer un appel aux concitoyens tunisiens en Italie et \u00e0 l\u2019\u00e9tranger en g\u00e9n\u00e9ral pour prendre plus au s\u00e9rieux la bureaucratie.<br \/>L\u2019ann\u00e9e derni\u00e8re, des membres de familles ont failli ne pas accompagner leur p\u00e8re d\u00e9c\u00e8de pour cette raison, parce que leurs passeports \u00e9taient p\u00e9rim\u00e9s. Il est inacceptable de rester sans carte d\u2019identit\u00e9 ou de ne pas avoir ses papiers en r\u00e8gle surtout avec les caisses de pr\u00e9voyance sociale, n\u2019attendez pas la retraite, vous risquez de\u00a0 vous retrouver avec une montagnes de documents\u00a0 \u00e0 exhiber pour retrouver vos droits\u2026Heureusement, sur ce plan, il faut le reconnaitre, il y a un d\u00e9but de collaboration entre la Tunisie et l\u2019Italie au niveau syndical, c\u2019est aussi le cas pour les \u00e9changes bancaires \u00e0 travers les postes.<\/p>\n<p>L\u2019Europe se trompe en voulant fermer herm\u00e9tiquement ses fronti\u00e8res. Le besoin migratoire de l\u2019\u00eatre humain est une seconde nature, les italiens le savent plus que tous les autres. Je ne traiterai pas ici de la faiblesse de nos politiciens en mati\u00e8re de n\u00e9gociations et d\u00e9fense de l\u2019int\u00e9r\u00eat de ses concitoyens, il y aurait de quoi \u00e9crire un livre. Je dis qu\u2019il faut renforcer les services sociaux de nos repr\u00e9sentations \u00e0 l\u2019\u00e9tranger, le profil de nos compatriotes \u00e0 l\u2019\u00e9tranger surtout en Italie l\u2019impose.<\/p>\n<p>J\u2019insiste simplement sur l\u2019importance du respect de la bureaucratie et de la n\u00e9cessit\u00e9 de maintenir d\u2019une \u00e9troite collaboration entre le monde civil et les autorit\u00e9s consulaires tunisiennes qui doivent en attendant des jours meilleurs redoubler d\u2019effort.<\/p>\n<p>A qui la faute ? M.K est n\u00e9 en Italie, il est encore mineur, sera-t-il oblig\u00e9 de rater son ann\u00e9e scolaire ? Aura-t-il un jour le sentiment d\u2019\u00eatre perdu entre La Tunisie le pays de ses parents et l\u2019Italie le pays o\u00f9 il a grandi ? Apr\u00e8s l\u2019intervention de ce d\u00e9put\u00e9 de l\u2019ARP sur les binationaux qui constituent 10% de la population tunisienne est \u00e0 l\u2019\u00e9tranger, je ne peux qu\u2019\u00eatre pessimiste sur l\u2019avenir de nos enfants n\u00e9s \u00e0 l\u2019\u00e9tranger. Si rien n\u2019est fait, ils auront beaucoup de mal \u00e0 se reconnaitre dans notre culture, notre langue, notre pays.<\/p>\n<p class=\"c2\"><strong>M.A Chehida<\/strong><br \/>\u00a0<\/p>\n<p>Auteur:<br \/>\n<a href=\"https:\/\/www.leaders.com.tn\/article\/28858-mohamed-adel-chehida-calvaire-des-tunisiens-a-l-etranger-entre-bureaucratie-et-abandon\">Cliquez ici pour lire l&rsquo;article depuis sa source.<\/a><\/p>\n","protected":false},"excerpt":{"rendered":"<p>Alors que nos politiciens se d\u00e9battent depuis le mois d\u2019octobre pour pouvoir guider le pays et le diriger, alors que certains \u00e9lus se permettent de traiter les binationaux de \u00ab ramassis \u00bb, je m\u2019interroge sur le ressenti d\u2019une m\u00e8re qui aux termes d\u2019un s\u00e9jour au pays a laiss\u00e9 son fils bloqu\u00e9 \u00e0 l\u2019a\u00e9roport de Tunis [&hellip;]<\/p>\n","protected":false},"author":1772,"featured_media":72834,"comment_status":"closed","ping_status":"closed","sticky":false,"template":"","format":"standard","meta":{"fifu_image_url":"","fifu_image_alt":"","footnotes":""},"categories":[73,55],"tags":[],"class_list":["post-72833","post","type-post","status-publish","format-standard","has-post-thumbnail","hentry","category-actualite","category-tunisie"],"_links":{"self":[{"href":"https:\/\/linitiative.ca\/International\/wp-json\/wp\/v2\/posts\/72833","targetHints":{"allow":["GET"]}}],"collection":[{"href":"https:\/\/linitiative.ca\/International\/wp-json\/wp\/v2\/posts"}],"about":[{"href":"https:\/\/linitiative.ca\/International\/wp-json\/wp\/v2\/types\/post"}],"author":[{"embeddable":true,"href":"https:\/\/linitiative.ca\/International\/wp-json\/wp\/v2\/users\/1772"}],"replies":[{"embeddable":true,"href":"https:\/\/linitiative.ca\/International\/wp-json\/wp\/v2\/comments?post=72833"}],"version-history":[{"count":0,"href":"https:\/\/linitiative.ca\/International\/wp-json\/wp\/v2\/posts\/72833\/revisions"}],"wp:featuredmedia":[{"embeddable":true,"href":"https:\/\/linitiative.ca\/International\/wp-json\/"}],"wp:attachment":[{"href":"https:\/\/linitiative.ca\/International\/wp-json\/wp\/v2\/media?parent=72833"}],"wp:term":[{"taxonomy":"category","embeddable":true,"href":"https:\/\/linitiative.ca\/International\/wp-json\/wp\/v2\/categories?post=72833"},{"taxonomy":"post_tag","embeddable":true,"href":"https:\/\/linitiative.ca\/International\/wp-json\/wp\/v2\/tags?post=72833"}],"curies":[{"name":"wp","href":"https:\/\/api.w.org\/{rel}","templated":true}]}}