{"id":72835,"date":"2020-01-12T12:12:00","date_gmt":"2020-01-12T17:12:00","guid":{"rendered":"https:\/\/linitiative.ca\/International\/ces-grands-evenements-a-tunis-et-dans-le-monde-a-ne-pas-rater-cette-semaine\/"},"modified":"2020-01-12T12:12:00","modified_gmt":"2020-01-12T17:12:00","slug":"ces-grands-evenements-a-tunis-et-dans-le-monde-a-ne-pas-rater-cette-semaine","status":"publish","type":"post","link":"https:\/\/linitiative.ca\/International\/ces-grands-evenements-a-tunis-et-dans-le-monde-a-ne-pas-rater-cette-semaine\/","title":{"rendered":"Ces grands \u00e9v\u00e8nements \u00e0 Tunis et dans le monde \u00e0 ne pas rater cette semaine"},"content":{"rendered":"<p>La deuxi\u00e8me semaine de janvier d\u00e9marre en trombe, en Tunisie et dans le monde. Chez-nous, c\u2019est le long processus de consultations que doit enclencher le pr\u00e9sident Kais Saied pour la d\u00e9signation d\u2019un nouveau chef de gouvernement \u00e0 soumettre \u00e0 l\u2019ARP, apr\u00e8s l\u2019avortement du cabinet Habib Jemli. Qui l\u2019emportera\u00a0? Les paris sont ouverts. Mais aussi, l\u2019aggravation de l\u2019escalade en Libye, avec les forces du Mar\u00e9chal Hafter sur les portes de Tripoli. D\u2019o\u00f9 un ballet diplomatique sur la Libye d\u00e8s ce lundi \u00e0 Carthage (Ghassan Salam\u00e9 et Luigi Di Mayo).<\/p>\n<p>Deux autres \u00e9v\u00e8nements majeurs, la c\u00e9l\u00e9bration, ce mardi, du 14 janvier 2011, le grand meeting, jeudi que tiendra l\u2019UGTT. Dans le monde, r\u00e9union des pr\u00e9sidents des pays du G5 Sahel, autour de Macron \u00e0 Pau, signature de l\u2019accord commercial Etats-Unis \u2013 Chine, discours attendus de Vladimir Poutine \u00e0 Mascou et du Roi de Jordanie \u00e0 Strasbourg et conf\u00e9rence de presse de la nouvelle directrice g\u00e9n\u00e9rale du FMI\u00a0: une semaine qui s\u2019annonce riche en rebondissements.<\/p>\n<h2><strong>Lundi 13 janvier<\/strong><\/h2>\n<p>Visite \u00e0 Tunis du<\/p>\n<p class=\"c3\"><span class=\"c2\"><strong>\u2022<\/strong><\/span> ministre italien des Affaires \u00e9trang\u00e8res, Luigi Di Mayo (apr\u00e8s celle jeudi de son homologue fran\u00e7ais Jean-Yves Le Drian), et de<\/p>\n<p class=\"c3\"><span class=\"c2\"><strong>\u2022<\/strong><\/span> Ghassan Salam\u00e9, repr\u00e9sentant sp\u00e9cial du secr\u00e9taire g\u00e9n\u00e9ral de l\u2019ONU et Chef de la Mission d\u2019appui des Nations Unies en Libye\u00a0(MANUL<\/p>\n<p>R\u00e9union \u00e0 Pau (France) des pr\u00e9sidents des cinq pays du G5 Sahel \u00e0 l\u2019invitation du pr\u00e9sident Emmanuel Macron pour un sommet sur la lutte contre le djihadisme<\/p>\n<p>Sommet mondial sur les \u00e9nergies futures \u00e0 Abu Dhabi.<\/p>\n<h2>Mardi 14 janvier<\/h2>\n<p><span class=\"c2\"><strong>\u2022<\/strong><\/span> C\u00e9l\u00e9bration du 14 janvier 2011<\/p>\n<p><span class=\"c2\"><strong>\u2022<\/strong><\/span>La commission europ\u00e9enne pr\u00e9sente sa strat\u00e9gie d\u2019investissement dans le cadre du pacte vert au parlement europ\u00e9en.<\/p>\n<h2>Mercredi 15 janvier 2011<span class=\"c2\"><strong><br \/><\/strong><\/span><\/h2>\n<p><span class=\"c2\"><strong>\u2022<\/strong><\/span> Vladimir Poutine prononce son discours annuel devant le Parlement russe, \u00e0 Moscou.<\/p>\n<p><span class=\"c2\"><strong>\u2022<\/strong><\/span> Le roi de Jordanie, Abdallah II, donne un discours au Parlement europ\u00e9en, \u00e0 Strasbourg.<\/p>\n<p><span class=\"c2\"><strong>\u2022<\/strong><\/span> Signature \u00e0 Washington d\u2019un accord commercial partiel entre la Chine et les \u00c9tats-unis.<\/p>\n<h2>Jeudi 16 janvier<\/h2>\n<p>Meeting de l\u2019UGTT<\/p>\n<h2>Vendredi 17 janvier<\/h2>\n<p>Discours de Kristalina Georgieva, nouvelle directrice g\u00e9n\u00e9rale du FMI, \u00e0 Washington.\u00a0<\/p>\n<p>Bonne semaine.<\/p>\n<p>Auteur:<br \/>\n<a href=\"https:\/\/www.leaders.com.tn\/article\/28861-ces-grands-evenements-a-tunis-et-dans-le-monde-a-ne-pas-rater-cette-semaine\">Cliquez ici pour lire l&rsquo;article depuis sa source.<\/a><\/p>\n","protected":false},"excerpt":{"rendered":"<p>La deuxi\u00e8me semaine de janvier d\u00e9marre en trombe, en Tunisie et dans le monde. Chez-nous, c\u2019est le long processus de consultations que doit enclencher le pr\u00e9sident Kais Saied pour la d\u00e9signation d\u2019un nouveau chef de gouvernement \u00e0 soumettre \u00e0 l\u2019ARP, apr\u00e8s l\u2019avortement du cabinet Habib Jemli. Qui l\u2019emportera\u00a0? Les paris sont ouverts. Mais aussi, l\u2019aggravation [&hellip;]<\/p>\n","protected":false},"author":1772,"featured_media":0,"comment_status":"closed","ping_status":"closed","sticky":false,"template":"","format":"standard","meta":{"fifu_image_url":"","fifu_image_alt":"","footnotes":""},"categories":[73,55],"tags":[],"class_list":["post-72835","post","type-post","status-publish","format-standard","hentry","category-actualite","category-tunisie"],"_links":{"self":[{"href":"https:\/\/linitiative.ca\/International\/wp-json\/wp\/v2\/posts\/72835","targetHints":{"allow":["GET"]}}],"collection":[{"href":"https:\/\/linitiative.ca\/International\/wp-json\/wp\/v2\/posts"}],"about":[{"href":"https:\/\/linitiative.ca\/International\/wp-json\/wp\/v2\/types\/post"}],"author":[{"embeddable":true,"href":"https:\/\/linitiative.ca\/International\/wp-json\/wp\/v2\/users\/1772"}],"replies":[{"embeddable":true,"href":"https:\/\/linitiative.ca\/International\/wp-json\/wp\/v2\/comments?post=72835"}],"version-history":[{"count":0,"href":"https:\/\/linitiative.ca\/International\/wp-json\/wp\/v2\/posts\/72835\/revisions"}],"wp:attachment":[{"href":"https:\/\/linitiative.ca\/International\/wp-json\/wp\/v2\/media?parent=72835"}],"wp:term":[{"taxonomy":"category","embeddable":true,"href":"https:\/\/linitiative.ca\/International\/wp-json\/wp\/v2\/categories?post=72835"},{"taxonomy":"post_tag","embeddable":true,"href":"https:\/\/linitiative.ca\/International\/wp-json\/wp\/v2\/tags?post=72835"}],"curies":[{"name":"wp","href":"https:\/\/api.w.org\/{rel}","templated":true}]}}