{"id":72836,"date":"2020-01-12T12:50:00","date_gmt":"2020-01-12T17:50:00","guid":{"rendered":"https:\/\/linitiative.ca\/International\/habib-jemli-fait-ses-adieux-politiques-je-clos-cette-experience-eprouvante-avec-la-fierte-du-devoir-accompli-et-la-conscience-tranquille\/"},"modified":"2020-01-12T12:50:00","modified_gmt":"2020-01-12T17:50:00","slug":"habib-jemli-fait-ses-adieux-politiques-je-clos-cette-experience-eprouvante-avec-la-fierte-du-devoir-accompli-et-la-conscience-tranquille","status":"publish","type":"post","link":"https:\/\/linitiative.ca\/International\/habib-jemli-fait-ses-adieux-politiques-je-clos-cette-experience-eprouvante-avec-la-fierte-du-devoir-accompli-et-la-conscience-tranquille\/","title":{"rendered":"Habib Jemli fait ses adieux politiques : \u00ab Je clos cette exp\u00e9rience \u00e9prouvante avec la fiert\u00e9 du devoir accompli et la conscience tranquille \u00bb"},"content":{"rendered":"<p>Sans plus attendre, Habib Jemli prend cong\u00e9 de ses \u00e9quipes et fait ses adieux politiques \u00e0 tous, apr\u00e8s avoir tent\u00e9 sans r\u00e9ussir \u00e0 obtenir l\u2019investiture du parlement. S&rsquo;il a r\u00e9serv\u00e9 ses premiers propos au chef de l&rsquo;Etat, rencontr\u00e9 samedi matin, il a rendu publique d\u00e8s dimanche apr\u00e8s-midi sa lettre de d\u00e9part. \u00ab\u00a0Je clos cette exp\u00e9rience \u00e9prouvante, \u00e9crit-il dans un message post\u00e9 sur sa page Facebook, avec la fiert\u00e9 de celui qui a \u0153uvr\u00e9 avec d\u00e9vouement et au loyaut\u00e9 au service de la patrie. Je reprends ma vie priv\u00e9e, la conscience tranquille, et l\u2019\u00e2me sereine, demeurant pleinement confiant en un avenir meilleur pour la Tunisie et son peuple, fond\u00e9 sur la libert\u00e9, l\u2019\u00e9quit\u00e9, le progr\u00e8s et l\u2019essor.\u00a0\u00bb<\/p>\n<p>En pr\u00e9ambule, et apr\u00e8s avoir remerci\u00e9 tous ceux qui lui ont apport\u00e9 son soutien et les jeunes qui ont \u0153uvr\u00e9 \u00e0 ses c\u00f4t\u00e9s, n\u2019a pas manqu\u00e9 de souligner en termes \u00e0 peine voil\u00e9s la mission quasi-impossible qui a \u00e9t\u00e9 la sienne. \u00ab\u00a0J\u2019ai tenu, cependant, \u00e9crit-il, \u00e0 faire aboutir le processus jusqu\u2019\u00e0 la pr\u00e9sentation du gouvernement devant l\u2019ARP, dans un contexte difficile, jusque-l\u00e0 in\u00e9dit, et sans tenir compte de consid\u00e9rations, ni personnelles, ni politiques.\u00a0\u00bb<\/p>\n<p>Tenant une ligne tr\u00e8s r\u00e9serv\u00e9e, Jemli ne va pas \u00e0 la confidence et se refuse \u00e0 distiller des r\u00e9v\u00e9lations, pourtant utiles \u00e0 conna\u00eetre, quant aux diff\u00e9rentes p\u00e9rip\u00e9ties de \u00ab\u00a0cette exp\u00e9rience\u00a0\u00bb. Se r\u00e9sout-il \u00e0 tourner d\u00e9finitivement la page, renoncer \u00e0 jamais \u00e0 la politique et retourner cultiver ses oliviers dans le Kairouannais et \u00e0 Sidi Bouzid\u00a0? C\u2019est ce qu\u2019affirment ses proches, soulignant que \u00ab\u00a0la parenth\u00e8se est ferm\u00e9e.\u00a0\u00bb<br \/>\u00a0<\/p>\n<p>Auteur:<br \/>\n<a href=\"https:\/\/www.leaders.com.tn\/article\/28862-habib-jemli-fait-ses-adieux-politiques-je-clos-cette-experience-eprouvante-avec-la-fierte-du-devoir-accompli-et-la-conscience-tranquille\">Cliquez ici pour lire l&rsquo;article depuis sa source.<\/a><\/p>\n","protected":false},"excerpt":{"rendered":"<p>Sans plus attendre, Habib Jemli prend cong\u00e9 de ses \u00e9quipes et fait ses adieux politiques \u00e0 tous, apr\u00e8s avoir tent\u00e9 sans r\u00e9ussir \u00e0 obtenir l\u2019investiture du parlement. S&rsquo;il a r\u00e9serv\u00e9 ses premiers propos au chef de l&rsquo;Etat, rencontr\u00e9 samedi matin, il a rendu publique d\u00e8s dimanche apr\u00e8s-midi sa lettre de d\u00e9part. \u00ab\u00a0Je clos cette exp\u00e9rience [&hellip;]<\/p>\n","protected":false},"author":1772,"featured_media":0,"comment_status":"closed","ping_status":"closed","sticky":false,"template":"","format":"standard","meta":{"fifu_image_url":"","fifu_image_alt":"","footnotes":""},"categories":[73,55],"tags":[],"class_list":["post-72836","post","type-post","status-publish","format-standard","hentry","category-actualite","category-tunisie"],"_links":{"self":[{"href":"https:\/\/linitiative.ca\/International\/wp-json\/wp\/v2\/posts\/72836","targetHints":{"allow":["GET"]}}],"collection":[{"href":"https:\/\/linitiative.ca\/International\/wp-json\/wp\/v2\/posts"}],"about":[{"href":"https:\/\/linitiative.ca\/International\/wp-json\/wp\/v2\/types\/post"}],"author":[{"embeddable":true,"href":"https:\/\/linitiative.ca\/International\/wp-json\/wp\/v2\/users\/1772"}],"replies":[{"embeddable":true,"href":"https:\/\/linitiative.ca\/International\/wp-json\/wp\/v2\/comments?post=72836"}],"version-history":[{"count":0,"href":"https:\/\/linitiative.ca\/International\/wp-json\/wp\/v2\/posts\/72836\/revisions"}],"wp:attachment":[{"href":"https:\/\/linitiative.ca\/International\/wp-json\/wp\/v2\/media?parent=72836"}],"wp:term":[{"taxonomy":"category","embeddable":true,"href":"https:\/\/linitiative.ca\/International\/wp-json\/wp\/v2\/categories?post=72836"},{"taxonomy":"post_tag","embeddable":true,"href":"https:\/\/linitiative.ca\/International\/wp-json\/wp\/v2\/tags?post=72836"}],"curies":[{"name":"wp","href":"https:\/\/api.w.org\/{rel}","templated":true}]}}