{"id":72843,"date":"2020-01-12T03:07:20","date_gmt":"2020-01-12T08:07:20","guid":{"rendered":"https:\/\/linitiative.ca\/International\/musees-du-maroc-la-metamorphose\/"},"modified":"2020-01-12T03:07:20","modified_gmt":"2020-01-12T08:07:20","slug":"musees-du-maroc-la-metamorphose","status":"publish","type":"post","link":"https:\/\/linitiative.ca\/International\/musees-du-maroc-la-metamorphose\/","title":{"rendered":"Mus\u00e9es du Maroc : la m\u00e9tamorphose"},"content":{"rendered":"<p><strong>Avec l\u2019installation de la F\u00e9d\u00e9ration Nationale des Mus\u00e9es, les espaces mus\u00e9aux du Royaume h\u00e9rit\u00e9s sont en pleine transformation. Les uns r\u00e9habilit\u00e9s, les autres en cours sans oublier la cr\u00e9ation de nouveaux. Des accrochages, de niveau international, sont donn\u00e9s \u00e0 voir dont, cerise sur le g\u00e2teau, la premi\u00e8re biennale internationale de Rabat. Zoom. \u00a0<\/strong><\/p>\n<div class=\"c10\"\/>\n<p>En 2014, le Roi inaugure le <strong>mus\u00e9e Mohammed VI<\/strong> d\u2019art moderne et contemporain. Un espace qui, au cours de ses cinq ann\u00e9es d\u2019anniversaire, est devenu le lieu incontournable de l\u2019effervescence artistique et culturelle de Rabat, sinon du pays. Plus qu\u2019un mus\u00e9e traditionnel, le MMVI, ainsi dans l\u2019esprit de la transformation que connait la pratique mus\u00e9ale \u00e0 travers le monde, est un lieu vivant d\u2019exposition mais aussi d\u2019animation culturelle ouvert \u00e0 la litt\u00e9rature, \u00e0 la musique, au cin\u00e9ma et autres expressions de dame culture.\u00a0<\/p>\n<p><img decoding=\"async\" src=\"https:\/\/www.challenge.ma\/wp-content\/uploads\/2020\/01\/MMVI_19-1024x683.jpg\" alt=\"\" class=\"wp-image-127851\" srcset=\"https:\/\/www.challenge.ma\/wp-content\/uploads\/2020\/01\/MMVI_19-1024x683.jpg 1024w, https:\/\/www.challenge.ma\/wp-content\/uploads\/2020\/01\/MMVI_19-300x200.jpg 300w, https:\/\/www.challenge.ma\/wp-content\/uploads\/2020\/01\/MMVI_19-768x512.jpg 768w, https:\/\/www.challenge.ma\/wp-content\/uploads\/2020\/01\/MMVI_19-360x240.jpg 360w, https:\/\/www.challenge.ma\/wp-content\/uploads\/2020\/01\/MMVI_19-750x500.jpg 750w\" sizes=\"(max-width: 1024px) 100vw, 1024px\"\/>L\u2019exposition <em>\u00abLe Maroc m\u00e9di\u00e9val, un Empire de l\u2019Afrique \u00e0 l\u2019Espagne\u00bb<\/em><\/p>\n<p>Suite \u00e0 la signature de conventions avec des institutions de renomm\u00e9e internationale telles que le Mus\u00e9e du Louvre, le Mus\u00e9e Pouchkine, le Mus\u00e9e Pompidou, le Mus\u00e9e d\u2019Orsay, l\u2019Institut du Monde Arabe, le Mus\u00e9e des Civilisations de l\u2019Europe et de la M\u00e9diterran\u00e9e, la Smithsonian, le Mus\u00e9e National Picasso, la Fondation Giacometti ou encore la Fondation C\u00e9sar, le MMVI a accueilli des expositions d\u2019envergure dignes de celles des grands mus\u00e9es internationaux. Outre l\u2019inaugurale \u00ab1914-2014, Cent ans de cr\u00e9ation\u00bb, consacr\u00e9e \u00e0 la naissance et \u00e0 l\u2019\u00e9panouissement de l\u2019art moderne et contemporain national, le public fut convi\u00e9 \u00e0 l\u2019appr\u00e9ciation de\u00a0: <em>\u00abLe Maroc m\u00e9di\u00e9val, un Empire de l\u2019Afrique \u00e0 l\u2019Espagne\u00bb, \u00abC\u00e9sar, une histoire m\u00e9diterran\u00e9enne\u00bb, \u00abR\u00e9trospective Giacometti\u00bb, \u00ab Face \u00e0 Picasso\u00bb, \u00abAhmed Cherkaoui, entre modernit\u00e9 et enracinement\u00bb, \u00abHassan El Glaoui Le sel de ma terre\u00bb, \u00abDe Goya \u00e0 nos jours, Regards sur la Collection Banco de Espa\u00f1a\u00bb, \u00abLa M\u00e9diterran\u00e9e et l\u2019art moderne- Collection du Centre Pompidou\u00bb \u00abLes couleurs de l\u2019impressionnisme, chefs-d\u2019\u0153uvre des collections du Mus\u00e9e d\u2019Orsay\u00bb<\/em>, ou <em>\u00abVoyage aux sources de l\u2019art, Cha\u00efbia Talal, Fatima Hassan El Farrouj et Radia Bent Lhoucine<\/em>\u00bb. L\u2019ann\u00e9e 2019 est cl\u00f4tur\u00e9e en beaut\u00e9 avec la premi\u00e8re \u00e9dition de la Biennale de Rabat <em>\u00abUn instant avant le monde\u00bb<\/em> et dans son sillage les \u00ab<em>Tr\u00e9sors de l\u2019Islam en Afrique : De Tombouctou \u00e0 Zanzibar\u00bb<\/em>.\u00a0<\/p>\n<p><strong>Un instant avant\u00a0le monde<\/strong><\/p>\n<p>Et le verbe fut\u00a0! Abdelkader Damani, philosophe et curateur, a con\u00e7u la premi\u00e8re <strong>biennale de Rabat<\/strong> \u00e0 partir de l\u2019\u00e9nonc\u00e9 \u00ab<em>un instant avant le monde\u00bb<\/em>. Il \u00e9crit dans \u00ab<em>un instant avant le monde, solitude interrompue d\u2019une biennale<\/em>\u00bb, livre d\u2019art inclassable, \u00ab<em>c\u2019est depuis cette fronti\u00e8re, depuis cette m\u00e9lancolie, qu\u2019un soir \u00e0 Rabat le titre de cette premi\u00e8re \u00e9dition s\u2019est impos\u00e9 \u00e0 moi\u00a0: Un instant avant le monde. L\u2019arriv\u00e9e aux rivages de l\u2019oc\u00e9an ne donne d\u2019autres choix que de rebrousser chemin. Il faut alors prendre la d\u00e9cision de faire un retour ou une remont\u00e9e aux sources.<\/em>\u00bb La biennale s\u2019est cl\u00f4tur\u00e9e officiellement le 18 d\u00e9cembre 2019 par des lectures de textes inspir\u00e9s de son titre, lus par des \u00e9crivaines du Maroc et d\u2019ailleurs. Une publication de leurs r\u00e9cits, entre prose et po\u00e9sie, est programm\u00e9e.<\/p>\n<div class=\"wp-block-embed__wrapper\"><iframe loading=\"lazy\" title=\"Biennale de Rabat : visite guid\u00e9e avec Abdelkader Damani\" width=\"1140\" height=\"855\" src=\"https:\/\/www.youtube.com\/embed\/kf1D5mjvnq4?feature=oembed\" frameborder=\"0\" allow=\"accelerometer; autoplay; encrypted-media; gyroscope; picture-in-picture\" allowfullscreen=\"\">[embedded content]<\/iframe><\/div>\n<p>Au moment o\u00f9 le monde connait l\u2019organisation de centaines de biennales d\u2019art contemporain, \u00e0 quoi sert d\u2019en organiser une nouvelle \u00e0 Rabat si elle n\u2019apporte pas du \u00abnouveau\u00bb\u00a0? S\u2019est pos\u00e9 la question le commissaire g\u00e9n\u00e9ral, avant de trouver l\u2019id\u00e9e de la consacrer aux femmes. Ainsi sont convi\u00e9es des artistes marocaines et internationales, 63 artistes et collectifs d\u2019artistes venues de 27 pays. A Rabat, elles ont apport\u00e9 des \u0153uvres, ont con\u00e7u des installations qui ont illumin\u00e9, outre le mus\u00e9e Mohammed VI d\u2019art moderne et contemporain, divers sites de Rabat-Sal\u00e9. Des \u0153uvres, dont celles con\u00e7ues dans le cadre de la carte blanche de Mohamed Elbaz, font d\u00e9sormais partie des fonds du Mus\u00e9e MVI. Un triptyque sculptural d\u2019Ikram Kabbaj est install\u00e9, pour l\u2019\u00e9ternit\u00e9, \u00e0 l\u2019entr\u00e9e du mus\u00e9e.<\/p>\n<p>En trois mois, plus de 140.000 visiteurs, dont 65% de jeunes, ont sillonn\u00e9 les cimaises, visionn\u00e9 trente films s\u00e9lectionn\u00e9s par Narjis Nejjar et assist\u00e9 aux sept tables-rondes concoct\u00e9es par Sanae Ghouati. A visiter l\u2019accrochage du mus\u00e9e Mohammed VI, on est \u00e9bloui par la richesse des th\u00e9matiques, des supports, des peintures, dessins, maquettes, installations et autres vid\u00e9os. L\u2019ensemble rehauss\u00e9 par une sc\u00e9nographie lumineuse. On passe de salles obscures aux espaces clairs, des fragments du concert m\u00e9morable d\u2019Oum Kaltoum de Rabat en 1968, sorte d\u2019invit\u00e9e d\u2019honneur, \u00e0 la \u00absource myst\u00e9rieuse\u00bb de Khadija Tnana, installation rendant hommage \u00e0 ce qu\u2019elle voit comme instant avant le monde, l\u2019accouchement. Des pi\u00e8ces arch\u00e9ologiques sont dispers\u00e9es au long du parcours. L\u2019homosapiens de Jbel Ighoud vient chambouler le lieu et la datation de notre premier anc\u00eatre. Jusqu\u2019\u00e2 preuve du contraire, il est Marocain. Si le concert d\u2019Oum Kaltoum est donn\u00e9 \u00e0 voir \u00e0 la salle Cha\u00efbia Talal, la salle Jilali Gharbaoui abrite les \u0153uvres d\u2019Etel Adnan dont <em>\u00abl\u2019offrande \u00e0 Pablo Neruda\u00bb<\/em> et les dessins et maquettes de la regrett\u00e9e architecte du th\u00e9\u00e2tre de Rabat, Zaha Hadid. Les tapis d\u2019Amina Agueznay sont suspendus, \u00abla petite fille\u00bb de Ghada Amer d\u2019un \u00e9rotisme d\u00e9capant, les visages et les corps d\u2019Amina Rezki, tortur\u00e9s\u2026 Nadia Benbouta revisite le Caravage et Rubens et rend hommage, via ses Moucharbiehs, \u00e0 Bacchus et Dionysos proposant ainsi \u00ab<em>une relecture de la naissance du monde, entre mixit\u00e9 culturelle, chaos et r\u00eaverie.<\/em>\u00bb Sur tout un mur, la franco-tunisienne Mouna Jamal Siala, installe son \u0153uvre de 44 carr\u00e9s de grillages m\u00e9talliques en deux tons. De l\u2019ensemble, vu en reculant, se d\u00e9gage son \u00abUlysse de la Hafsia\u00bb. Elle reste pour moi l\u2019une des \u0153uvres ma\u00eetresses de cette biennale. L\u2019exposition du mus\u00e9e reste accroch\u00e9e jusqu\u2019au 6 d\u00e9cembre 2020. Vivement les prochains rendez-vous, Fouad Bellamine, Eug\u00e8ne Delacroix et le Maroc, l\u2019art contemporain africain\u00a0!<\/p>\n<p><strong>Mus\u00e9es r\u00e9gionaux et ouverture sur le monde<\/strong><\/p>\n<p>Les autres mus\u00e9es et les autres villes du Royaume ont vu d\u00e9filer une infinit\u00e9 de manifestions de qualit\u00e9, \u00e0 l\u2019instar de <em>\u00abLe Maroc pr\u00e9-romain\u00bb<\/em> Mus\u00e9e de l\u2019Histoire et des civilisations de Rabat, \u00ab<em>Lieux Saints Partag\u00e9s : Au croisement des trois religions monoth\u00e9istes\u00bb, \u00abVoyage de Patty Birch, passion et collection\u00bb<\/em> Et <em>\u00ab\u00c9toffe des sens, r\u00e9sonances, Serge Lutens, Yves Saint Laurent\u00bb<\/em> au mus\u00e9e des confluences, Dar El Bacha de Marrakech, <em>\u00abBijoux citadins et ruraux entre beaut\u00e9 et g\u00e9nie\u00bb<\/em> au Mus\u00e9e de la Kasbah de Tanger. Au niveau international, le patrimoine mill\u00e9naire du Royaume et sa cr\u00e9ation contemporaine sont donn\u00e9s \u00e0 voir \u00e0 travers les quatre coins de la plan\u00e8te. Citons, entre autres, \u00ab Le Maroc contemporain\u00bb \u00e0 l\u2019Institut du Monde Arabe, <em>\u00abMaroc-Russie, une histoire antique partag\u00e9e\u00bb<\/em>, \u00e0 Moscou au Mus\u00e9e Pouchkine, <em>\u00abLes tr\u00e9sors des mus\u00e9es du Maroc\u00bb, \u00abLe Maroc entre hier et aujourd\u2019hui, racines et horizons\u00bb<\/em> \u00e0 Abu Dhabi. Et l\u2019aventure continue de plus belle. Pour 2020, le Maroc sera c\u00e9l\u00e9br\u00e9 en Espagne avec une exposition qui prendra place dans plusieurs mus\u00e9es de la Capitale Madrid : au mus\u00e9e Arch\u00e9ologique National, au mus\u00e9e de la Reina Sofia, au mus\u00e9e des costumes et \u00e0 la Casa Arabe. En Chine avec une grande exposition au <strong>Mus\u00e9e national de P\u00e9kin<\/strong>.<\/p>\n<div class=\"c17\">\n<fieldset class=\"c16\">\n<legend><strong><span class=\"c11\">Challenge<\/span><span class=\"c12\">news<\/span><\/strong><\/legend>\n<div class=\"c15\">Le meilleur de Challenge s\u00e9lectionn\u00e9 par la r\u00e9daction :<\/p>\n<\/div>\n<\/fieldset>\n<\/div>\n<p>Auteur: challenge<br \/>\n<a href=\"https:\/\/www.challenge.ma\/musees-du-maroc-la-metamorphose-127803\/\">Cliquez ici pour lire l&rsquo;article depuis sa source.<\/a><\/p>\n","protected":false},"excerpt":{"rendered":"<p>Avec l\u2019installation de la F\u00e9d\u00e9ration Nationale des Mus\u00e9es, les espaces mus\u00e9aux du Royaume h\u00e9rit\u00e9s sont en pleine transformation. Les uns r\u00e9habilit\u00e9s, les autres en cours sans oublier la cr\u00e9ation de nouveaux. Des accrochages, de niveau international, sont donn\u00e9s \u00e0 voir dont, cerise sur le g\u00e2teau, la premi\u00e8re biennale internationale de Rabat. Zoom. \u00a0 En 2014, [&hellip;]<\/p>\n","protected":false},"author":1787,"featured_media":72844,"comment_status":"closed","ping_status":"closed","sticky":false,"template":"","format":"standard","meta":{"fifu_image_url":"","fifu_image_alt":"","footnotes":""},"categories":[78,54],"tags":[],"class_list":["post-72843","post","type-post","status-publish","format-standard","has-post-thumbnail","hentry","category-economie","category-maroc"],"_links":{"self":[{"href":"https:\/\/linitiative.ca\/International\/wp-json\/wp\/v2\/posts\/72843","targetHints":{"allow":["GET"]}}],"collection":[{"href":"https:\/\/linitiative.ca\/International\/wp-json\/wp\/v2\/posts"}],"about":[{"href":"https:\/\/linitiative.ca\/International\/wp-json\/wp\/v2\/types\/post"}],"author":[{"embeddable":true,"href":"https:\/\/linitiative.ca\/International\/wp-json\/wp\/v2\/users\/1787"}],"replies":[{"embeddable":true,"href":"https:\/\/linitiative.ca\/International\/wp-json\/wp\/v2\/comments?post=72843"}],"version-history":[{"count":0,"href":"https:\/\/linitiative.ca\/International\/wp-json\/wp\/v2\/posts\/72843\/revisions"}],"wp:featuredmedia":[{"embeddable":true,"href":"https:\/\/linitiative.ca\/International\/wp-json\/"}],"wp:attachment":[{"href":"https:\/\/linitiative.ca\/International\/wp-json\/wp\/v2\/media?parent=72843"}],"wp:term":[{"taxonomy":"category","embeddable":true,"href":"https:\/\/linitiative.ca\/International\/wp-json\/wp\/v2\/categories?post=72843"},{"taxonomy":"post_tag","embeddable":true,"href":"https:\/\/linitiative.ca\/International\/wp-json\/wp\/v2\/tags?post=72843"}],"curies":[{"name":"wp","href":"https:\/\/api.w.org\/{rel}","templated":true}]}}