{"id":72845,"date":"2020-01-12T08:51:30","date_gmt":"2020-01-12T13:51:30","guid":{"rendered":"https:\/\/linitiative.ca\/International\/casablanca-9eme-edition-de-logismed-en-avril-prochain\/"},"modified":"2020-01-12T08:51:30","modified_gmt":"2020-01-12T13:51:30","slug":"casablanca-9eme-edition-de-logismed-en-avril-prochain","status":"publish","type":"post","link":"https:\/\/linitiative.ca\/International\/casablanca-9eme-edition-de-logismed-en-avril-prochain\/","title":{"rendered":"Casablanca : 9\u00e8me \u00e9dition de Logismed en avril prochain"},"content":{"rendered":"<p><strong>La neuvi\u00e8me \u00e9dition du Salon international du transport et de la logistique pour l\u2019Afrique et la M\u00e9diterran\u00e9e (Logismed) se tiendra du 7 au 9 avril prochain, \u00e0 Casablanca, sous le th\u00e8me \u00ab\u00a0Digitalisation, une simple \u00e9volution ou une n\u00e9cessaire r\u00e9volution !\u00a0\u00bb<\/strong><\/p>\n<div class=\"c10\"\/>\n<p>Destin\u00e9 aux professionnels en qu\u00eate de technologies, de services et de solutions adapt\u00e9es \u00e0 ses besoins pour gagner en comp\u00e9titivit\u00e9 et garder un avantage concurrentiel, Logismed regroupe tous les m\u00e9tiers du secteur r\u00e9partis en 6 p\u00f4les \u00e0 savoir, \u00ab\u00a0Prestation transport &#038; logistique\u00a0\u00bb, \u00ab\u00a0Manutention &#038; emballage\u00a0\u00bb, \u00ab\u00a0Equipements de transport\u00a0\u00bb, \u00ab\u00a0Immobilier logistique &#038; infrastructures\u00a0\u00bb, \u00ab\u00a0Technologies d\u2019information\u00a0\u00bb et \u00ab\u00a0services\u00a0\u00bb.<\/p>\n<p>Le salon devra conna\u00eetre la participation de pas moins de 150 exposants marocains et \u00e9trangers qui pr\u00e9senteront leurs offres, savoir-faire, solutions et innovations technologiques \u00e0 plus de 5.000 visiteurs professionnels nationaux et internationaux issus de tous les secteurs d\u2019activit\u00e9s, de toutes les tailles d\u2019entreprises et r\u00e9gions du Royaume, ainsi que de diff\u00e9rents continents, souligne-t-on dans une note de pr\u00e9sentation de l\u2019\u00e9v\u00e9nement.<\/p>\n<p>S\u2019agissant de la th\u00e9matique retenu cette ann\u00e9e, elle s\u2019inscrit parfaitement dans la tendance actuelle et se d\u00e9cline en quatre grands axes portant sur \u00ab\u00a0les technologies \u00e9mergentes dans le monde du transport et de la logistique\u00a0\u00bb, \u00ab\u00a0les opportunit\u00e9s cr\u00e9\u00e9es par la digitalisation et leurs impacts sur les business models\u00a0\u00bb, \u00ab\u00a0comment r\u00e9ussir la transformation digitale au Maroc ?: freins et leviers\u00a0\u00bb et \u00ab\u00a0l\u2019impact de la digitalisation sur les m\u00e9tiers de la supply chain\u00a0\u00bb. Au-del\u00e0 de l\u2019espace d\u2019exposition, cette grand-messe de la logistique sera rythm\u00e9 pendant les trois jours par un programme de conf\u00e9rences de haut niveau, de multiples animations et plusieurs nouveaut\u00e9s.<\/p>\n<p>Concept dynamique cherchant \u00e0 apporter plus de lisibilit\u00e9 et d\u2019efficacit\u00e9 aux exposants comme aux visiteurs, Logismed reste attach\u00e9 \u00e0 sa vocation \u00ab\u00a0de f\u00e9d\u00e9rer et faire progresser la communaut\u00e9 logistique, de valoriser le r\u00f4le de la supply chain au sein des entreprises, d\u2019\u00eatre au service de la performance des entreprises et d\u2019un secteur en pleine mutation et de promouvoir l\u2019\u00e9change et la collaboration entre les acteurs pour construire la logistique de demain\u00a0\u00bb, explique-t-on.<\/p>\n<div class=\"c17\">\n<fieldset class=\"c16\">\n<legend><strong><span class=\"c11\">Challenge<\/span><span class=\"c12\">news<\/span><\/strong><\/legend>\n<div class=\"c15\">Le meilleur de Challenge s\u00e9lectionn\u00e9 par la r\u00e9daction :<\/p>\n<\/div>\n<\/fieldset>\n<\/div>\n<p>Auteur: challenge<br \/>\n<a href=\"https:\/\/www.challenge.ma\/casablanca-9eme-edition-de-logismed-en-avril-prochain-127859\/\">Cliquez ici pour lire l&rsquo;article depuis sa source.<\/a><\/p>\n","protected":false},"excerpt":{"rendered":"<p>La neuvi\u00e8me \u00e9dition du Salon international du transport et de la logistique pour l\u2019Afrique et la M\u00e9diterran\u00e9e (Logismed) se tiendra du 7 au 9 avril prochain, \u00e0 Casablanca, sous le th\u00e8me \u00ab\u00a0Digitalisation, une simple \u00e9volution ou une n\u00e9cessaire r\u00e9volution !\u00a0\u00bb Destin\u00e9 aux professionnels en qu\u00eate de technologies, de services et de solutions adapt\u00e9es \u00e0 ses [&hellip;]<\/p>\n","protected":false},"author":1787,"featured_media":0,"comment_status":"closed","ping_status":"closed","sticky":false,"template":"","format":"standard","meta":{"fifu_image_url":"","fifu_image_alt":"","footnotes":""},"categories":[78,54],"tags":[],"class_list":["post-72845","post","type-post","status-publish","format-standard","hentry","category-economie","category-maroc"],"_links":{"self":[{"href":"https:\/\/linitiative.ca\/International\/wp-json\/wp\/v2\/posts\/72845","targetHints":{"allow":["GET"]}}],"collection":[{"href":"https:\/\/linitiative.ca\/International\/wp-json\/wp\/v2\/posts"}],"about":[{"href":"https:\/\/linitiative.ca\/International\/wp-json\/wp\/v2\/types\/post"}],"author":[{"embeddable":true,"href":"https:\/\/linitiative.ca\/International\/wp-json\/wp\/v2\/users\/1787"}],"replies":[{"embeddable":true,"href":"https:\/\/linitiative.ca\/International\/wp-json\/wp\/v2\/comments?post=72845"}],"version-history":[{"count":0,"href":"https:\/\/linitiative.ca\/International\/wp-json\/wp\/v2\/posts\/72845\/revisions"}],"wp:attachment":[{"href":"https:\/\/linitiative.ca\/International\/wp-json\/wp\/v2\/media?parent=72845"}],"wp:term":[{"taxonomy":"category","embeddable":true,"href":"https:\/\/linitiative.ca\/International\/wp-json\/wp\/v2\/categories?post=72845"},{"taxonomy":"post_tag","embeddable":true,"href":"https:\/\/linitiative.ca\/International\/wp-json\/wp\/v2\/tags?post=72845"}],"curies":[{"name":"wp","href":"https:\/\/api.w.org\/{rel}","templated":true}]}}