{"id":72849,"date":"2020-01-12T15:54:18","date_gmt":"2020-01-12T20:54:18","guid":{"rendered":"https:\/\/linitiative.ca\/International\/tunisie-images-encore-un-hasard-de-calendrier-sfax-se-reveille-aux-couleurs-noires-de-hizb-ut-tahrir\/"},"modified":"2020-01-12T15:54:18","modified_gmt":"2020-01-12T20:54:18","slug":"tunisie-images-encore-un-hasard-de-calendrier-sfax-se-reveille-aux-couleurs-noires-de-hizb-ut-tahrir","status":"publish","type":"post","link":"https:\/\/linitiative.ca\/International\/tunisie-images-encore-un-hasard-de-calendrier-sfax-se-reveille-aux-couleurs-noires-de-hizb-ut-tahrir\/","title":{"rendered":"Tunisie \u2013 IMAGES\u00a0: Encore un hasard de calendrier\u00a0: Sfax se r\u00e9veille aux couleurs noires de Hizb-Ut-Tahrir"},"content":{"rendered":"<div class=\"post-cont-in left relative\">\n<p>Les sfaxiens ont \u00e9t\u00e9 sid\u00e9r\u00e9s, ce dimanche, en se r\u00e9veillant sur des sc\u00e8nes qu\u2019ils croyaient d\u00e9pass\u00e9es et oubli\u00e9es.<\/p>\n<div class=\"code-block code-block-1 c3\"><ins class=\"adsbygoogle c2\" data-ad-layout=\"in-article\" data-ad-format=\"fluid\" data-ad-client=\"ca-pub-2102118777505746\" data-ad-slot=\"7301775417\"\/> <\/div>\n<p>En effet, et en plein centre ville, \u00e0 Bab Diwan, ils sont tomb\u00e9s nez \u00e0 nez avec un groupe de partisans de la formation interdite de Hizb-Ut-tahrir, qui ont investi la place et dress\u00e9 leur tente de propagande. Ils arboraient leur slogan habituel appelant au renversement du r\u00e9gime et l\u2019instauration du Califat.<\/p>\n<p>Les sfaxiens ne savaient pas encore, \u00e0 ce moment, qu\u2019ils n\u2019en \u00e9taient qu\u2019au d\u00e9but des surprises de ce dimanche. En effet, apr\u00e8s avoir pos\u00e9 la question, ils ont eu droit \u00e0 leur deuxi\u00e8me surprise de la journ\u00e9e, quand ils se sont vu r\u00e9pondre que ces individus avaient une autorisation en bonne et due forme, d\u00e9livr\u00e9e par les services de la municipalit\u00e9 de la capitale du sud.<\/p>\n<p>Cette sc\u00e8ne cossue ayant g\u00e9n\u00e9r\u00e9 l\u2019indignation et le m\u00e9contentement des citoyens, les forces de police ont du intervenir pour d\u00e9loger ces manifestants d\u2019un genre particulier.<\/p>\n<p>Mais plus que par cette manifestation inattendue, les sfaxiens \u00e9taient, plus, intrigu\u00e9s par la question de savoir\u00a0: \u00ab\u00a0Pourquoi maintenant\u00a0\u00bb\u00a0?<\/p>\n<p><img loading=\"lazy\" decoding=\"async\" class=\"aligncenter size-full wp-image-489181\" src=\"https:\/\/www.tunisienumerique.com\/wp-content\/uploads\/2020\/01\/sfax1.jpg\" alt=\"\" width=\"640\" height=\"361\" srcset=\"https:\/\/www.tunisienumerique.com\/wp-content\/uploads\/2020\/01\/sfax1.jpg 640w, https:\/\/www.tunisienumerique.com\/wp-content\/uploads\/2020\/01\/sfax1-600x338.jpg 600w\" sizes=\"auto, (max-width: 640px) 100vw, 640px\"\/><\/p>\n<p><img loading=\"lazy\" decoding=\"async\" class=\"aligncenter size-full wp-image-489182\" src=\"https:\/\/www.tunisienumerique.com\/wp-content\/uploads\/2020\/01\/sfax2-1.jpg\" alt=\"\" width=\"640\" height=\"361\" srcset=\"https:\/\/www.tunisienumerique.com\/wp-content\/uploads\/2020\/01\/sfax2-1.jpg 640w, https:\/\/www.tunisienumerique.com\/wp-content\/uploads\/2020\/01\/sfax2-1-600x338.jpg 600w\" sizes=\"auto, (max-width: 640px) 100vw, 640px\"\/><\/p>\n<p><img loading=\"lazy\" decoding=\"async\" class=\"aligncenter size-full wp-image-489183\" src=\"https:\/\/www.tunisienumerique.com\/wp-content\/uploads\/2020\/01\/sfax3.jpg\" alt=\"\" width=\"540\" height=\"720\"\/><\/p>\n<div class=\"swp_social_panel swp_horizontal_panel swp_flat_fresh swp_default_full_color swp_individual_full_color swp_other_full_color scale-100 scale-\" data-min-width=\"1100\" data-float-color=\"#ffffff\" data-float=\"bottom\" data-float-mobile=\"bottom\" data-transition=\"slide\">\n<div class=\"nc_tweetContainer swp_share_button total_shares total_sharesalt\"><span class=\"swp_count\">84 <span class=\"swp_label\">Partages<\/span><\/span><\/div>\n<\/div>\n<p><strong>Que se passe-t-il en Tunisie?<\/strong><br \/>Nous expliquons sur notre <a href=\"https:\/\/www.youtube.com\/channel\/UCRzypVq0B_yBad5eGrwBx0Q?sub_confirmation=1\" target=\"_blank\" rel=\"noopener noreferrer\">cha\u00eene YouTube<\/a> . <a href=\"https:\/\/www.youtube.com\/channel\/UCRzypVq0B_yBad5eGrwBx0Q?sub_confirmation=1\" target=\"_blank\" rel=\"noopener noreferrer\">Abonnez-vous!<\/a><\/p>\n<div class=\"mvp-org-wrap mvp-org-logo\" itemprop=\"publisher\" itemscope=\"\" itemtype=\"https:\/\/schema.org\/Organization\"><img decoding=\"async\" src=\"https:\/\/www.tunisienumerique.com\/wp-content\/uploads\/2017\/02\/logo_tunisie_numerique.png\"\/><\/div>\n<div class=\"mvp-related-posts left relative\">\n<h4 class=\"post-header\"><span class=\"post-header\">Lire aussi<\/span><\/h4>\n<\/div>\n<\/div>\n<p>Auteur: Ramsis<br \/>\n<a href=\"https:\/\/www.tunisienumerique.com\/tunisie-images-encore-un-hasard-de-calendrier-sfax-se-reveille-aux-couleurs-noires-de-hizb-ut-tahrir\/\">Cliquez ici pour lire l&rsquo;article depuis sa source.<\/a><\/p>\n","protected":false},"excerpt":{"rendered":"<p>Les sfaxiens ont \u00e9t\u00e9 sid\u00e9r\u00e9s, ce dimanche, en se r\u00e9veillant sur des sc\u00e8nes qu\u2019ils croyaient d\u00e9pass\u00e9es et oubli\u00e9es. En effet, et en plein centre ville, \u00e0 Bab Diwan, ils sont tomb\u00e9s nez \u00e0 nez avec un groupe de partisans de la formation interdite de Hizb-Ut-tahrir, qui ont investi la place et dress\u00e9 leur tente de [&hellip;]<\/p>\n","protected":false},"author":1789,"featured_media":72850,"comment_status":"closed","ping_status":"closed","sticky":false,"template":"","format":"standard","meta":{"fifu_image_url":"","fifu_image_alt":"","footnotes":""},"categories":[73,55],"tags":[],"class_list":["post-72849","post","type-post","status-publish","format-standard","has-post-thumbnail","hentry","category-actualite","category-tunisie"],"_links":{"self":[{"href":"https:\/\/linitiative.ca\/International\/wp-json\/wp\/v2\/posts\/72849","targetHints":{"allow":["GET"]}}],"collection":[{"href":"https:\/\/linitiative.ca\/International\/wp-json\/wp\/v2\/posts"}],"about":[{"href":"https:\/\/linitiative.ca\/International\/wp-json\/wp\/v2\/types\/post"}],"author":[{"embeddable":true,"href":"https:\/\/linitiative.ca\/International\/wp-json\/wp\/v2\/users\/1789"}],"replies":[{"embeddable":true,"href":"https:\/\/linitiative.ca\/International\/wp-json\/wp\/v2\/comments?post=72849"}],"version-history":[{"count":0,"href":"https:\/\/linitiative.ca\/International\/wp-json\/wp\/v2\/posts\/72849\/revisions"}],"wp:featuredmedia":[{"embeddable":true,"href":"https:\/\/linitiative.ca\/International\/wp-json\/"}],"wp:attachment":[{"href":"https:\/\/linitiative.ca\/International\/wp-json\/wp\/v2\/media?parent=72849"}],"wp:term":[{"taxonomy":"category","embeddable":true,"href":"https:\/\/linitiative.ca\/International\/wp-json\/wp\/v2\/categories?post=72849"},{"taxonomy":"post_tag","embeddable":true,"href":"https:\/\/linitiative.ca\/International\/wp-json\/wp\/v2\/tags?post=72849"}],"curies":[{"name":"wp","href":"https:\/\/api.w.org\/{rel}","templated":true}]}}