{"id":72855,"date":"2020-01-12T15:07:50","date_gmt":"2020-01-12T20:07:50","guid":{"rendered":"https:\/\/linitiative.ca\/International\/sommet-de-pau-sur-fond-de-carnage-au-nigerle-grand-tournant\/"},"modified":"2020-01-12T15:07:50","modified_gmt":"2020-01-12T20:07:50","slug":"sommet-de-pau-sur-fond-de-carnage-au-nigerle-grand-tournant","status":"publish","type":"post","link":"https:\/\/linitiative.ca\/International\/sommet-de-pau-sur-fond-de-carnage-au-nigerle-grand-tournant\/","title":{"rendered":"SOMMET DE PAU SUR FOND DE CARNAGE AU NIGER:Le grand tournant ?"},"content":{"rendered":"<div class=\"stream-item stream-item-above-post-content\">\n<p><noscript><\/p>\n<p><a href=\"\/\/www3.smartadserver.com\/ac?jump=1&#038;nwid=2136&#038;siteid=240610&#038;pgname=rg&#038;fmtid=49046&#038;visit=m&#038;tmstp=[timestamp]&#038;out=nonrich\" target=\"_blank\" rel=\"noopener noreferrer\"><img decoding=\"async\" src=\"\/\/www3.smartadserver.com\/ac?out=nonrich&#038;nwid=2136&#038;siteid=240610&#038;pgname=rg&#038;fmtid=49046&#038;visit=m&#038;tmstp=[timestamp]\" border=\"0\" alt=\"\"\/><\/a><\/p>\n<p><\/noscript><\/div>\n<p class=\"c3\">Initialement pr\u00e9vu pour le 16 d\u00e9cembre 2019, c\u2019est finalement aujourd\u2019hui, 13 janvier 2020, qu\u2019aura lieu le sommet de Pau, que le pr\u00e9sident fran\u00e7ais, Emmanuel Macron, appelle de tous ses v\u0153ux. Seront donc pr\u00e9sents, sauf changement de derni\u00e8re minute, tous les chefs d\u2019Etat membres du G5 Sahel \u00e0 savoir Roch Marc Christian Kabor\u00e9 du Burkina Faso, Ibrahim Boubacar K\u00e9ita (IBK) du Mali, Mohamed Ould Ghazouani de la Mauritanie, Mahamadou Issoufou du Niger et Idriss Deby Itno du Tchad. Rappelons que le sommet de Pau fait suite \u00e0 la mort, en fin novembre dernier, de 13 soldats de la force Barkhane, dans la collision de deux h\u00e9licopt\u00e8res au Mali\u00a0; lequel drame est intervenu dans un contexte o\u00f9 se d\u00e9veloppe un sentiment anti-fran\u00e7ais dans certains pays du Sahel. En t\u00e9moignent des manifs organis\u00e9es \u00e0 l\u2019appel\u00a0 d\u2019acteurs de la soci\u00e9t\u00e9 civile ou d\u2019opposants politiques pour exiger le d\u00e9part des troupes fran\u00e7aises du Sahel, accus\u00e9es d\u2019\u00eatre de m\u00e8che avec certains groupes arm\u00e9s qui y s\u00e8ment la mort et la d\u00e9solation.<\/p>\n<p class=\"c3\"><strong>Les dirigeants du G5 Sahel doivent avoir le courage\u00a0 de se dire aussi certaines v\u00e9rit\u00e9s entre eux<\/strong><\/p>\n<p class=\"c3\">Cela dit, la rencontre de Pau sera donc l\u2019occasion pour les dirigeants des pays membres du G5 Sahel, de \u00ab\u00a0<em>se parler franchement\u00a0<\/em>\u00bb. Et malgr\u00e9 l\u2019hostilit\u00e9 affich\u00e9e d\u2019une frange importante de leurs opinions nationales respectives, on imagine difficilement les chefs d\u2019Etat du G5 Sahel prendre le risque de demander le retrait de Barkhane.<\/p>\n<p class=\"c3\">A preuve, pas plus tard que le 9 janvier dernier, 89 soldats ont \u00e9t\u00e9 massacr\u00e9s \u00e0 Chinagoder, au Niger. Peu avant, 71 autres militaires avaient p\u00e9ri dans l\u2019attaque de leur camp \u00e0 Inates, toujours au Niger. C\u2019\u00e9tait le 10 d\u00e9cembre 2019. Et ce n\u2019est pas tout. Au Burkina Faso comme au Mali voisin, les groupes arm\u00e9s terroristes continuent de s\u00e9vir, tant et si bien que nombreux sont les soldats et civils, dans ces deux pays, qui ont \u00e9t\u00e9 douloureusement arrach\u00e9s \u00e0 l\u2019affection de leurs familles. Tous ces drames viennent rappeler la n\u00e9cessit\u00e9, s\u2019il en est, \u00a0pour les pays du Sahel,\u00a0 de renforcer leur coop\u00e9ration militaire avec la France, n\u2019en d\u00e9plaise aux souverainistes et autres anti-imp\u00e9rialistes qui ruent dans les brancards. En tout cas, la rencontre de Pau offre l\u2019occasion aux dirigeants du G5 Sahel, de se dire certaines v\u00e9rit\u00e9s, en l\u2019occurrence sur le statut de Kidal qui, jusque-l\u00e0, n\u2019est toujours pas clarifi\u00e9. Sans doute le sujet sera-t-il \u00e9voqu\u00e9 quand on sait que certains chefs d\u2019Etat comme Mahamadou Issoufou, pour ne pas le nommer, ne cachent pas leur agacement face au statut hybride de Kidal, quand il n\u2019accuse pas la France de jouer \u00e0 un double jeu. Ce qui explique que le Mali reste le ventre mou dans la lutte contre le terrorisme\u00a0; ce qui annihile, du reste, les efforts des pays voisins comme le Burkina Faso et le Niger.<\/p>\n<p class=\"c3\">C\u2019est dire donc qu\u2019en plus de clarifier leur position vis-\u00e0-vis de la France, les dirigeants du G5 Sahel doivent avoir le courage\u00a0 de se dire aussi certaines v\u00e9rit\u00e9s entre eux. Cela aura l\u2019avantage de permettre aux uns et aux autres de se remettre en cause et de rectifier le tir. Cette autocritique s\u2019impose au regard du terrain que gagnent de plus en plus \u00a0les groupes arm\u00e9s qui harc\u00e8lent, chaque jour qui passe, nos Forces de d\u00e9fense et de s\u00e9curit\u00e9 (FDS).<\/p>\n<p class=\"c3\"><strong>La France, \u00e0 l\u2019issue de cette rencontre de \u00ab\u00a0<em>clarification<\/em>\u00a0\u00bb, pourrait s\u2019engager davantage<\/strong><\/p>\n<p class=\"c3\">Il faudra donc, s\u2019il y a lieu, ne rien cacher au pr\u00e9sident IBK dont l\u2019arm\u00e9e, on ne sait pour quelle raison, s\u2019est retir\u00e9e de certaines de ses positions strat\u00e9giques, ouvrant ainsi un boulevard aux terroristes qui s\u2019en servent comme de bases-arri\u00e8res pour perp\u00e9trer des attaques meurtri\u00e8res dans les pays voisins. On peut citer, \u00e0 titre d\u2019exemples, les attaques de Koutougou et Arbinda au Burkina Faso puis d\u2019Inates et Chinagoder au Niger, dont on dit que les auteurs sont venus du pays de IBK que d\u2019aucuns consid\u00e8rent \u00e0 tort ou \u00e0 raison comme une \u00ab\u00a0<em>passoire<\/em>\u00a0\u00bb. En tout cas, tout en reconnaissant qu\u2019ils ne peuvent pas, pour l\u2019instant, se passer de l\u2019aide de la France dans la lutte qu\u2019ils m\u00e8nent contre le terrorisme, les dirigeants des pays membres du G5 Sahel doivent comprendre que plus que jamais, ils sont face \u00e0 leurs responsabilit\u00e9s. Car, non seulement ils savent d\u00e9sormais qu\u2019ils devront compter avec leur opinion nationale de plus en plus critique et qui exige de voir plus clair dans les accords qui lient leurs pays respectifs \u00e0 la France.<\/p>\n<p class=\"c3\">Mais aussi, ils mesurent encore plus \u00e0 quoi ils s\u2019exposent tant qu\u2019ils ne s\u2019assumeront pas pleinement face \u00e0 la crise s\u00e9curitaire actuelle. C\u2019est en cela qu\u2019on esp\u00e8re, que le sommet de Pau marquera un grand tournant dans la lutte contre l\u2019ins\u00e9curit\u00e9 au Sahel devenu depuis peu, la destination privil\u00e9g\u00e9e des djihadistes traqu\u00e9s en Syrie, en Irak et en Afghanistan. Car, la France, \u00e0 l\u2019issue de cette rencontre de \u00ab\u00a0<em>clarification<\/em>\u00a0\u00bb, pourrait s\u2019engager davantage dans la traque des diff\u00e9rents groupes arm\u00e9s qui troublent le sommeil des populations. Il y va aussi de sa survie quand on sait que le Sahel n\u2019est pas aussi loin de la France que la Syrie et l\u2019Irak. Cela dit, s\u2019il y a un pan important qu\u2019il ne faut pas n\u00e9gliger, c\u2019est bien la communication. Car, il faut le dire, ils sont nombreux qui tirent \u00e0 boulets rouges sur la France sans pour autant ma\u00eetriser les contours de la coop\u00e9ration militaire qui lie leurs pays respectifs \u00e0 l\u2019hexagone. Cela est d\u2019autant n\u00e9cessaire que certains, \u00e0 tort ou \u00e0 raison, pensent que la France, \u00e0 elle seule, a \u00a0la solution magique \u00e0 l\u2019ins\u00e9curit\u00e9 dans la bande sah\u00e9lo-saharienne.<\/p>\n<p class=\"c3\"><strong>\u00ab\u00a0<em>Le Pays\u00a0<\/em>\u00bb<\/strong><\/p>\n<p class=\"c3\"><strong>\u00a0<\/strong><\/p>\n<p>Auteur: Le Pays<br \/>\n<a href=\"http:\/\/lepays.bf\/sommet-de-pau-sur-fond-de-carnage-au-nigerle-grand-tournant\/\">Cliquez ici pour lire l&rsquo;article depuis sa source.<\/a><\/p>\n","protected":false},"excerpt":{"rendered":"<p>Initialement pr\u00e9vu pour le 16 d\u00e9cembre 2019, c\u2019est finalement aujourd\u2019hui, 13 janvier 2020, qu\u2019aura lieu le sommet de Pau, que le pr\u00e9sident fran\u00e7ais, Emmanuel Macron, appelle de tous ses v\u0153ux. Seront donc pr\u00e9sents, sauf changement de derni\u00e8re minute, tous les chefs d\u2019Etat membres du G5 Sahel \u00e0 savoir Roch Marc Christian Kabor\u00e9 du Burkina Faso, [&hellip;]<\/p>\n","protected":false},"author":1813,"featured_media":0,"comment_status":"closed","ping_status":"closed","sticky":false,"template":"","format":"standard","meta":{"fifu_image_url":"","fifu_image_alt":"","footnotes":""},"categories":[73,81],"tags":[],"class_list":["post-72855","post","type-post","status-publish","format-standard","hentry","category-actualite","category-burkina-faso"],"_links":{"self":[{"href":"https:\/\/linitiative.ca\/International\/wp-json\/wp\/v2\/posts\/72855","targetHints":{"allow":["GET"]}}],"collection":[{"href":"https:\/\/linitiative.ca\/International\/wp-json\/wp\/v2\/posts"}],"about":[{"href":"https:\/\/linitiative.ca\/International\/wp-json\/wp\/v2\/types\/post"}],"author":[{"embeddable":true,"href":"https:\/\/linitiative.ca\/International\/wp-json\/wp\/v2\/users\/1813"}],"replies":[{"embeddable":true,"href":"https:\/\/linitiative.ca\/International\/wp-json\/wp\/v2\/comments?post=72855"}],"version-history":[{"count":0,"href":"https:\/\/linitiative.ca\/International\/wp-json\/wp\/v2\/posts\/72855\/revisions"}],"wp:attachment":[{"href":"https:\/\/linitiative.ca\/International\/wp-json\/wp\/v2\/media?parent=72855"}],"wp:term":[{"taxonomy":"category","embeddable":true,"href":"https:\/\/linitiative.ca\/International\/wp-json\/wp\/v2\/categories?post=72855"},{"taxonomy":"post_tag","embeddable":true,"href":"https:\/\/linitiative.ca\/International\/wp-json\/wp\/v2\/tags?post=72855"}],"curies":[{"name":"wp","href":"https:\/\/api.w.org\/{rel}","templated":true}]}}