{"id":72858,"date":"2020-01-12T17:29:23","date_gmt":"2020-01-12T22:29:23","guid":{"rendered":"https:\/\/linitiative.ca\/International\/prise-en-charge-des-deplaces-internes-un-burkinabe-vivant-en-chine-offre-92-tentes\/"},"modified":"2020-01-12T17:29:23","modified_gmt":"2020-01-12T22:29:23","slug":"prise-en-charge-des-deplaces-internes-un-burkinabe-vivant-en-chine-offre-92-tentes","status":"publish","type":"post","link":"https:\/\/linitiative.ca\/International\/prise-en-charge-des-deplaces-internes-un-burkinabe-vivant-en-chine-offre-92-tentes\/","title":{"rendered":"Prise en charge des d\u00e9plac\u00e9s internes: un Burkinab\u00e8 vivant en Chine offre 92 tentes"},"content":{"rendered":"<div class=\"td-post-featured-image\"><a href=\"https:\/\/i1.wp.com\/www.sidwaya.info\/wp-content\/uploads\/2020\/01\/deplace013.gif?fit=787%2C525&#038;ssl=1\" data-caption=\"\"><img loading=\"lazy\" decoding=\"async\" width=\"696\" height=\"464\" class=\"entry-thumb td-modal-image\" src=\"https:\/\/i1.wp.com\/www.sidwaya.info\/wp-content\/uploads\/2020\/01\/deplace013.gif?resize=696%2C464&#038;ssl=1\" alt=\"\" title=\"deplace013\"\/><\/a><\/div>\n<p><strong>Un Burkinab\u00e8 r\u00e9sidant en Chine, Emile Compaor\u00e9, a offert 92 tentes au minist\u00e8re de la Femme, de la Solidarit\u00e9 nationale, de la Famille et de l\u2019Action humanitaire, le vendredi 10 janvier 2020 \u00e0 Ouagadougou. D\u2019une valeur de plus de 58 millions F CFA, ces tentes serviront \u00e0 abriter 1 840 d\u00e9plac\u00e9es internes dans le Soum.<\/strong><\/p>\n<p>Apr\u00e8s avoir esquiss\u00e9 quelques pas de danse, la ministre de la Femme, de la Solidarit\u00e9 nationale, de la Famille et de l\u2019Action humanitaire, Laurence Ilboudo, n\u2019a pu retenir ses \u00e9motions, le vendredi 10 janvier 2020 \u00e0 Ouagadougou. \u00ab\u00a0Elles vont toutes au Soum. Parce que des d\u00e9plac\u00e9s internes vivent sans abris dans le froid \u00bb, a-t-elle poursuivi, avant m\u00eame la r\u00e9ception officielle des 92 tentes de 22 m\u00b2 chacune (une capacit\u00e9 de 20 personnes par tente, soient 1840 d\u00e9plac\u00e9es internes) et offertes par Emile Compaor\u00e9, un Burkinab\u00e8 vivant en Chine. \u00ab\u00a0Actuellement, il fait froid, les femmes et les enfants sont dehors. Je n\u2019ai donc pas de voix pour lui dire merci parce que nous \u00e9tions en rupture de stock de tentes. Nous avons mis ce besoin sur la plateforme avec nos partenaires qui travaillent pour amener les abris. Mais, ce don vient \u00e0 point nomm\u00e9 pour satisfaire la demande du Soum o\u00f9 en ce moment, il y a de nombreux d\u00e9plac\u00e9s\u00a0\u00bb, a-t-elle confi\u00e9. La r\u00e9gion du Centre-Nord a aussi besoin de tentes, a reconnu Mme la ministre qui a toutefois pr\u00e9cis\u00e9 qu\u2019avec l\u2019accompagnement des partenaires, les besoins seront satisfaits au fur et \u00e0 mesure. Pour sa part, le ministre de l\u2019Int\u00e9gration africaine et des Burkinab\u00e8 de l\u2019\u00e9tranger, Robert Tiendreb\u00e9ogo, a pr\u00e9cis\u00e9 que ce geste est hautement significatif. \u00ab\u00a0C\u2019est ce dont le pr\u00e9sident du Faso a besoin aujourd\u2019hui, c\u2019est-\u00e0-dire, l\u2019accompagnement de nos compatriotes qui sont \u00e0 l\u2019ext\u00e9rieur\u00a0\u00bb, a-t-il ajout\u00e9. Et de poursuivre que certes, on ne voit que les pr\u00e9occupations que ces derniers soul\u00e8vent, mais dans l\u2019autre sens aussi, des Burkinab\u00e8 de l\u2019\u00e9tranger prennent \u00e0 bras- le- corps leur engagement \u00e0 travailler pour le pays. \u00ab\u00a0Ce que Emile Compaor\u00e9 vient de poser est non seulement salutaire et symbolique, mais surtout exemplaire. Nous appelons donc nos compatriotes \u00e0 l\u2019ext\u00e9rieur pour qu\u2019ils puissent contribuer comme lui au d\u00e9veloppement national pour qu\u2019en retour, nous puissions les accompagner\u00a0\u00bb, a-t-il dit. Quant au donateur, il a estim\u00e9 avoir simplement apport\u00e9 sa contribution aux efforts du gouvernement en mati\u00e8re de prise en charge des d\u00e9plac\u00e9s internes. A entendre, Emile Compaor\u00e9, les 92 tentes d\u2019une valeur de plus de 58 millions F CFA, sont faites \u00e0 base d\u2019oxford et de coton pour mieux r\u00e9sister aux intemp\u00e9ries.<\/p>\n<div class=\"td-a-rec td-a-rec-id-content_inline tdi_30_14f td_block_template_1\"><a href=\"https:\/\/www.sidwaya.info\/wp-content\/uploads\/2019\/12\/Bandeau-sitebonneannee.jpg\"><img loading=\"lazy\" decoding=\"async\" class=\"aligncenter size-full wp-image-17812\" src=\"https:\/\/www.sidwaya.info\/wp-content\/uploads\/2019\/12\/Bandeau-sitebonneannee.jpg\" alt=\"\" width=\"720\" height=\"90\"\/><\/a><\/div>\n<p>Jean-Marie TOE<\/p>\n<div class=\"td-a-rec td-a-rec-id-content_bottom tdi_31_f15 td_block_template_1\"><img loading=\"lazy\" decoding=\"async\" class=\"aligncenter size-full wp-image-9623\" src=\"https:\/\/www.sidwaya.info\/wp-content\/uploads\/2019\/06\/Projet-bannie%CC%80re-Orange-mobile.jpg\" alt=\"\" width=\"728\" height=\"81\"\/><\/div>\n<p>Auteur: BM. Sidwaya<br \/>\n<a href=\"https:\/\/www.sidwaya.info\/blog\/2020\/01\/12\/prise-en-charge-des-deplaces-internes-un-burkinabe-vivant-en-chine-offre-92-tentes\/\">Cliquez ici pour lire l&rsquo;article depuis sa source.<\/a><\/p>\n","protected":false},"excerpt":{"rendered":"<p>Un Burkinab\u00e8 r\u00e9sidant en Chine, Emile Compaor\u00e9, a offert 92 tentes au minist\u00e8re de la Femme, de la Solidarit\u00e9 nationale, de la Famille et de l\u2019Action humanitaire, le vendredi 10 janvier 2020 \u00e0 Ouagadougou. D\u2019une valeur de plus de 58 millions F CFA, ces tentes serviront \u00e0 abriter 1 840 d\u00e9plac\u00e9es internes dans le Soum. [&hellip;]<\/p>\n","protected":false},"author":1816,"featured_media":0,"comment_status":"closed","ping_status":"closed","sticky":false,"template":"","format":"standard","meta":{"fifu_image_url":"","fifu_image_alt":"","footnotes":""},"categories":[73,81],"tags":[],"class_list":["post-72858","post","type-post","status-publish","format-standard","hentry","category-actualite","category-burkina-faso"],"_links":{"self":[{"href":"https:\/\/linitiative.ca\/International\/wp-json\/wp\/v2\/posts\/72858","targetHints":{"allow":["GET"]}}],"collection":[{"href":"https:\/\/linitiative.ca\/International\/wp-json\/wp\/v2\/posts"}],"about":[{"href":"https:\/\/linitiative.ca\/International\/wp-json\/wp\/v2\/types\/post"}],"author":[{"embeddable":true,"href":"https:\/\/linitiative.ca\/International\/wp-json\/wp\/v2\/users\/1816"}],"replies":[{"embeddable":true,"href":"https:\/\/linitiative.ca\/International\/wp-json\/wp\/v2\/comments?post=72858"}],"version-history":[{"count":0,"href":"https:\/\/linitiative.ca\/International\/wp-json\/wp\/v2\/posts\/72858\/revisions"}],"wp:attachment":[{"href":"https:\/\/linitiative.ca\/International\/wp-json\/wp\/v2\/media?parent=72858"}],"wp:term":[{"taxonomy":"category","embeddable":true,"href":"https:\/\/linitiative.ca\/International\/wp-json\/wp\/v2\/categories?post=72858"},{"taxonomy":"post_tag","embeddable":true,"href":"https:\/\/linitiative.ca\/International\/wp-json\/wp\/v2\/tags?post=72858"}],"curies":[{"name":"wp","href":"https:\/\/api.w.org\/{rel}","templated":true}]}}