{"id":72859,"date":"2020-01-12T17:32:22","date_gmt":"2020-01-12T22:32:22","guid":{"rendered":"https:\/\/linitiative.ca\/International\/gouvernance-locale-2634-elus-locaux-formes-grace-au-ficod\/"},"modified":"2020-01-12T17:32:22","modified_gmt":"2020-01-12T22:32:22","slug":"gouvernance-locale-2634-elus-locaux-formes-grace-au-ficod","status":"publish","type":"post","link":"https:\/\/linitiative.ca\/International\/gouvernance-locale-2634-elus-locaux-formes-grace-au-ficod\/","title":{"rendered":"Gouvernance locale: 2634 \u00e9lus locaux form\u00e9s gr\u00e2ce au FICOD"},"content":{"rendered":"<div class=\"td-post-featured-image\"><a href=\"https:\/\/i1.wp.com\/www.sidwaya.info\/wp-content\/uploads\/2020\/01\/eluslocaux.gif?fit=787%2C373&#038;ssl=1\" data-caption=\"\"><img loading=\"lazy\" decoding=\"async\" width=\"696\" height=\"330\" class=\"entry-thumb td-modal-image\" src=\"https:\/\/i1.wp.com\/www.sidwaya.info\/wp-content\/uploads\/2020\/01\/eluslocaux.gif?resize=696%2C330&#038;ssl=1\" alt=\"\" title=\"eluslocaux\"\/><\/a><\/div>\n<p><strong>La caravane de presse du Fonds d\u2019investissement pour les collectivit\u00e9s d\u00e9centralis\u00e9es (FICOD) \u00e0 l\u2019int\u00e9rieur du pays, a permis d\u2019\u00e9valuer les changements op\u00e9r\u00e9s \u00e0 la suite de la formation financ\u00e9e par le fonds et ex\u00e9cut\u00e9e par les administrateurs de l\u2019Ecole nationale d\u2019administration et de magistrature (ENAM).<\/strong><\/p>\n<p>Pour un d\u00e9veloppement local durable, le Fonds d\u2019investissement pour les collectivit\u00e9s d\u00e9centralis\u00e9es (FICOD) a choisi de relever le niveau des \u00e9lus locaux dans l\u2019ensemble des collectivit\u00e9s d\u00e9centralis\u00e9es. Ainsi, au dernier trimestre de l\u2019ann\u00e9e 2018, le fonds a planifi\u00e9 et financ\u00e9 une vaste campagne de formation \u00e0 l\u2019endroit des gouvernements des \u00e9lus locaux au sortir des derni\u00e8res \u00e9lections. A cette occasion, les modules comme l\u2019\u00e9laboration et l\u2019ex\u00e9cution des budgets communaux, le r\u00f4le des acteurs de la d\u00e9centralisation, la ma\u00eetrise d\u2019ouvrage, l\u2019\u00e9laboration des plans et projets de d\u00e9veloppement, la mobilisation des ressources financi\u00e8res, ont \u00e9t\u00e9 d\u00e9cortiqu\u00e9s par des experts de l\u2019Ecole nationale d\u2019administration et de magistrature (ENAM). Une formation qui a permis de renforcer les comp\u00e9tences de tous les maires, leurs adjoints et les quatre pr\u00e9sidents de commissions permanentes. Au total, ce sont 2634 \u00e9lus communaux et r\u00e9gionaux sur l\u2019ensemble du territoire qui ont re\u00e7u le renforcement de capacit\u00e9s. Apr\u00e8s la sortie dans le grand Ouest du pays, la tourn\u00e9e des journalistes a permis de rencontrer les \u00e9lus des communes de Kaya, Korsimoro, Boussouma, Ziniar\u00e9, Loumbila et l\u2019arrondissement N\u00b012 de Ouagadougou. Puis les conseils municipaux et r\u00e9gionaux de Tenkodogo, Boudri, Diapangou, Baskour\u00e9, Koup\u00e8la, Garango, Guiba, Kombissiri et Koubri. L\u2019ensemble des gouvernants locaux ont appr\u00e9ci\u00e9 \u00e0 juste valeur la formation. Pour le Pr\u00e9sident du conseil r\u00e9gional (PCR) de la r\u00e9gion du Centre-Est, Moro K\u00e9r\u00e9, plusieurs acteurs parviennent aux affaires sans une base r\u00e9elle sur leur r\u00f4le.<\/p>\n<div class=\"td-a-rec td-a-rec-id-content_inline tdi_30_48b td_block_template_1\"><a href=\"https:\/\/www.sidwaya.info\/wp-content\/uploads\/2019\/12\/Bandeau-sitebonneannee.jpg\"><img loading=\"lazy\" decoding=\"async\" class=\"aligncenter size-full wp-image-17812\" src=\"https:\/\/www.sidwaya.info\/wp-content\/uploads\/2019\/12\/Bandeau-sitebonneannee.jpg\" alt=\"\" width=\"720\" height=\"90\"\/><\/a><\/div>\n<p>Payer les taxes communales<\/p>\n<p>Et\u00a0: \u00ab\u00a0C\u2019est ce vide que le FICOD a combl\u00e9 gr\u00e2ce \u00e0 la formation assur\u00e9e par les professeurs de l\u2019ENAM. A pr\u00e9sent, il y a une nette am\u00e9lioration dans la gestion des collectivit\u00e9s et du fait des connaissances acquises, nous serons plus efficaces sur le terrain\u00a0\u00bb, a rassur\u00e9 M. K\u00e9r\u00e9. La premi\u00e8re adjointe au maire de Kaya, Binta Sawadogo, a indiqu\u00e9 que ladite formation a permis d\u2019avoir une d\u00e9marche de sensibilisation des populations sur les paies des taxes communales. Le 2e adjoint au maire de Ziniar\u00e9, Mouni Zongo lui, a salu\u00e9 la qualit\u00e9 et la ma\u00eetrise des modules par les formateurs. \u00ab\u00a0Gr\u00e2ce \u00e0 cet enseignement, nous avons pu ma\u00eetriser nos recettes qui ont fait augmenter le budget de 11%, compar\u00e9 \u00e0 2018. Nous avons \u00e9galement mont\u00e9 avec succ\u00e8s, trois grands projets en assainissement et gestion des d\u00e9chets\u00a0\u00bb, a d\u00e9clar\u00e9 M. Zongo. Ces acquis ont \u00e9t\u00e9 \u00e9galement soutenus par les conseils municipaux de Diapangou, Guiba, Kombissiri et Koubri dans lesquels les \u00e9lus se sont r\u00e9jouis des avanc\u00e9es, un an apr\u00e8s la formation. Aux dires du maire de Koup\u00e8la, Harouna Tirogo, sa commune a tir\u00e9 un grand profit, surtout en ce qui concerne la ma\u00eetrise d\u2019ouvrage et l\u2019\u00e9laboration des projets. Il dit attendre un financement FICOD de 71 millions F CFA pour la construction des boutiques marchandes. Pour le directeur de la formation du personnel des collectivit\u00e9s territoriales \u00e0 l\u2019ENAM, Sa\u00efbou D\u00e9sir\u00e9 Ilboudo, au sortir des \u00e9lections, il \u00e9tait n\u00e9cessaire de former les conseils des collectivit\u00e9s territoriales. Selon lui, l\u2019ENAM a des comp\u00e9tences que les formateurs ont pu partager avec les ex\u00e9cutifs locaux en vue d\u2019aider les \u00e9lus \u00e0 mener \u00e0 bien les missions \u00e0 eux assign\u00e9es. M. Ilboudo a rassur\u00e9 que les modules d\u00e9velopp\u00e9s entrent en droite ligne de la bonne gouvernance locale. \u00ab Il fallait cette formation pour \u00e9clairer les \u00e9lus locaux \u00bb, a indiqu\u00e9 M. Ilboudo. Satisfait, les b\u00e9n\u00e9ficiaires ont tous souhait\u00e9 la p\u00e9rennisation du projet de formation et \u00e9largi \u00e0 tous les conseillers, avec un accent particulier sur le foncier.<\/p>\n<p>Wanl\u00e9 G\u00e9rard COULIBALY<\/p>\n<div class=\"td-a-rec td-a-rec-id-content_bottom tdi_31_7fa td_block_template_1\"><img loading=\"lazy\" decoding=\"async\" class=\"aligncenter size-full wp-image-9623\" src=\"https:\/\/www.sidwaya.info\/wp-content\/uploads\/2019\/06\/Projet-bannie%CC%80re-Orange-mobile.jpg\" alt=\"\" width=\"728\" height=\"81\"\/><\/div>\n<p>Auteur: BM. Sidwaya<br \/>\n<a href=\"https:\/\/www.sidwaya.info\/blog\/2020\/01\/12\/gouvernance-locale-2634-elus-locaux-formes-grace-au-ficod\/\">Cliquez ici pour lire l&rsquo;article depuis sa source.<\/a><\/p>\n","protected":false},"excerpt":{"rendered":"<p>La caravane de presse du Fonds d\u2019investissement pour les collectivit\u00e9s d\u00e9centralis\u00e9es (FICOD) \u00e0 l\u2019int\u00e9rieur du pays, a permis d\u2019\u00e9valuer les changements op\u00e9r\u00e9s \u00e0 la suite de la formation financ\u00e9e par le fonds et ex\u00e9cut\u00e9e par les administrateurs de l\u2019Ecole nationale d\u2019administration et de magistrature (ENAM). Pour un d\u00e9veloppement local durable, le Fonds d\u2019investissement pour les [&hellip;]<\/p>\n","protected":false},"author":1816,"featured_media":0,"comment_status":"closed","ping_status":"closed","sticky":false,"template":"","format":"standard","meta":{"fifu_image_url":"","fifu_image_alt":"","footnotes":""},"categories":[73,81],"tags":[],"class_list":["post-72859","post","type-post","status-publish","format-standard","hentry","category-actualite","category-burkina-faso"],"_links":{"self":[{"href":"https:\/\/linitiative.ca\/International\/wp-json\/wp\/v2\/posts\/72859","targetHints":{"allow":["GET"]}}],"collection":[{"href":"https:\/\/linitiative.ca\/International\/wp-json\/wp\/v2\/posts"}],"about":[{"href":"https:\/\/linitiative.ca\/International\/wp-json\/wp\/v2\/types\/post"}],"author":[{"embeddable":true,"href":"https:\/\/linitiative.ca\/International\/wp-json\/wp\/v2\/users\/1816"}],"replies":[{"embeddable":true,"href":"https:\/\/linitiative.ca\/International\/wp-json\/wp\/v2\/comments?post=72859"}],"version-history":[{"count":0,"href":"https:\/\/linitiative.ca\/International\/wp-json\/wp\/v2\/posts\/72859\/revisions"}],"wp:attachment":[{"href":"https:\/\/linitiative.ca\/International\/wp-json\/wp\/v2\/media?parent=72859"}],"wp:term":[{"taxonomy":"category","embeddable":true,"href":"https:\/\/linitiative.ca\/International\/wp-json\/wp\/v2\/categories?post=72859"},{"taxonomy":"post_tag","embeddable":true,"href":"https:\/\/linitiative.ca\/International\/wp-json\/wp\/v2\/tags?post=72859"}],"curies":[{"name":"wp","href":"https:\/\/api.w.org\/{rel}","templated":true}]}}