{"id":72860,"date":"2020-01-12T17:43:53","date_gmt":"2020-01-12T22:43:53","guid":{"rendered":"https:\/\/linitiative.ca\/International\/ministere-en-charge-de-la-communication-relever-les-defis-de-2020\/"},"modified":"2020-01-12T17:43:53","modified_gmt":"2020-01-12T22:43:53","slug":"ministere-en-charge-de-la-communication-relever-les-defis-de-2020","status":"publish","type":"post","link":"https:\/\/linitiative.ca\/International\/ministere-en-charge-de-la-communication-relever-les-defis-de-2020\/","title":{"rendered":"Minist\u00e8re en charge de la communication: Relever les d\u00e9fis de 2020"},"content":{"rendered":"<div class=\"td-post-featured-image\"><a href=\"https:\/\/i1.wp.com\/www.sidwaya.info\/wp-content\/uploads\/2020\/01\/ministercom13.gif?fit=787%2C525&#038;ssl=1\" data-caption=\"\"><img loading=\"lazy\" decoding=\"async\" width=\"696\" height=\"464\" class=\"entry-thumb td-modal-image\" src=\"https:\/\/i1.wp.com\/www.sidwaya.info\/wp-content\/uploads\/2020\/01\/ministercom13.gif?resize=696%2C464&#038;ssl=1\" alt=\"\" title=\"ministercom13\"\/><\/a><\/div>\n<p><strong>Les agents du minist\u00e8re de la Communication et des Relations avec le Parlement, ont pr\u00e9sent\u00e9 leurs v\u0153ux de nouvel an \u00e0 leur ministre, R\u00e9mis Fulgance Dandjinou, le vendredi 10 janvier 2020 \u00e0 Ouagadougou.<\/strong><\/p>\n<p>La sant\u00e9, la paix, la s\u00e9curit\u00e9 et le succ\u00e8s, sont les v\u0153ux formul\u00e9s par le personnel du minist\u00e8re en charge de la communication \u00e0 l\u2019endroit du porte-parole du gouvernement, R\u00e9mis Fulgance Dandjinou et de ses proches. En retour, celui-ci a souhait\u00e9 \u00e0 ses administr\u00e9s, les m\u00eames v\u0153ux ainsi que le bonheur et la prosp\u00e9rit\u00e9. C\u2019\u00e9tait le vendredi le 10 janvier 2020 au cours d\u2019une c\u00e9r\u00e9monie de pr\u00e9sentation de v\u0153ux organis\u00e9e \u00e0 Ouagadougou dans l\u2019enceinte de la radio nationale. L\u2019occasion a \u00e9t\u00e9 saisie pour faire le bilan de 2019 et d\u00e9gager les perspectives pour la nouvelle ann\u00e9e. Parlant au nom de tous les agents, la secr\u00e9taire g\u00e9n\u00e9rale du minist\u00e8re, Hortence Zida a relev\u00e9 que sous le leadership de M. Dandjinou, les efforts quotidiens du personnel ont abouti \u00e0 des r\u00e9sultats importants qui contribuent \u00e0 l\u2019atteinte des r\u00e9sultats du Plan national de d\u00e9veloppement \u00e9conomique et social (PNDES). A titre d\u2019exemples, elle a cit\u00e9 le passage effectif \u00e0 la T\u00e9l\u00e9vision num\u00e9rique terrestre (TNT) par l\u2019extinction d\u00e9finitive du signal analogique, la mise en \u0153uvre de la strat\u00e9gie de communication gouvernementale qui a permis de rendre visible les actions du gouvernement, la r\u00e9alisation du nouveau d\u00e9cor de la T\u00e9l\u00e9vision du Burkina, le lancement de la RTB2 Tenkodogo dans son volet radio, l\u2019am\u00e9lioration des rapports institutionnels entre le gouvernement et le Parlement. L\u2019organisation r\u00e9ussie des 22e et 11e \u00e9dition des prix Galian et des Universit\u00e9s africaines de la communication de Ouagadougou (UACO), la signature de la convention d\u2019achat du terrain \u00e0 usage de si\u00e8ge pour le compte des Editions Sidwaya avec la Soci\u00e9t\u00e9 nationale d\u2019am\u00e9nagement des terrains urbains (SONATUR) sont d\u2019autres avanc\u00e9es not\u00e9es. Ces r\u00e9sultats auraient pu \u00eatre meilleurs, selon elle, nonobstant quelques difficult\u00e9s notamment la d\u00e9faillance du syst\u00e8me de climatisation dans les locaux de l\u2019h\u00f4tel administratif abritant le minist\u00e8re, du syst\u00e8me de s\u00e9curisation, la r\u00e9currente difficult\u00e9 de d\u00e9blocage des ressources financi\u00e8res pour mener dans les d\u00e9lais les activit\u00e9s programm\u00e9es, la non-mise \u00e0 disposition \u00e0 temps de mat\u00e9riels n\u00e9cessaires au fonctionnement des services, etc.<\/p>\n<div class=\"td-a-rec td-a-rec-id-content_inline tdi_30_261 td_block_template_1\"><a href=\"https:\/\/www.sidwaya.info\/wp-content\/uploads\/2019\/12\/Bandeau-sitebonneannee.jpg\"><img loading=\"lazy\" decoding=\"async\" class=\"aligncenter size-full wp-image-17812\" src=\"https:\/\/www.sidwaya.info\/wp-content\/uploads\/2019\/12\/Bandeau-sitebonneannee.jpg\" alt=\"\" width=\"720\" height=\"90\"\/><\/a><\/div>\n<p>Hommage aux retrait\u00e9s<\/p>\n<p>Confiante que des dispositions seront prises pour am\u00e9liorer les conditions de travail, la SG a rassur\u00e9 le ministre de la disponibilit\u00e9 des agents \u00e0 l\u2019accompagner pour relever les d\u00e9fis qui se pr\u00e9sentent au d\u00e9partement pour cette ann\u00e9e. 2020 \u00e0 l\u2019en croire, s\u2019inscrit dans la consolidation des acquis et se donne comme orientation, l\u2019adoption du nouvel organigramme du minist\u00e8re, la poursuite de la construction et de l\u2019\u00e9quipement des si\u00e8ges des Editions Sidwaya, de la RTB et de l\u2019Institut des sciences et techniques de l\u2019information et de la communication (ISTIC). \u00ab\u00a0Il y a aussi l\u2019agenda majeur de notre pays, l\u2019\u00e9lection pr\u00e9sidentielle\u00a0o\u00f9, les Burkinab\u00e8 de l\u2019ext\u00e9rieur voteront pour la premi\u00e8re fois\u00a0\u00bb, a-t-elle soutenu. A ce propos le ministre Dandjinou a soulign\u00e9 que son d\u00e9partement a le devoir d\u2019accompagner et de faciliter les \u00e9l\u00e9ments de mise en \u0153uvre. De plus, il a indiqu\u00e9 que les d\u00e9fis s\u00e9curitaires auxquels, le pays fait face, invitent les agents de son minist\u00e8re \u00e0 plus de travail dans la d\u00e9termination \u00e0 bouter hors des fronti\u00e8res les forces du mal, \u00e0 renforcer les ressorts du vivre-ensemble et \u00e0 contribuer \u00e0 la prise en charge et au retour des nombreux d\u00e9plac\u00e9s internes dans leurs foyers. \u00ab\u00a0Pour ma part, je r\u00e9affirme mon attachement au d\u00e9veloppement du secteur de l\u2019information, de la communication et des relations avec le Parlement ainsi qu\u2019\u00e0 l\u2019\u00e9panouissement holistique des acteurs. Je ne m\u00e9nagerai aucun effort pour la pr\u00e9servation des espaces de libert\u00e9, le renforcement de la libert\u00e9 d\u2019expression et du droit \u00e0 l\u2019information\u00a0\u00bb, a-t-il d\u00e9clar\u00e9. Aussi, il a invit\u00e9 l\u2019ensemble des structures du d\u00e9partement \u00e0 \u0153uvrer chaque jour davantage \u00e0 un travail consciencieux, \u00e0 la promotion des bonnes pratiques pour l\u2019atteinte des objectifs assign\u00e9s. Son appel a \u00e9t\u00e9 entendu par le personnel ainsi qu\u2019une vingtaine d\u2019agents nouvellement admis \u00e0 la retraite \u00e0 qui un vibrant hommage a \u00e9t\u00e9 rendu pour leurs bons et loyaux services \u00e0 la nation. Ces derniers qui ont re\u00e7u des cadeaux et des attestations ont t\u00e9moign\u00e9 de leur volont\u00e9 \u00e0 mettre leur expertise au service du minist\u00e8re.<\/p>\n<p>Eliane SOME<br \/>elianesome4@gmail.com<\/p>\n<div class=\"td-a-rec td-a-rec-id-content_bottom tdi_31_551 td_block_template_1\"><img loading=\"lazy\" decoding=\"async\" class=\"aligncenter size-full wp-image-9623\" src=\"https:\/\/www.sidwaya.info\/wp-content\/uploads\/2019\/06\/Projet-bannie%CC%80re-Orange-mobile.jpg\" alt=\"\" width=\"728\" height=\"81\"\/><\/div>\n<p>Auteur: BM. Sidwaya<br \/>\n<a href=\"https:\/\/www.sidwaya.info\/blog\/2020\/01\/12\/ministere-en-charge-de-la-communication-relever-les-defis-de-2020\/\">Cliquez ici pour lire l&rsquo;article depuis sa source.<\/a><\/p>\n","protected":false},"excerpt":{"rendered":"<p>Les agents du minist\u00e8re de la Communication et des Relations avec le Parlement, ont pr\u00e9sent\u00e9 leurs v\u0153ux de nouvel an \u00e0 leur ministre, R\u00e9mis Fulgance Dandjinou, le vendredi 10 janvier 2020 \u00e0 Ouagadougou. La sant\u00e9, la paix, la s\u00e9curit\u00e9 et le succ\u00e8s, sont les v\u0153ux formul\u00e9s par le personnel du minist\u00e8re en charge de la [&hellip;]<\/p>\n","protected":false},"author":1816,"featured_media":0,"comment_status":"closed","ping_status":"closed","sticky":false,"template":"","format":"standard","meta":{"fifu_image_url":"","fifu_image_alt":"","footnotes":""},"categories":[73,81],"tags":[],"class_list":["post-72860","post","type-post","status-publish","format-standard","hentry","category-actualite","category-burkina-faso"],"_links":{"self":[{"href":"https:\/\/linitiative.ca\/International\/wp-json\/wp\/v2\/posts\/72860","targetHints":{"allow":["GET"]}}],"collection":[{"href":"https:\/\/linitiative.ca\/International\/wp-json\/wp\/v2\/posts"}],"about":[{"href":"https:\/\/linitiative.ca\/International\/wp-json\/wp\/v2\/types\/post"}],"author":[{"embeddable":true,"href":"https:\/\/linitiative.ca\/International\/wp-json\/wp\/v2\/users\/1816"}],"replies":[{"embeddable":true,"href":"https:\/\/linitiative.ca\/International\/wp-json\/wp\/v2\/comments?post=72860"}],"version-history":[{"count":0,"href":"https:\/\/linitiative.ca\/International\/wp-json\/wp\/v2\/posts\/72860\/revisions"}],"wp:attachment":[{"href":"https:\/\/linitiative.ca\/International\/wp-json\/wp\/v2\/media?parent=72860"}],"wp:term":[{"taxonomy":"category","embeddable":true,"href":"https:\/\/linitiative.ca\/International\/wp-json\/wp\/v2\/categories?post=72860"},{"taxonomy":"post_tag","embeddable":true,"href":"https:\/\/linitiative.ca\/International\/wp-json\/wp\/v2\/tags?post=72860"}],"curies":[{"name":"wp","href":"https:\/\/api.w.org\/{rel}","templated":true}]}}