{"id":72862,"date":"2020-01-12T13:50:02","date_gmt":"2020-01-12T18:50:02","guid":{"rendered":"https:\/\/linitiative.ca\/International\/philippines-risque-deruption-dun-volcan-evacuations-et-avions-cloues-au-sol\/"},"modified":"2020-01-12T13:50:02","modified_gmt":"2020-01-12T18:50:02","slug":"philippines-risque-deruption-dun-volcan-evacuations-et-avions-cloues-au-sol","status":"publish","type":"post","link":"https:\/\/linitiative.ca\/International\/philippines-risque-deruption-dun-volcan-evacuations-et-avions-cloues-au-sol\/","title":{"rendered":"Philippines: risque d\u2019\u00e9ruption d\u2019un volcan, \u00e9vacuations et avions clou\u00e9s au sol"},"content":{"rendered":"<div readability=\"32\">\n<p>Publi\u00e9 le 12.01.2020 \u00e0 19h50 par AFP<\/p>\n<\/div>\n<div readability=\"113\">\n<p>Un \u00e9norme nuage de cendres s\u2019\u00e9levait dimanche au-dessus du volcan philippin Taal, proche de Manille, entra\u00eenant des milliers d\u2019\u00e9vacuations et l\u2019annulation des vols sur l\u2019a\u00e9roport de la capitale par crainte d\u2019une \u00e9ruption imminente.<\/p>\n<p>\u00ab\u00a0Une dangereuse \u00e9ruption est possible dans les heures ou les jours qui viennent\u00a0\u00bb, a averti l\u2019agence sismologique nationale, alors que le Taal, l\u2019un des volcans les plus actifs des Philippines, situ\u00e9 \u00e0 65 kilom\u00e8tres au sud de Manille, crachait un imposant nuage de cendres.<\/p>\n<p>Des mouvements de lave ont \u00e9galement \u00e9t\u00e9 enregistr\u00e9s.<\/p>\n<p>Plus de 2.000 habitants vivant sur l\u2019\u00eele o\u00f9 se trouve le Taal, situ\u00e9e au milieu d\u2019un lac de crat\u00e8re dans une zone tr\u00e8s appr\u00e9ci\u00e9e des touristes, ont \u00e9t\u00e9 \u00e9vacu\u00e9s par mesure de s\u00e9curit\u00e9, ont indiqu\u00e9 les autorit\u00e9s locales.<\/p>\n<p>La colonne de cendres \u00e9manant du volcan a atteint dimanche plus de 15 kilom\u00e8tres de haut. Apr\u00e8s une suspension de quelques heures, le gouvernement a ordonn\u00e9 une annulation \u00ab\u00a0jusqu\u2019\u00e0 nouvel ordre\u00a0\u00bb des vols au d\u00e9part et \u00e0 destination de l\u2019a\u00e9roport international Ninoy Aquino de Manille.<\/p>\n<p>Le ministre des Transports Arthur Tugade a ordonn\u00e9 aux responsables des transports a\u00e9riens de \u00ab\u00a0faire tout le n\u00e9cessaire dans l\u2019int\u00e9r\u00eat de la s\u00e9curit\u00e9 publique\u00a0\u00bb, selon un communiqu\u00e9 commun des autorit\u00e9s charg\u00e9es des transports.<\/p>\n<p>Les autorit\u00e9s de l\u2019aviation civile ont indiqu\u00e9 qu\u2019elles proc\u00e8deraient \u00e0 une r\u00e9\u00e9valuation de la situation lundi matin.<\/p>\n<p>\u2013 Secousses et \u00e9clairs \u2013<\/p>\n<p>Les habitants d\u2019une \u00eele voisine pourraient \u00e9galement \u00eatre \u00e9vacu\u00e9s si la situation empire, a pr\u00e9cis\u00e9 Renato Solidum, chef de l\u2019Institut de volcanologie et sismologie des Philippines. \u00ab\u00a0La cendre a d\u00e9j\u00e0 atteint Manille. C\u2019est dangereux si les gens l\u2019inhalent\u00a0\u00bb, a-t-il dit \u00e0 l\u2019AFP.<\/p>\n<p>Dans la capitale, les autorit\u00e9s ont organis\u00e9 de premi\u00e8res distributions de masques \u00e0 des sans-abri pour les prot\u00e9ger des cendres.<\/p>\n<p>\u00ab\u00a0J\u2019ai peur qu\u2019il n\u2019entre en \u00e9ruption\u2026 Je n\u2019ai plus qu\u2019\u00e0 prier\u00a0\u00bb, d\u00e9clare \u00e0 l\u2019AFP Eduardo Carino, qui travaille dans un h\u00f4tel \u00e0 proximit\u00e9 du volcan.<\/p>\n<p>Les sismologues des services gouvernementaux ont d\u00e9tect\u00e9 le magma qui monte en direction du crat\u00e8re tandis que des secousses \u00e9taient ressenties \u00e0 proximit\u00e9 du volcan, dont le sommet \u00e9tait illumin\u00e9 d\u2019\u00e9clairs.<\/p>\n<p>La derni\u00e8re \u00e9ruption du Taal date de 1977, a pr\u00e9cis\u00e9 M. Solidum.<\/p>\n<p>L\u2019archipel des Philippines est situ\u00e9 sur la \u00ab\u00a0ceinture de feu\u00a0\u00bb du Pacifique, o\u00f9 les plaques tectoniques entrent en collision, provoquant s\u00e9ismes et activit\u00e9 volcanique r\u00e9guliers.<\/p>\n<p>En janvier 2018, des dizaines de milliers de personnes avaient d\u00fb \u00eatre \u00e9vacu\u00e9es en raison d\u2019une \u00e9ruption du Mont Mayon, dans la r\u00e9gion centrale de Bicol.<\/p>\n<p>La plus puissante \u00e9ruption au cours des derni\u00e8res d\u00e9cennies \u00e0 \u00e9t\u00e9 celle en 1991 du Mont Pinatubo, \u00e0 une centaine de kilom\u00e8tres au nord-ouest de Manille, qui a fait plus de 800 morts.<\/p>\n<p>Le volcan avait crach\u00e9 un nuage de cendres qui avait parcouru des milliers de kilom\u00e8tres en quelques jours et avait \u00e9t\u00e9 rendu responsable des d\u00e9g\u00e2ts caus\u00e9s \u00e0 une vingtaine d\u2019avions.<\/p>\n<\/div>\n<p>Auteur: AFP<br \/>\n<a href=\"https:\/\/www.journalducameroun.com\/philippines-risque-deruption-dun-volcan-evacuations-et-avions-cloues-au-sol\/\">Cliquez ici pour lire l&rsquo;article depuis sa source.<\/a><\/p>\n","protected":false},"excerpt":{"rendered":"<p>Publi\u00e9 le 12.01.2020 \u00e0 19h50 par AFP Un \u00e9norme nuage de cendres s\u2019\u00e9levait dimanche au-dessus du volcan philippin Taal, proche de Manille, entra\u00eenant des milliers d\u2019\u00e9vacuations et l\u2019annulation des vols sur l\u2019a\u00e9roport de la capitale par crainte d\u2019une \u00e9ruption imminente. \u00ab\u00a0Une dangereuse \u00e9ruption est possible dans les heures ou les jours qui viennent\u00a0\u00bb, a averti [&hellip;]<\/p>\n","protected":false},"author":1965,"featured_media":0,"comment_status":"closed","ping_status":"closed","sticky":false,"template":"","format":"standard","meta":{"fifu_image_url":"","fifu_image_alt":"","footnotes":""},"categories":[73,82],"tags":[],"class_list":["post-72862","post","type-post","status-publish","format-standard","hentry","category-actualite","category-cameroun"],"_links":{"self":[{"href":"https:\/\/linitiative.ca\/International\/wp-json\/wp\/v2\/posts\/72862","targetHints":{"allow":["GET"]}}],"collection":[{"href":"https:\/\/linitiative.ca\/International\/wp-json\/wp\/v2\/posts"}],"about":[{"href":"https:\/\/linitiative.ca\/International\/wp-json\/wp\/v2\/types\/post"}],"author":[{"embeddable":true,"href":"https:\/\/linitiative.ca\/International\/wp-json\/wp\/v2\/users\/1965"}],"replies":[{"embeddable":true,"href":"https:\/\/linitiative.ca\/International\/wp-json\/wp\/v2\/comments?post=72862"}],"version-history":[{"count":0,"href":"https:\/\/linitiative.ca\/International\/wp-json\/wp\/v2\/posts\/72862\/revisions"}],"wp:attachment":[{"href":"https:\/\/linitiative.ca\/International\/wp-json\/wp\/v2\/media?parent=72862"}],"wp:term":[{"taxonomy":"category","embeddable":true,"href":"https:\/\/linitiative.ca\/International\/wp-json\/wp\/v2\/categories?post=72862"},{"taxonomy":"post_tag","embeddable":true,"href":"https:\/\/linitiative.ca\/International\/wp-json\/wp\/v2\/tags?post=72862"}],"curies":[{"name":"wp","href":"https:\/\/api.w.org\/{rel}","templated":true}]}}