{"id":72863,"date":"2020-01-12T15:50:03","date_gmt":"2020-01-12T20:50:03","guid":{"rendered":"https:\/\/linitiative.ca\/International\/le-nouveau-premier-ministre-maltais-promet-etat-de-droit-et-continuite-apres-la-tempete\/"},"modified":"2020-01-12T15:50:03","modified_gmt":"2020-01-12T20:50:03","slug":"le-nouveau-premier-ministre-maltais-promet-etat-de-droit-et-continuite-apres-la-tempete","status":"publish","type":"post","link":"https:\/\/linitiative.ca\/International\/le-nouveau-premier-ministre-maltais-promet-etat-de-droit-et-continuite-apres-la-tempete\/","title":{"rendered":"Le nouveau Premier ministre maltais promet Etat de droit et continuit\u00e9 \u00ab\u00a0apr\u00e8s la temp\u00eate\u00a0\u00bb"},"content":{"rendered":"<div readability=\"32\">\n<p>Publi\u00e9 le 12.01.2020 \u00e0 21h50 par AFP<\/p>\n<\/div>\n<div readability=\"146\">\n<p>Le nouveau Premier ministre de Malte, Robert Abela, a reconnu dimanche \u00ab\u00a0des erreurs\u00a0\u00bb et a promis de \u00ab\u00a0renforcer l\u2019Etat de droit\u00a0\u00bb mais s\u2019est inscrit \u00ab\u00a0dans la continuit\u00e9\u00a0\u00bb de son pr\u00e9d\u00e9cesseur Joseph Muscat, \u00ab\u00a0apr\u00e8s la temp\u00eate\u00a0\u00bb provoqu\u00e9e par l\u2019enqu\u00eate sur le meurtre d\u2019une journaliste d\u2019investigation.<\/p>\n<p>\u00ab\u00a0Je suis d\u00e9termin\u00e9 \u00e0 garder ce qui est bon et \u00e0 changer ce qui est mauvais. Je promets de travailler avec ce parlement pour continuer \u00e0 renforcer l\u2019Etat de droit et la bonne gouvernance\u00a0\u00bb, a d\u00e9clar\u00e9 M. Abela devant des centaines de supporteurs survolt\u00e9s du Parti travailliste dont il est devenu chef dans la nuit.<\/p>\n<p>M. Abela, un avocat de 42 ans, a \u00e9t\u00e9 \u00e9lu chef du \u00ab\u00a0Partit Laburista\u00a0\u00bb avec pr\u00e8s de 58% des voix contre 42% pour Chris Fearne, un chirurgien de 56 ans, vice-Premier ministre sortant, qui faisait pourtant figure de favori.<\/p>\n<p>En devenant chef du parti, il succ\u00e8de au Premier ministre sortant Joseph Muscat qui a d\u00fb se r\u00e9soudre \u00e0 quitter son poste pr\u00e9matur\u00e9ment car il \u00e9tait accus\u00e9 d\u2019interf\u00e9rences dans l\u2019enqu\u00eate sur l\u2019assassinat en 2017 de la journaliste d\u2019investigation Daphne Caruana Galizia.<\/p>\n<p>Sans jamais \u00e9voquer ces accusations, M. Abela a n\u00e9anmoins reconnu des \u00ab\u00a0erreurs\u00a0\u00bb.<\/p>\n<p>Pour le reste, son projet de gouvernement s\u2019inscrira \u00ab\u00a0dans la continuit\u00e9\u00a0\u00bb de celui de M. Muscat. \u00ab\u00a0Le projet de Joseph nous a apport\u00e9 dix victoires \u00e9lectorales cons\u00e9cutives\u00a0\u00bb et les \u00ab\u00a0succ\u00e8s \u00e9conomiques\u00a0\u00bb (avec une croissance de 6,6% en 2018), a-t-il expliqu\u00e9, tout en assurant qu\u2019il veillerait \u00e0 ce que la richesse \u00ab\u00a0ne reste pas bloqu\u00e9e au sommet mais touche tout le monde\u00a0\u00bb.<\/p>\n<p>\u00ab\u00a0Apr\u00e8s la temp\u00eate, le Parti est de retour\u00a0\u00bb, a-t-il lanc\u00e9, appelant tous les Maltais \u00e0 s\u2019unir derri\u00e8re ses rangs.<\/p>\n<p>M. Abela, fils de George Abela qui fut le pr\u00e9sident (travailliste) de Malte de 2009 \u00e0 2014, prendra officiellement la succession lundi de M. Muscat, 45 ans. Ce dernier est accus\u00e9 d\u2019avoir couvert ses proches collaborateurs dont son chef de cabinet Keith Schembri, dans l\u2019enqu\u00eate sur le meurtre de Mme Caruana Galizia. La journaliste, qui tenait un blog tr\u00e8s suivi, a \u00e9t\u00e9 tu\u00e9e le 16 octobre 2017 dans l\u2019explosion de sa voiture pi\u00e9g\u00e9e, un attentat qui avait choqu\u00e9 toute l\u2019Europe.<\/p>\n<p>M. Muscat, au pouvoir depuis 2013, avait \u00e9t\u00e9 triomphalement r\u00e9\u00e9lu quelques mois plus t\u00f4t en juin 2017 malgr\u00e9 des scandales de corruption impliquant l\u2019\u00e9lite politico-\u00e9conomique de l\u2019archipel, d\u00e9couverts par Mme Caruana Galizia.<\/p>\n<p>\u2013 Un \u00ab\u00a0grand nettoyage\u00a0\u00bb? \u2013<\/p>\n<p>Le discours de M. Abela \u00e9tait tr\u00e8s attendu alors qu\u2019il n\u2019a jamais \u00e9voqu\u00e9 pendant sa campagne l\u2019affaire Daphne, sauf pour estimer que le gouvernement n\u2019avait \u00ab\u00a0pas du tout \u00e0 s\u2019excuser\u00a0\u00bb d\u2019\u00e9ventuelles n\u00e9gligences dans la protection dont aurait d\u00fb b\u00e9n\u00e9ficier la blogueuse.<\/p>\n<p>M. Muscat a abr\u00e9g\u00e9 de deux ans et demi son deuxi\u00e8me mandat qui aurait d\u00fb se terminer en septembre 2022, quand l\u2019enqu\u00eate sur l\u2019assassinat de la journaliste a mis en cause \u00e0 partir de novembre 2019 son chef de cabinet Keith Schembri et le ministre du Tourisme (auparavant de l\u2019Energie) Konrad Mizzi.<\/p>\n<p>Les noms des deux hommes \u00e9taient d\u00e9j\u00e0 apparus dans le volet maltais des Panama Papers creus\u00e9 par Daphne Caruana Galizia. Elle avait r\u00e9v\u00e9l\u00e9 qu\u2019ils avaient ouvert des comptes au Panama sur lesquels des fonds occultes auraient \u00e9t\u00e9 vers\u00e9s par une soci\u00e9t\u00e9 bas\u00e9e \u00e0 Duba\u00ef, la 17 Black.<\/p>\n<p>Le propri\u00e9taire de la firme, le magnat de l\u2019hotellerie, des casinos et de l\u2019\u00e9nergie, Jorgen Fenech, a \u00e9t\u00e9 intercept\u00e9 en novembre alors qu\u2019il tentait de fuir Malte sur son yacht. Il a \u00e9t\u00e9 inculp\u00e9 de complicit\u00e9 dans l\u2019assassinat, aux c\u00f4t\u00e9s de trois malfrats consid\u00e9r\u00e9s comme des ex\u00e9cutants.<\/p>\n<p>M. Fenech a d\u00e9sign\u00e9 M. Schembri comme \u00ab\u00a0le vrai commanditaire\u00a0\u00bb du meurtre de la journaliste mais, pour le moment, celui-ci ne fait pas l\u2019objet de poursuites.<\/p>\n<p>Les mouvements civiques maltais Repubblika et Occupy Justice, qui ont organis\u00e9 de grandes manifestations \u00e0 l\u2019automne contre Joseph Muscat, esp\u00e8rent du nouveau Premier ministre \u00ab\u00a0un grand nettoyage\u00a0\u00bb de l\u2019archipel d\u2019un demi-million d\u2019habitants, si\u00e8ge de soci\u00e9t\u00e9s de jeux de hasard et de 70.000 soci\u00e9t\u00e9s offshore.<\/p>\n<p>M. Abela, p\u00e8re d\u2019une fillette de 7 ans et mari\u00e9 \u00e0 une avocate, secr\u00e9taire g\u00e9n\u00e9rale du Labour maltais, est relativement novice en politique puisqu\u2019il n\u2019est devenu d\u00e9put\u00e9 pour la premi\u00e8re fois qu\u2019en 2017.<\/p>\n<p>Il conna\u00eet bien les arcanes du pouvoir pour avoir particip\u00e9 aux conseils des ministres en tant que consultant l\u00e9gal du gouvernement sortant.<\/p>\n<\/div>\n<p>Auteur: AFP<br \/>\n<a href=\"https:\/\/www.journalducameroun.com\/le-nouveau-premier-ministre-maltais-promet-etat-de-droit-et-continuite-apres-la-tempete\/\">Cliquez ici pour lire l&rsquo;article depuis sa source.<\/a><\/p>\n","protected":false},"excerpt":{"rendered":"<p>Publi\u00e9 le 12.01.2020 \u00e0 21h50 par AFP Le nouveau Premier ministre de Malte, Robert Abela, a reconnu dimanche \u00ab\u00a0des erreurs\u00a0\u00bb et a promis de \u00ab\u00a0renforcer l\u2019Etat de droit\u00a0\u00bb mais s\u2019est inscrit \u00ab\u00a0dans la continuit\u00e9\u00a0\u00bb de son pr\u00e9d\u00e9cesseur Joseph Muscat, \u00ab\u00a0apr\u00e8s la temp\u00eate\u00a0\u00bb provoqu\u00e9e par l\u2019enqu\u00eate sur le meurtre d\u2019une journaliste d\u2019investigation. \u00ab\u00a0Je suis d\u00e9termin\u00e9 \u00e0 [&hellip;]<\/p>\n","protected":false},"author":1965,"featured_media":0,"comment_status":"closed","ping_status":"closed","sticky":false,"template":"","format":"standard","meta":{"fifu_image_url":"","fifu_image_alt":"","footnotes":""},"categories":[73,82],"tags":[],"class_list":["post-72863","post","type-post","status-publish","format-standard","hentry","category-actualite","category-cameroun"],"_links":{"self":[{"href":"https:\/\/linitiative.ca\/International\/wp-json\/wp\/v2\/posts\/72863","targetHints":{"allow":["GET"]}}],"collection":[{"href":"https:\/\/linitiative.ca\/International\/wp-json\/wp\/v2\/posts"}],"about":[{"href":"https:\/\/linitiative.ca\/International\/wp-json\/wp\/v2\/types\/post"}],"author":[{"embeddable":true,"href":"https:\/\/linitiative.ca\/International\/wp-json\/wp\/v2\/users\/1965"}],"replies":[{"embeddable":true,"href":"https:\/\/linitiative.ca\/International\/wp-json\/wp\/v2\/comments?post=72863"}],"version-history":[{"count":0,"href":"https:\/\/linitiative.ca\/International\/wp-json\/wp\/v2\/posts\/72863\/revisions"}],"wp:attachment":[{"href":"https:\/\/linitiative.ca\/International\/wp-json\/wp\/v2\/media?parent=72863"}],"wp:term":[{"taxonomy":"category","embeddable":true,"href":"https:\/\/linitiative.ca\/International\/wp-json\/wp\/v2\/categories?post=72863"},{"taxonomy":"post_tag","embeddable":true,"href":"https:\/\/linitiative.ca\/International\/wp-json\/wp\/v2\/tags?post=72863"}],"curies":[{"name":"wp","href":"https:\/\/api.w.org\/{rel}","templated":true}]}}